{"id":261482,"date":"2021-07-16T10:50:32","date_gmt":"2021-07-16T13:50:32","guid":{"rendered":"https:\/\/investnews.com.br\/?p=261482"},"modified":"2021-08-04T09:37:48","modified_gmt":"2021-08-04T12:37:48","slug":"ibovespa-dolar-cotacao-16-07-2021","status":"publish","type":"post","link":"https:\/\/investnews.com.br\/financas\/ibovespa-dolar-cotacao-16-07-2021\/","title":{"rendered":"Ibovespa termina o dia em queda de mais de 2% e d\u00f3lar fecha quase est\u00e1vel"},"content":{"rendered":"\n<p>O <strong>Ibovespa<\/strong>, principal \u00edndice da <strong>B3<\/strong>, passou a cair nesta sexta-feira (16). J\u00e1 o <strong><a class=\"rank-math-link\" href=\"https:\/\/investnews.com.br\/financas\/ibovespa-dolar-cotacao-1907\/\">d\u00f3lar<\/a> <\/strong>fechou quase est\u00e1vel, com a percep\u00e7\u00e3o de um cen\u00e1rio dom\u00e9stico favor\u00e1vel para a moeda brasileira voltando a compensar temores sobre uma poss\u00edvel redu\u00e7\u00e3o de est\u00edmulos nos Estados Unidos. <\/p>\n\n\n\n<p>O <strong>Ibovespa caiu 1,18%, aos 125.960 pontos<\/strong>, mas na semana subiu 0,42%.<strong> <\/strong><a href=\"https:\/\/investnews.com.br\/cotacao\/\" class=\"rank-math-link\">Veja a cota\u00e7\u00e3o do Ibovespa hoje.<\/a><strong> <\/strong>J\u00e1 <strong>o d\u00f3lar fechou em queda de 0,01%, a R$ 5,1154<\/strong>. Na semana, a moeda caiu 2,27%.<\/p>\n\n\n\n<p>Marcos Weigt, head de tesouraria do Travelex Bank, explicou \u00e0 Reuters que &#8220;os fundamentos brasileiros continuam bons para a moeda brasileira: temos termos de troca positivos, o que gera fluxos de entrada no mercado local&#8221;.<\/p>\n\n\n\n<p>V\u00e1rios investidores t\u00eam apontado para a alta recente nos pre\u00e7os das <a href=\"https:\/\/investnews.com.br\/guias\/commodities-o-que-sao\/\">commodities<\/a>, bem como sinais de <a href=\"https:\/\/investnews.com.br\/economia\/selic-passa-por-7o-ciclo-de-alta-desde-a-criacao-das-metas-de-inflacao-relembre\/\" class=\"rank-math-link\">retomada da economia<\/a> dom\u00e9stica e a perspectiva de uma <a href=\"https:\/\/investnews.com.br\/economia\/selic-passa-por-7o-ciclo-de-alta-desde-a-criacao-das-metas-de-inflacao-relembre\/\" class=\"rank-math-link\">taxa Selic<\/a> mais alta, como fator de impulso para o real frente ao d\u00f3lar.<\/p>\n\n\n\n<p>Recentemente, <a href=\"https:\/\/investnews.com.br\/boletim-investnews\/taxacao-de-dividendos-fica-fiis-seguem-isentos-mudancas-na-reforma-tributaria\/\" class=\"rank-math-link\">ajustes nas novas propostas de tributa\u00e7\u00e3o do governo<\/a> tamb\u00e9m t\u00eam beneficiado os ativos dom\u00e9sticos, segundo analistas.<\/p>\n\n\n\n<p>Enquanto isso, disse Weigt, os investidores tamb\u00e9m estavam atentos \u00e0 aproxima\u00e7\u00e3o do recesso do Congresso Nacional, que come\u00e7ar\u00e1 oficialmente no dia 18 de julho, ap\u00f3s a aprova\u00e7\u00e3o do projeto da Lei de Diretrizes Or\u00e7ament\u00e1rias (<a href=\"https:\/\/investnews.com.br\/economia\/ldo-congresso-aprova-lei-de-diretrizes-orcamentarias-para-2022\/\" class=\"rank-math-link\">LDO<\/a>) para 2022.<\/p>\n\n\n\n<p>&#8220;A gente pode ter per\u00edodo mais calmo na pol\u00edtica com o recesso parlamentar&#8221;, disse ele.<\/p>\n\n\n\n<h2 class=\"wp-block-heading\">Cen\u00e1rio externo<\/h2>\n\n\n\n<p>&#8220;L\u00e1 fora, foi precificada a fala do Jerome Powell reconhecendo que a infla\u00e7\u00e3o est\u00e1 bem acima do que eles estavam imaginando, marginalmente acima da m\u00e9dia, e isso vem azedando um pouco os mercados&#8221;, comentou Thomas Gilberti, s\u00f3cio da Golden Investimentos, ao <em>InvestNews<\/em>. <\/p>\n\n\n\n<p>Em Wall Street, os \u00edndices avan\u00e7am em meio a crescimento surpreendente nas vendas no varejo dos Estados Unidos no m\u00eas passado, o que beneficiava a\u00e7\u00f5es atreladas ao comportamento da atividade econ\u00f4mica.<\/p>\n\n\n\n<p>Na vis\u00e3o do estrategista-chefe do banco digital Modalmais, Felipe Sichel, o dado refor\u00e7a a tese de <a href=\"https:\/\/investnews.com.br\/guias\/volatilidade-o-que-e\/\">volatilidade<\/a> nos indicadores econ\u00f4micos na medida em que a reabertura da economia se solidifica.<\/p>\n\n\n\n<p>Ele n\u00e3o descarta que a reintrodu\u00e7\u00e3o de algumas normas sanit\u00e1rias por conta da <strong>variante delta<\/strong> do coronav\u00edrus possa ter impacto nas pr\u00f3ximas leituras.<\/p>\n\n\n\n<p>O mercado tamb\u00e9m segue de olho no rumo dos <a href=\"https:\/\/investnews.com.br\/analistas-em-acao\/juros-nos-eua-4-passos-para-proteger-seus-investimentos\/\" class=\"rank-math-link\">juros dos Estados Unidos<\/a>. Embora o chefe do Federal Reserve, Jerome Powell, tenha prometido &#8220;apoio poderoso&#8221; para ajudar na recupera\u00e7\u00e3o econ\u00f4mica dos EUA repetidas vezes, definindo as press\u00f5es inflacion\u00e1rias como transit\u00f3rias, dados recentes apontam para pre\u00e7os cada vez mais altos na maior economia do mundo.<\/p>\n\n\n\n<p>Caso o banco central norte-americano decida adotar uma postura mais dura para conter a infla\u00e7\u00e3o, reduzindo seu est\u00edmulo e elevando os juros mais cedo do que o esperado, os mercados financeiros de pa\u00edses emergentes podem sofrer com o redirecionamento de recursos para os Estados Unidos.<\/p>\n\n\n\n<h2 class=\"wp-block-heading\">Destaques da bolsa<\/h2>\n\n\n\n<figure class=\"wp-block-embed-youtube wp-block-embed is-type-video is-provider-youtube wp-embed-aspect-16-9 wp-has-aspect-ratio\"><div class=\"wp-block-embed__wrapper\">\n<iframe loading=\"lazy\" title=\"BIDI11 e MGLU3 em alta e outros destaques da bolsa de valores\" width=\"500\" height=\"281\" src=\"https:\/\/www.youtube.com\/embed\/-45z3djluXI?feature=oembed\" frameborder=\"0\" allow=\"accelerometer; autoplay; clipboard-write; encrypted-media; gyroscope; picture-in-picture; web-share\" referrerpolicy=\"strict-origin-when-cross-origin\" allowfullscreen><\/iframe>\n<\/div><\/figure>\n\n\n\n<p>A&nbsp;<strong>B2W<\/strong>&nbsp;(<a rel=\"noreferrer noopener\" href=\"https:\/\/investnews.com.br\/cotacao\/btow3-b2w-digital\/\" target=\"_blank\">BTOW3<\/a>) terminou a sexta-feira liderando as altas do&nbsp;<strong>Ibovespa<\/strong>. Os pap\u00e9is da varejista encerraram em alta de 4,15%, negociados a R$ 68. J\u00e1 a maior baixa do&nbsp;<strong>Ibovespa<\/strong>&nbsp;foi a&nbsp;<strong>Embraer (<a rel=\"noreferrer noopener\" href=\"https:\/\/investnews.com.br\/cotacao\/embr3-embraer\/\" target=\"_blank\">EMBR3<\/a>)<\/strong>, com queda de&nbsp;<strong>4%,<\/strong>&nbsp;a R$ 17,54, pr\u00f3ximo da m\u00ednima de&nbsp;<strong>R$ 17,44<\/strong>. Na m\u00e1xima, chegou a valer R$&nbsp;<strong>18,46<\/strong>. <em>Veja os <a href=\"https:\/\/investnews.com.br\/financas\/b2w-avanca-mais-de-4-na-b3-tenda-sobe-2-com-avanco-nas-vendas\/\" class=\"rank-math-link\">destaques da bolsa de valores<\/a>.<\/em><\/p>\n\n\n\n<h2 class=\"wp-block-heading\">Bolsas mundiais<\/h2>\n\n\n\n<h3 class=\"wp-block-heading\">Wall Street<\/h3>\n\n\n\n<figure class=\"wp-block-image size-large\"><img decoding=\"async\" src=\"https:\/\/media.investnews.com.br\/uploads\/2021\/07\/2021-07-07T213436Z_2_LYNXNPEH661A7_RTROPTP_4_USA-STOCKS-1024x683.jpg\" alt=\"\" class=\"wp-image-259378\"\/><figcaption>Operador na bolsa de valores de Nova York, EUA \n30\/06\/2021\nREUTERS\/Brendan McDermid<\/figcaption><\/figure>\n\n\n\n<p>Os \u00edndices de Wall Street recuaram nesta sexta-feira, pressionados por quedas nas a\u00e7\u00f5es de Amazon, <a href=\"https:\/\/investnews.com.br\/negocios\/historia-da-apple\/\">Apple<\/a> e outros pesos-pesados da tecnologia, enquanto investidores demonstraram preocupa\u00e7\u00e3o com o aumento no n\u00famero de casos de coronav\u00edrus, relacionado \u00e0 altamente contagiosa <strong>variante delta<\/strong>. <\/p>\n\n\n\n<ul class=\"wp-block-list\"><li><strong>Dow Jones<\/strong> fechou em queda de 0,86%, a 34.687,85 pontos<\/li><li><strong>S&amp;P 500<\/strong> caiu 0,75%, a 4.327,16 pontos<\/li><li><strong>Nasdaq<\/strong> recuou 0,8%, a 14.427,24 pontos<\/li><\/ul>\n\n\n\n<p>Na semana, o S&amp;P 500 perdeu cerca de 1%, o Dow cedeu 0,5% e o Nasdaq acumulou queda de 1,9%, em seus primeiros decl\u00ednios semanais em quatro semanas.<\/p>\n\n\n\n<h3 class=\"wp-block-heading\">Europa<\/h3>\n\n\n\n<p>As a\u00e7\u00f5es europeias recuaram nesta sexta, com a queda nas exporta\u00e7\u00f5es de min\u00e9rio de ferro da Rio Tinto prejudicando as principais mineradoras, enquanto os fortes ganhos de marcas de luxo foram ofuscados por preocupa\u00e7\u00f5es sobre sua sustentabilidade em meio ao aumento de casos de covid-19. <\/p>\n\n\n\n<ul class=\"wp-block-list\"><li>Em LONDRES, o \u00edndice Financial Times recuou 0,06%, a 7.008 pontos.<\/li><li>Em FRANKFURT, o \u00edndice DAX caiu 0,57%, a 15.540 pontos.<\/li><li>Em PARIS, o \u00edndice CAC-40 perdeu 0,51%, a 6.460 pontos.<\/li><li>Em MIL\u00c3O, o \u00edndice Ftse\/Mib teve desvaloriza\u00e7\u00e3o de 0,33%, a 24.792 pontos.<\/li><li>Em MADRI, o \u00edndice Ibex-35 registrou baixa de 0,24%, a 8.506 pontos.<\/li><li>Em LISBOA, o \u00edndice PSI20 desvalorizou-se 1,58%, a 5.030 pontos.<\/li><\/ul>\n\n\n\n<h3 class=\"wp-block-heading\">\u00c1sia e Pac\u00edfico<\/h3>\n\n\n\n<p> As <strong>a\u00e7\u00f5es da China <\/strong>registraram ganhos semanais, com os investidores animados com a decis\u00e3o inesperada do banco central de cortar a taxa de compuls\u00f3rio dos bancos para ajudar a sustentar a recupera\u00e7\u00e3o econ\u00f4mica p\u00f3s-Covid do pa\u00eds. <\/p>\n\n\n\n<ul class=\"wp-block-list\"><li>Em T\u00d3QUIO, o \u00edndice Nikkei recuou 0,98%, a 28.003 pontos.<\/li><li>Em HONG KONG, o \u00edndice HANG SENG subiu 0,03%, a 28.004 pontos.<\/li><li>Em XANGAI, o \u00edndice SSEC perdeu 0,71%, a 3.539 pontos.<\/li><li>O \u00edndice CSI300, que re\u00fane as maiores companhias listadas em XANGAI e SHENZHEN, retrocedeu 1,10%, a 5.094 pontos.<\/li><li>Em SEUL, o \u00edndice KOSPI teve desvaloriza\u00e7\u00e3o de 0,28%, a 3.276 pontos.<\/li><li> Em TAIWAN, o \u00edndice TAIEX registrou baixa de 0,77%, a 17.895 pontos.<\/li><li>Em CINGAPURA, o \u00edndice STRAITS TIMES valorizou-se 0,39%, a 3.152 pontos.<\/li><li>Em SYDNEY o \u00edndice S&amp;P\/ASX 200 avan\u00e7ou 0,17%, a 7.348 pontos.<\/li><\/ul>\n\n\n\n<p><em>(*Com informa\u00e7\u00f5es de Reuters)<\/em><\/p>\n\n\n\n<h4 class=\"wp-block-heading\">Veja tamb\u00e9m<\/h4>\n\n\n\n<ul class=\"wp-block-list\"><li><a rel=\"noreferrer noopener\" href=\"https:\/\/investnews.com.br\/economia\/monitor-do-pib-economia-cresce-97-no-tri-encerrado-em-maio\/\" target=\"_blank\">Monitor do PIB<\/a>: economia cresce 9,7% no tri encerrado em maio<\/li><li>\u00c9 a era da tokeniza\u00e7\u00e3o dos times de futebol?\u00a0<a rel=\"noreferrer noopener\" target=\"_blank\" href=\"https:\/\/investnews.com.br\/cafeina\/e-a-era-da-tokenizacao-dos-times-de-futebol-cbf-cria-nft-e-criptomoeda-propria\/\" class=\"rank-math-link\">CBF cria NFT e criptomoeda pr\u00f3pria<\/a><\/li><li><a rel=\"noreferrer noopener\" target=\"_blank\" href=\"https:\/\/investnews.com.br\/negocios\/5-dicas-para-vender-bem-pela-internet\/\">Dia do comerciante<\/a>: 5 dicas para vender bem pela internet<\/li><li><a rel=\"noreferrer noopener\" href=\"https:\/\/agenciabrasil.ebc.com.br\/politica\/noticia\/2021-07\/bolsonaro-tem-melhora-no-quadro-clinico-mas-segue-sem-previsao-de-alta\" target=\"_blank\">Monte Rodovias far\u00e1 IPO<\/a>\u00a0para investir em expans\u00e3o org\u00e2nica e aquisi\u00e7\u00f5es<\/li><li>Homens s\u00e3o 91% das v\u00edtimas de\u00a0<a rel=\"noreferrer noopener\" target=\"_blank\" href=\"https:\/\/investnews.com.br\/financas\/golpes-financeiros-perfil-vitimas\/\">golpes financeiros<\/a>, diz pesquisa<\/li><li><a href=\"https:\/\/investnews.com.br\/cafeina\/commodities-e-uma-intrusa-lideram-altas-do-ibovespa-em-julho\/\">Ibovespa em Julho<\/a>: Confira as maiores altas e baixas<\/li><li>CEO da\u00a0<a rel=\"noreferrer noopener\" target=\"_blank\" href=\"https:\/\/investnews.com.br\/negocios\/totvs-proximos-passos-dimensa-nova-empresa-com-a-b3\/\">Totvs<\/a>\u00a0revela pr\u00f3ximos passos da Dimensa, nova empresa criada com a B3<\/li><li><a rel=\"noreferrer noopener\" target=\"_blank\" href=\"https:\/\/investnews.com.br\/boletim-investnews\/queda-de-cvc-aereas-e-varejistas-pandemia-pedindo-cautela\/\">Queda de CVC<\/a>, a\u00e9reas e varejistas: pandemia pedindo cautela?<\/li><\/ul>\n","protected":false},"excerpt":{"rendered":"<p>Na semana, no entanto, Ibovespa teve alta de 0,42% e d\u00f3lar caiu mais de 2%.<\/p>\n","protected":false},"author":7,"featured_media":531,"comment_status":"closed","ping_status":"open","sticky":false,"template":"","format":"standard","meta":{"_acf_changed":false,"inline_featured_image":false,"footnotes":""},"categories":[4],"tags":[26],"autor-wsj":[],"coauthors":[1494],"class_list":["post-261482","post","type-post","status-publish","format-standard","has-post-thumbnail","hentry","category-financas","tag-dolar"],"acf":[],"amp_enabled":true,"_links":{"self":[{"href":"https:\/\/investnews.com.br\/inv-api\/wp\/v2\/posts\/261482","targetHints":{"allow":["GET"]}}],"collection":[{"href":"https:\/\/investnews.com.br\/inv-api\/wp\/v2\/posts"}],"about":[{"href":"https:\/\/investnews.com.br\/inv-api\/wp\/v2\/types\/post"}],"author":[{"embeddable":true,"href":"https:\/\/investnews.com.br\/inv-api\/wp\/v2\/users\/7"}],"replies":[{"embeddable":true,"href":"https:\/\/investnews.com.br\/inv-api\/wp\/v2\/comments?post=261482"}],"version-history":[{"count":20,"href":"https:\/\/investnews.com.br\/inv-api\/wp\/v2\/posts\/261482\/revisions"}],"predecessor-version":[{"id":266671,"href":"https:\/\/investnews.com.br\/inv-api\/wp\/v2\/posts\/261482\/revisions\/266671"}],"wp:featuredmedia":[{"embeddable":true,"href":"https:\/\/investnews.com.br\/inv-api\/wp\/v2\/media\/531"}],"wp:attachment":[{"href":"https:\/\/investnews.com.br\/inv-api\/wp\/v2\/media?parent=261482"}],"wp:term":[{"taxonomy":"category","embeddable":true,"href":"https:\/\/investnews.com.br\/inv-api\/wp\/v2\/categories?post=261482"},{"taxonomy":"post_tag","embeddable":true,"href":"https:\/\/investnews.com.br\/inv-api\/wp\/v2\/tags?post=261482"},{"taxonomy":"autor-wsj","embeddable":true,"href":"https:\/\/investnews.com.br\/inv-api\/wp\/v2\/autor-wsj?post=261482"},{"taxonomy":"author","embeddable":true,"href":"https:\/\/investnews.com.br\/inv-api\/wp\/v2\/coauthors?post=261482"}],"curies":[{"name":"wp","href":"https:\/\/api.w.org\/{rel}","templated":true}]}}