{"id":262094,"date":"2021-07-19T16:58:30","date_gmt":"2021-07-19T19:58:30","guid":{"rendered":"https:\/\/investnews.com.br\/?p=262094"},"modified":"2021-07-19T17:13:46","modified_gmt":"2021-07-19T20:13:46","slug":"projeto-estende-prazo-para-isencao-de-ir-na-venda-de-imovel-em-2021","status":"publish","type":"post","link":"https:\/\/investnews.com.br\/economia\/projeto-estende-prazo-para-isencao-de-ir-na-venda-de-imovel-em-2021\/","title":{"rendered":"Projeto estende prazo para isen\u00e7\u00e3o de IR na venda de im\u00f3vel em 2021"},"content":{"rendered":"\n<p>O Projeto de Lei 3884\/20, do Senado, transfere para 31 de dezembro o in\u00edcio da contagem do prazo para <strong>isen\u00e7\u00e3o de <a href=\"https:\/\/investnews.com.br\/guias\/imposto-de-renda-o-que-e\/\">Imposto de Renda<\/a> (IR) sobre ganhos com a venda de im\u00f3vel residencial ocorrida durante 2021<\/strong>, desde que o dinheiro seja aplicado em novo im\u00f3vel. O texto est\u00e1 em an\u00e1lise na C\u00e2mara dos Deputados.<\/p>\n\n\n\n<p>Essa isen\u00e7\u00e3o est\u00e1 prevista na Lei do Bem&nbsp;e libera o pagamento do IR sobre <strong>eventuais ganhos com a aliena\u00e7\u00e3o de im\u00f3vel residencial<\/strong> quando, no prazo de 180 dias contados a partir da celebra\u00e7\u00e3o do contrato de venda, o contribuinte destina todo o dinheiro obtido para adquirir uma nova moradia.<\/p>\n\n\n\n<p>Segundo o autor da proposta, senador Wellington Fagundes (PL-MT), com as medidas de isolamento social durante a pandemia causada pelo novo coronav\u00edrus, os contribuintes t\u00eam enfrentado dificuldades para localizar um novo im\u00f3vel ou mesmo para concluir as transa\u00e7\u00f5es de compra e venda.<\/p>\n\n\n\n<h2 class=\"wp-block-heading\"><strong>Tramita\u00e7\u00e3o<\/strong><\/h2>\n\n\n\n<p>O projeto ser\u00e1 analisado pelas comiss\u00f5es de Finan\u00e7as e Tributa\u00e7\u00e3o; e de Constitui\u00e7\u00e3o e Justi\u00e7a e de Cidadania. Depois seguir\u00e1 para o plen\u00e1rio.<\/p>\n\n\n\n<h4 class=\"wp-block-heading\">Veja tamb\u00e9m<\/h4>\n\n\n\n<ul class=\"wp-block-list\"><li><a rel=\"noreferrer noopener\" href=\"https:\/\/investnews.com.br\/negocios\/jsl-diz-que-continuara-com-agenda-de-aquisicoes-apesar-de-negativa-da-tegma\/\" target=\"_blank\">JSL<\/a>&nbsp;diz que continuar\u00e1 com agenda de aquisi\u00e7\u00f5es apesar de negativa da Tegma<\/li><li><a rel=\"noreferrer noopener\" href=\"https:\/\/investnews.com.br\/negocios\/cpfl-compra-transmissora-de-energia-gaucha-ceee-t-por-r-26-bilhoes\/\" target=\"_blank\">CPFL<\/a>&nbsp;compra transmissora de energia ga\u00facha CEEE-T por R$ 2,6 bilh\u00f5es<\/li><li><a rel=\"noreferrer noopener\" href=\"https:\/\/investnews.com.br\/geral\/blue-origin-ve-ceu-de-brigadeiro-para-voo-inaugural-de-bezos-e-companheiros\/\" target=\"_blank\">Blue Origin<\/a>&nbsp;v\u00ea c\u00e9u de brigadeiro para voo inaugural de Bezos e companheiros<\/li><li><a rel=\"noreferrer noopener\" href=\"https:\/\/investnews.com.br\/negocios\/avon-volta-a-origem-para-retomar-crescimento\/\" target=\"_blank\">Avon<\/a>&nbsp;volta \u00e0 origem para retomar crescimento<\/li><li><a rel=\"noreferrer noopener\" href=\"https:\/\/investnews.com.br\/economia\/opep-concorda-em-aumentar-a-oferta-de-petroleo\/\" target=\"_blank\">Opep+<\/a>&nbsp;concorda em aumentar a oferta de petr\u00f3leo<\/li><li>Focus:&nbsp;<a href=\"https:\/\/investnews.com.br\/sem-categoria\/focus-ipca-para-2021-passa-de-611-para-631-acima-do-teto-da-meta\/\" target=\"_blank\" rel=\"noreferrer noopener\">IPCA<\/a>&nbsp;para 2021 passa de 6,11% para 6,31%, acima do teto da meta<\/li><\/ul>\n","protected":false},"excerpt":{"rendered":"<p>O texto est\u00e1 em an\u00e1lise na C\u00e2mara dos Deputados.<\/p>\n","protected":false},"author":7,"featured_media":513,"comment_status":"closed","ping_status":"open","sticky":false,"template":"","format":"standard","meta":{"_acf_changed":false,"inline_featured_image":false,"footnotes":""},"categories":[5],"tags":[44],"autor-wsj":[],"coauthors":[1494],"class_list":["post-262094","post","type-post","status-publish","format-standard","has-post-thumbnail","hentry","category-economia","tag-imposto-de-renda"],"acf":[],"amp_enabled":true,"_links":{"self":[{"href":"https:\/\/investnews.com.br\/inv-api\/wp\/v2\/posts\/262094","targetHints":{"allow":["GET"]}}],"collection":[{"href":"https:\/\/investnews.com.br\/inv-api\/wp\/v2\/posts"}],"about":[{"href":"https:\/\/investnews.com.br\/inv-api\/wp\/v2\/types\/post"}],"author":[{"embeddable":true,"href":"https:\/\/investnews.com.br\/inv-api\/wp\/v2\/users\/7"}],"replies":[{"embeddable":true,"href":"https:\/\/investnews.com.br\/inv-api\/wp\/v2\/comments?post=262094"}],"version-history":[{"count":8,"href":"https:\/\/investnews.com.br\/inv-api\/wp\/v2\/posts\/262094\/revisions"}],"predecessor-version":[{"id":262107,"href":"https:\/\/investnews.com.br\/inv-api\/wp\/v2\/posts\/262094\/revisions\/262107"}],"wp:featuredmedia":[{"embeddable":true,"href":"https:\/\/investnews.com.br\/inv-api\/wp\/v2\/media\/513"}],"wp:attachment":[{"href":"https:\/\/investnews.com.br\/inv-api\/wp\/v2\/media?parent=262094"}],"wp:term":[{"taxonomy":"category","embeddable":true,"href":"https:\/\/investnews.com.br\/inv-api\/wp\/v2\/categories?post=262094"},{"taxonomy":"post_tag","embeddable":true,"href":"https:\/\/investnews.com.br\/inv-api\/wp\/v2\/tags?post=262094"},{"taxonomy":"autor-wsj","embeddable":true,"href":"https:\/\/investnews.com.br\/inv-api\/wp\/v2\/autor-wsj?post=262094"},{"taxonomy":"author","embeddable":true,"href":"https:\/\/investnews.com.br\/inv-api\/wp\/v2\/coauthors?post=262094"}],"curies":[{"name":"wp","href":"https:\/\/api.w.org\/{rel}","templated":true}]}}