{"id":262613,"date":"2021-07-23T07:29:50","date_gmt":"2021-07-23T10:29:50","guid":{"rendered":"https:\/\/investnews.com.br\/?p=262613"},"modified":"2021-08-02T18:38:15","modified_gmt":"2021-08-02T21:38:15","slug":"reforma-tributaria-bitributacao","status":"publish","type":"post","link":"https:\/\/investnews.com.br\/economia\/reforma-tributaria-bitributacao\/","title":{"rendered":"Reforma tribut\u00e1ria: n\u00e3o faz sentido falar em bitributa\u00e7\u00e3o, diz economista"},"content":{"rendered":"\n<p>Reduzir o <strong><a href=\"https:\/\/investnews.com.br\/guias\/imposto-de-renda-o-que-e\/\">Imposto de Renda<\/a><\/strong> sobre as empresas e passar a <strong><a href=\"https:\/\/investnews.com.br\/financas\/reforma-tributaria-deixa-dividendos-isentos-em-ate-r-20-mil-nao-e-verdade\/\" class=\"rank-math-link\">tributar dividendos<\/a> <\/strong>\u00e9 uma forma de, ao mesmo tempo, melhorar a efici\u00eancia da produ\u00e7\u00e3o e aumentar a equidade da economia. \u00c9 o que acredita o economista <strong>Luis Paulo Rosenberg, da Rosenberg Associados<\/strong>.<\/p>\n\n\n\n<p>Em tramita\u00e7\u00e3o no Congresso, a <a href=\"https:\/\/investnews.com.br\/economia\/parecer-de-reforma-reduz-ir-sobre-empresas-e-mantem-tributar-em-20-dividendos\/\" class=\"rank-math-link\">reforma tribut\u00e1ria<\/a> apresentada pelo governo reduz o Imposto de Renda sobre Pessoa Jur\u00eddica (IRPJ), mas ao mesmo tempo prop\u00f5e uma <strong>tributa\u00e7\u00e3o de 20% sobre dividendos<\/strong>, que pode ser <a href=\"https:\/\/investnews.com.br\/economia\/dividendos-devem-ter-taxacao-progressiva-diz-relator-de-parecer-da-reforma\/\" class=\"rank-math-link\">implementada de forma gradual<\/a>. Hoje, estes proventos pagos aos acionistas s\u00e3o isentos de taxa\u00e7\u00e3o.&nbsp;<\/p>\n\n\n\n<p>A medida tem recebido cr\u00edticas de que seria uma forma de \u201c<strong>bitributa\u00e7\u00e3o<\/strong>\u201d, al\u00e9m de preocupa\u00e7\u00f5es no<strong> <a href=\"https:\/\/investnews.com.br\/guias\/como-funciona-o-mercado-financeiro\/\">mercado financeiro<\/a><\/strong> sobre uma poss\u00edvel sa\u00edda de recursos estrangeiros do pa\u00eds. Sobre essas alega\u00e7\u00f5es, Rosenberg disse ao<em> InvestNews<\/em> que a reforma est\u00e1 \u201cmetendo a m\u00e3o no bolso de quem tem o poder neste pa\u00eds. Ent\u00e3o, as cr\u00edticas v\u00e3o vir de todos os lados\u201d.&nbsp;<\/p>\n\n\n\n<p>Veja abaixo os principais trechos da entrevista:&nbsp;<\/p>\n\n\n\n<h3 class=\"wp-block-heading\"><strong>IN$ &#8211; Da forma como est\u00e1, a reforma tribut\u00e1ria \u00e9 mais favor\u00e1vel ou prejudicial \u00e0 economia?<\/strong><\/h3>\n\n\n\n<p><strong>Rosenberg<\/strong> &#8211; A proposta tem uma import\u00e2ncia muito maior do que est\u00e1 sendo percebido. Geralmente, quando voc\u00ea adota uma medida econ\u00f4mica, ela vai beneficiar alguns e prejudicar outros &#8211; isso \u00e9 inevit\u00e1vel. O grande dilema \u00e9 que medidas que privilegiam a efici\u00eancia da opera\u00e7\u00e3o da economia geralmente t\u00eam um efeito negativo sobre a distribui\u00e7\u00e3o de renda. E vice-versa. Administrar esse conflito \u00e9, sem d\u00favida, o maior desafio que a gente tem na profiss\u00e3o. Por que estou falando isso? Porque s\u00e3o rar\u00edssimos os exemplos em que voc\u00ea consegue, ao mesmo tempo, aumentar a efici\u00eancia e melhorar a equidade. E \u00e9 o caso dessa reforma.&nbsp;<\/p>\n\n\n\n<h3 class=\"wp-block-heading\"><strong>IN$ &#8211; Por qu\u00ea?<\/strong><\/h3>\n\n\n\n<p><strong>Rosenberg &#8211;<\/strong> Porque ela, ao mesmo tempo, diminui a tributa\u00e7\u00e3o sobre empresas &#8211; o que qualquer liberal vai te dizer que \u00e9 a medida mais importante para alocar efici\u00eancia dos recursos &#8211; e introduz de volta uma<a href=\"https:\/\/www.youtube.com\/watch?v=EWAIn6ZTyio\" class=\"rank-math-link\" target=\"_blank\" rel=\"noopener\"> progressividade no Imposto de Renda<\/a> que havia sido perdida. Esse segundo aspecto, sem d\u00favida, \u00e9 o mais not\u00e1vel porque, \u00e0s v\u00e9speras de uma elei\u00e7\u00e3o presidencial, o governo ter a coragem de mandar uma <strong>medida que vai penalizar os 5% mais ricos<\/strong> da popula\u00e7\u00e3o \u00e9 algo extremamente louv\u00e1vel. <\/p>\n\n\n\n<p>Ent\u00e3o, eu acho que a gente pode falar durante duas horas sobre os inconvenientes, as contradi\u00e7\u00f5es etc. Mas ganham de lavada as vantagens sobre as desvantagens da proposta, qualquer que seja a resultante desse inevit\u00e1vel e desej\u00e1vel debate que vai ter entre Executivo e Parlamento para chegar \u00e0 vers\u00e3o final.&nbsp;<\/p>\n\n\n\n<h3 class=\"wp-block-heading\"><strong>IN$ &#8211; Poderia explicar melhor essa rela\u00e7\u00e3o entre efici\u00eancia da produ\u00e7\u00e3o e distribui\u00e7\u00e3o de renda, e o que muda com a reforma?&nbsp;<\/strong><\/h3>\n\n\n\n<p><strong>Rosenberg &#8211;<\/strong> No que voc\u00ea tinha a isen\u00e7\u00e3o dos dividendos&#8230; Por exemplo, eu, na Rosenberg, pago menos imposto que o meu funcion\u00e1rio. Por qu\u00ea? Porque ele cai na tabela progressiva do Imposto de Renda, e eu pago sobre lucro presumido. N\u00e3o sonego um tost\u00e3o e, pelas minhas \u00faltimas contas, eu n\u00e3o pagava 10% de Imposto de Renda. No que voc\u00ea acaba com a isen\u00e7\u00e3o do Juro sobre Capital Pr\u00f3prio, no que voc\u00ea leva a renda para a declara\u00e7\u00e3o progressiva do Imposto de Renda de pessoa f\u00edsica, voc\u00ea est\u00e1 <strong>melhorando a distribui\u00e7\u00e3o de renda<\/strong> de uma forma fant\u00e1stica.<\/p>\n\n\n\n<p>Ent\u00e3o voc\u00ea vai, agora, financiar projetos sociais tirando do topo da pir\u00e2mide para baixo. Note, isso parece coisa de comunista, mas, infelizmente, n\u00e3o foi o [vereador Eduardo] Suplicy que inventou isso. Isso quem faltou pela primeira vez foi o [economista] Milton Friedman.&nbsp;<\/p>\n\n\n\n<h3 class=\"wp-block-heading\"><strong>IN$ &#8211; Entre os cr\u00edticos da tributa\u00e7\u00e3o de dividendos, h\u00e1 o argumento de que isso seria bitributa\u00e7\u00e3o. Como voc\u00ea enxerga essa quest\u00e3o?&nbsp;<\/strong><\/h3>\n\n\n\n<p><strong>Rosenberg &#8211; <\/strong>\u00c9 um sofisma dizer que \u00e9 <strong>bitributa\u00e7\u00e3o<\/strong> tributar Imposto de Renda da empresa e dividendos. O Imposto de Renda da empresa \u00e9 um neg\u00f3cio meio surreal, porque \u00e9 como se voc\u00ea tributasse o ectoplasma. Que renda tem a empresa? Ela tem um processo produtivo que gera um excedente. Se esse excedente est\u00e1 dentro dela, \u00e9 capacidade de investimento dela, n\u00e3o \u00e9 renda, n\u00e3o tem por que ser tributado. Se \u00e9 distribu\u00eddo, \u00e9 dividendo, \u00e9 renda da pessoa f\u00edsica e tem que ser tributado na tabela progressiva.<\/p>\n\n\n\n<p>Ent\u00e3o, o compromisso \u00e9 assim: quanto mais baixa for a al\u00edquota sobre pessoa jur\u00eddica, mais eficiente \u00e9 a economia. Quanto mais progressivo, para cima e para baixo&#8230; Uma tabela que sai l\u00e1 de baixo, dando dinheiro para os pobres, e vai l\u00e1 para cima numa al\u00edquota de 40% para quem recebeu uma bolada de dinheiro. N\u00e3o interessa como o dinheiro foi gerado.&nbsp;<\/p>\n\n\n\n<h3 class=\"wp-block-heading\"><strong>IN$ &#8211; A tributa\u00e7\u00e3o de dividendos para compensar a redu\u00e7\u00e3o do IR sobre as empresas ent\u00e3o \u00e9 positiva, na sua vis\u00e3o?<\/strong><\/h3>\n\n\n\n<p><strong>Rosenberg <\/strong>&#8211; O que o ministro tem que ver \u00e9 o seguinte: &#8216;vamos diminuir o Imposto de Renda? Com o maior prazer, s\u00f3 que eu tenho uma m\u00e1 not\u00edcia: eu tenho que aumentar a progressividade do Imposto de Renda Pessoa F\u00edsica&#8217;. O combinado \u00e9 que o jogo \u00e9 de ganho zero. N\u00e3o vai ter mais tributa\u00e7\u00e3o nem menos. Ent\u00e3o, precisa aumentar a tabela progressiva. Eu n\u00e3o tenho nada contra isso.&nbsp;<\/p>\n\n\n\n<figure class=\"wp-block-embed-youtube wp-block-embed is-type-video is-provider-youtube wp-embed-aspect-16-9 wp-has-aspect-ratio\"><div class=\"wp-block-embed__wrapper\">\n<iframe loading=\"lazy\" title=\"Reforma tribut\u00e1ria deixa dividendos isentos em at\u00e9 R$ 20 mil? N\u00e3o \u00e9 verdade\" width=\"500\" height=\"281\" src=\"https:\/\/www.youtube.com\/embed\/R1uBZzqqls0?feature=oembed\" frameborder=\"0\" allow=\"accelerometer; autoplay; clipboard-write; encrypted-media; gyroscope; picture-in-picture; web-share\" referrerpolicy=\"strict-origin-when-cross-origin\" allowfullscreen><\/iframe>\n<\/div><\/figure>\n\n\n\n<h3 class=\"wp-block-heading\"><strong>IN$ &#8211; Dados divulgados pela receita apontam <a href=\"https:\/\/investnews.com.br\/economia\/receita-projeta-aumento-de-r-247-bi-na-arrecadacao-em-2022-com-reforma-no-ir\/\" class=\"rank-math-link\">uma \u201csobra\u201d de mais de R$ 2 bilh\u00f5es em arrecada\u00e7\u00e3o<\/a> para o governo em 2022 se a reforma fosse aprovada como o Minist\u00e9rio da Economia apresentou. Sobre a promessa de \u201cganho zero\u201d, muitos cr\u00edticos apontaram como aumento de carga tribut\u00e1ria.&nbsp;<\/strong><\/h3>\n\n\n\n<p><strong>Rosenberg<\/strong> &#8211; Veja, n\u00f3s estamos metendo a m\u00e3o no bolso de quem tem o poder neste pa\u00eds. Ent\u00e3o, as cr\u00edticas v\u00e3o vir de todos os lados, n\u00e3o tem como. Quando voc\u00ea lan\u00e7a uma medida que beneficia alguns e prejudica outros, j\u00e1 \u00e9 complicado. Agora, imagina uma que <strong>s\u00f3 prejudica a classe alta<\/strong>. Vai ser atacado, n\u00e3o tem como evitar.&nbsp;<\/p>\n\n\n\n<p>Agora, tem cr\u00edticas bem razo\u00e1veis. Por exemplo: tributar dividendos entre empresas \u00e9 o mesmo tipo de besteira. Empresa n\u00e3o recebe dividendos, simplesmente ela est\u00e1 recebendo uma transfer\u00eancia de recursos dentro do sistema produtivo. Entre o sistema produtivo, o dinheiro n\u00e3o \u00e9 renda, \u00e9 investimento em potencial ou dividendo em potencial. Enquanto ele est\u00e1 na situa\u00e7\u00e3o potencial, n\u00e3o vejo por que tributar. Eu acho que o governo vai ceder nisso. Mas, de uma forma geral, \u00e9 ineg\u00e1vel que a maior distor\u00e7\u00e3o que existia no sistema tribut\u00e1rio foi atacada por esse projeto.<\/p>\n\n\n\n<h3 class=\"wp-block-heading\"><strong>IN$ &#8211; Qual seria o ponto fraco da reforma, na sua opini\u00e3o?<\/strong><\/h3>\n\n\n\n<p><strong>Rosenberg<\/strong> &#8211; Est\u00e3o criticando muito o fato de ser como uma m\u00e1quina de cortar mortadela. Por que faz tudo aos peda\u00e7os em vez de mandar um projeto integrado? \u00c9 uma cr\u00edtica l\u00f3gica. Eu quero saber o contorno final da <strong>estrutura tribut\u00e1ria<\/strong> do pa\u00eds. Mas eu iria um pouco mais longe: ent\u00e3o por que j\u00e1 n\u00e3o fazer de uma vez a <strong>reforma fiscal<\/strong>? Ou seja, ao mesmo tempo vamos diminuir o <strong>gasto p\u00fablico<\/strong> (que hoje est\u00e1 sendo chamado de <strong>reforma administrativa<\/strong>), definir qual \u00e9 o tamanho do gasto que a gente quer e, a\u00ed sim, qual \u00e9 a estrutura tribut\u00e1ria que a gente acha mais adequado para atender a essas necessidades.<\/p>\n\n\n\n<p>Agora, a gente sabe como \u00e9 Parlamento. Cada um tem suas idiossincrasias. Se o Paulo Guedes deduziu que a forma menos arestosa de aprovar o projeto \u00e9 por peda\u00e7os, vamos nessa. No final pode levar mais tempo, mas o importante \u00e9 sempre caminhar na dire\u00e7\u00e3o certa, e isso o projeto fez.&nbsp;<\/p>\n\n\n\n<h3 class=\"wp-block-heading\"><strong>IN$ &#8211; No mercado financeiro, uma das cr\u00edticas \u00e9 a reforma como est\u00e1 pode afugentar investidores estrangeiros.&nbsp;<\/strong><\/h3>\n\n\n\n<p><strong>Rosenberg<\/strong> &#8211; Ah, sem d\u00favida. Daqui a pouco vai aparecer quem diga que essa reforma transforma o pagador de imposto em jacar\u00e9.&nbsp;<\/p>\n\n\n\n<h3 class=\"wp-block-heading\"><strong>IN$ &#8211; Outra cr\u00edtica \u00e9 que as empresas poderiam ter mais custos.&nbsp;<\/strong><\/h3>\n\n\n\n<p><strong>Rosenberg<\/strong> &#8211; Imposto de Renda nunca foi custo. Imposto de Renda \u00e9 res\u00edduo, \u00e9 a \u00faltima linha. Dizer que mudan\u00e7a no IR vai aumentar o custo da empresa&#8230; Ah!<\/p>\n\n\n\n<h3 class=\"wp-block-heading\"><strong>IN$ &#8211; Como assim?<\/strong><\/h3>\n\n\n\n<p><strong>Rosenberg<\/strong> &#8211; Receita tem a ver com a qualidade do produto, marketing. Despesa tem a ver com o custo da produ\u00e7\u00e3o, com a tecnologia adotada etc. Voc\u00ea bota um contra o outro e sai o saldo. O saldo \u00e9 lucro. Ent\u00e3o, como uma medida que bate no lucro pode ser tratada como custo? Eu estou deixando a empresa operar, fazer o melhor que ela sabe, e no fim diz: &#8216;Quanto deu de lucro? Tenho uma boa not\u00edcia para voc\u00ea: eu vou deixar mais lucro na sua m\u00e3o, mas, se voc\u00ea passar para o seu acionista, ele vai receber menos&#8217;. E a empresa vai dizer: &#8216;o que eu tenho com isso? O que vai alterar na minha vida o que voc\u00ea faz com o dinheiro que eu passo para a pessoa f\u00edsica?&#8217;.&nbsp;<\/p>\n\n\n\n<p>Para a empresa, ela s\u00f3 vai estar vendo o aumento da lucratividade dela. Para a produ\u00e7\u00e3o, s\u00f3 boa not\u00edcia. Agora, para o dono da produ\u00e7\u00e3o, vai pagar o que nunca pagou &#8211; e deveria ter pago.&nbsp;<\/p>\n\n\n\n<h3 class=\"wp-block-heading\"><strong>IN$ &#8211; Ainda no campo das cr\u00edticas, temos a de que os <a href=\"https:\/\/investnews.com.br\/economia\/nova-proposta-para-reforma-tributaria-tira-ate-r-27-bi-de-estados-e-municipios\/\" class=\"rank-math-link\">estados e munic\u00edpios<\/a> arcariam com a maior parte da redu\u00e7\u00e3o da arrecada\u00e7\u00e3o. Como voc\u00ea enxerga isso?<\/strong><\/h3>\n\n\n\n<p><strong>Rosenberg<\/strong> &#8211; Veja, n\u00f3s estamos fazendo uma bruta reforma no Imposto de Renda e n\u00e3o estamos mexendo na contribui\u00e7\u00e3o social [<strong>CSLL<\/strong>, a Contribui\u00e7\u00e3o Social sobre o <a href=\"https:\/\/investnews.com.br\/guias\/lucro-liquido\/\">Lucro L\u00edquido<\/a>]. Qual \u00e9 a diferen\u00e7a entre os dois? O Imposto de Renda vai uma parte substancial para uma vala comum que \u00e9 o fundo de participa\u00e7\u00e3o dos estados e munic\u00edpios. A contribui\u00e7\u00e3o n\u00e3o, porque a contribui\u00e7\u00e3o n\u00e3o \u00e9 imposto. Olha se isso n\u00e3o \u00e9 <strong>pedalada<\/strong>.&nbsp;<\/p>\n\n\n\n<p>Quando algu\u00e9m faz uma reforma para tratar do assunto de Imposto de Renda, deveria mexer na contribui\u00e7\u00e3o. Primeiro, acabar com essa palha\u00e7ada. Por que uma coisa que tem cor de picol\u00e9, gosto de picol\u00e9 e palito de picol\u00e9 n\u00e3o \u00e9 picol\u00e9? Essa distin\u00e7\u00e3o \u00e9 uma sacanagem que a gente fez no governo federal para criar um adicional de Imposto de Renda sem ter que partilhar com estados e munic\u00edpios. Numa hora em que voc\u00ea est\u00e1 fazendo uma reforma dessa, por que n\u00e3o junta as duas coisas e acaba com essa confus\u00e3o?<\/p>\n\n\n\n<h3 class=\"wp-block-heading\"><strong>IN$ &#8211; A <a href=\"https:\/\/investnews.com.br\/economia\/nova-proposta-para-reforma-tributaria-tira-ate-r-27-bi-de-estados-e-municipios\/\" class=\"rank-math-link\">reclama\u00e7\u00e3o de prefeitos e governadores<\/a> ent\u00e3o faz sentido?<\/strong><\/h3>\n\n\n\n<p><strong>Rosenberg<\/strong> &#8211; Faz. N\u00f3s n\u00e3o sabemos como vai acabar isso tudo depois de passar pelo Parlamento. Mas tudo se faz com redu\u00e7\u00e3o da al\u00edquota do Imposto de Renda Pessoa Jur\u00eddica, mas mant\u00e9m a contribui\u00e7\u00e3o social. \u00c9 isso que os estados reclamam. &#8216;Na parte que ele tem que dividir conosco, (o governo federal) \u00e9 generoso e deixa baixar. Agora, no dele ele n\u00e3o mexe?&#8217;.&nbsp;<\/p>\n\n\n\n<h4 class=\"wp-block-heading\">Veja tamb\u00e9m<\/h4>\n\n\n\n<ul class=\"wp-block-list\"><li>Reforma tribut\u00e1ria deixa <a href=\"https:\/\/investnews.com.br\/financas\/reforma-tributaria-deixa-dividendos-isentos-em-ate-r-20-mil-nao-e-verdade\/\" class=\"rank-math-link\">dividendos isentos<\/a> em at\u00e9 R$ 20 mil? N\u00e3o \u00e9 verdade<\/li><li><a href=\"https:\/\/investnews.com.br\/boletim-investnews\/taxacao-de-dividendos-fica-fiis-seguem-isentos-mudancas-na-reforma-tributaria\/\" class=\"rank-math-link\">Taxa\u00e7\u00e3o de dividendos<\/a> fica, FIIs seguem isentos: mudan\u00e7as na <a class=\"rank-math-link\" href=\"https:\/\/investnews.com.br\/economia\/reforma-tributaria-discussao\">reforma tribut\u00e1ria<\/a><\/li><li>Nova proposta para reforma tribut\u00e1ria tira at\u00e9 R$ 27 bi de <a href=\"https:\/\/investnews.com.br\/economia\/nova-proposta-para-reforma-tributaria-tira-ate-r-27-bi-de-estados-e-municipios\/\" class=\"rank-math-link\">estados e munic\u00edpios<\/a><\/li><li><a href=\"https:\/\/investnews.com.br\/financas\/comprar-ou-alugar-imovel\/\" class=\"rank-math-link\">Comprar ou alugar<\/a> im\u00f3vel? Veja como avaliar qual op\u00e7\u00e3o vale mais a pena<\/li><li><a href=\"https:\/\/investnews.com.br\/financas\/melhores-investimentos-para-aplicar-seu-dinheiro\/\" class=\"rank-math-link\">Melhores investimentos<\/a>: onde investir no segundo semestre de 2021?<\/li><\/ul>\n","protected":false},"excerpt":{"rendered":"<p>Luis Paulo Rosenberg defende taxa\u00e7\u00e3o de dividendos e redu\u00e7\u00e3o do IRPJ propostas pela reforma tribut\u00e1ria.<\/p>\n","protected":false},"author":31,"featured_media":262615,"comment_status":"closed","ping_status":"open","sticky":false,"template":"","format":"standard","meta":{"_acf_changed":false,"inline_featured_image":false,"footnotes":""},"categories":[5],"tags":[526,283,44,432],"autor-wsj":[],"coauthors":[1908],"class_list":["post-262613","post","type-post","status-publish","format-standard","has-post-thumbnail","hentry","category-economia","tag-dividendos","tag-governo-federal","tag-imposto-de-renda","tag-reforma-tributaria"],"acf":[],"amp_enabled":true,"_links":{"self":[{"href":"https:\/\/investnews.com.br\/inv-api\/wp\/v2\/posts\/262613","targetHints":{"allow":["GET"]}}],"collection":[{"href":"https:\/\/investnews.com.br\/inv-api\/wp\/v2\/posts"}],"about":[{"href":"https:\/\/investnews.com.br\/inv-api\/wp\/v2\/types\/post"}],"author":[{"embeddable":true,"href":"https:\/\/investnews.com.br\/inv-api\/wp\/v2\/users\/31"}],"replies":[{"embeddable":true,"href":"https:\/\/investnews.com.br\/inv-api\/wp\/v2\/comments?post=262613"}],"version-history":[{"count":10,"href":"https:\/\/investnews.com.br\/inv-api\/wp\/v2\/posts\/262613\/revisions"}],"predecessor-version":[{"id":266230,"href":"https:\/\/investnews.com.br\/inv-api\/wp\/v2\/posts\/262613\/revisions\/266230"}],"wp:featuredmedia":[{"embeddable":true,"href":"https:\/\/investnews.com.br\/inv-api\/wp\/v2\/media\/262615"}],"wp:attachment":[{"href":"https:\/\/investnews.com.br\/inv-api\/wp\/v2\/media?parent=262613"}],"wp:term":[{"taxonomy":"category","embeddable":true,"href":"https:\/\/investnews.com.br\/inv-api\/wp\/v2\/categories?post=262613"},{"taxonomy":"post_tag","embeddable":true,"href":"https:\/\/investnews.com.br\/inv-api\/wp\/v2\/tags?post=262613"},{"taxonomy":"autor-wsj","embeddable":true,"href":"https:\/\/investnews.com.br\/inv-api\/wp\/v2\/autor-wsj?post=262613"},{"taxonomy":"author","embeddable":true,"href":"https:\/\/investnews.com.br\/inv-api\/wp\/v2\/coauthors?post=262613"}],"curies":[{"name":"wp","href":"https:\/\/api.w.org\/{rel}","templated":true}]}}