{"id":262752,"date":"2021-07-20T22:09:22","date_gmt":"2021-07-21T01:09:22","guid":{"rendered":"https:\/\/investnews.com.br\/?p=262752"},"modified":"2021-07-20T22:09:23","modified_gmt":"2021-07-21T01:09:23","slug":"petrobras-indicacoes-conselho","status":"publish","type":"post","link":"https:\/\/investnews.com.br\/negocios\/petrobras-indicacoes-conselho\/","title":{"rendered":"Petrobras recebe indica\u00e7\u00f5es do governo para conselho"},"content":{"rendered":"\n<p>A Petrobras (<a href=\"https:\/\/investnews.com.br\/cotacao\/petr3-petr4-petrobras\/\" class=\"rank-math-link\">PETR3 e PETR4<\/a>) recebeu of\u00edcio do Minist\u00e9rio de Minas e Energia com indica\u00e7\u00f5es para a composi\u00e7\u00e3o da chapa da Uni\u00e3o para cargos no <strong>conselho de administra\u00e7\u00e3o<\/strong> da empresa, cuja elei\u00e7\u00e3o ocorrer\u00e1 na pr\u00f3xima Assembleia Geral Extraordin\u00e1ria (AGE), informou a petroleira em fato relevante nesta ter\u00e7a-feira (20)<\/p>\n\n\n\n<p>O of\u00edcio prev\u00ea a recondu\u00e7\u00e3o de <strong>Eduardo Bacellar Leal Ferreira<\/strong> \u00e0 presid\u00eancia do conselho, bem como a recondu\u00e7\u00e3o de <strong>Joaquim Silva e Luna<\/strong>, atual presidente-executivo da estatal, \u00e0 sua posi\u00e7\u00e3o no colegiado.<\/p>\n\n\n\n<p>Tamb\u00e9m foram apontadas as recondu\u00e7\u00f5es de Ruy Flaks Schneider, Sonia Julia Sulzbeck Villalobos (para vaga destinada ao Minist\u00e9rio da Economia), M\u00e1rcio Andrade Weber, Murilo Marroquim de Souza e Cynthia Santana Silveira (selecionada em lista tr\u00edplice elaborada por empresa especializada).<\/p>\n\n\n\n<p>Houve ainda a indica\u00e7\u00e3o de Carlos Eduardo Lessa Brand\u00e3o para cargo de conselheiro, tamb\u00e9m como nome selecionado em lista tr\u00edplice elaborada por empresa especializada.<\/p>\n\n\n\n<p>A companhia j\u00e1 havia recebido, no \u00faltimo dia 7, as<strong> indica\u00e7\u00f5es de acionistas minorit\u00e1rios<\/strong> para o conselho.<\/p>\n\n\n\n<p>A realiza\u00e7\u00e3o de uma nova assembleia para elei\u00e7\u00e3o de cargos no colegiado ocorre ap\u00f3s a ren\u00fancia do conselheiro Marcelo Gasparino da Silva, representante de minorit\u00e1rios, que havia sido eleito em AGE em abril.<\/p>\n\n\n\n<h4 class=\"wp-block-heading\">Veja tamb\u00e9m<\/h4>\n\n\n\n<ul class=\"wp-block-list\"><li><a href=\"https:\/\/investnews.com.br\/negocios\/ipo-da-multilaser\/\" class=\"rank-math-link\">IPO da Multilaser<\/a> sai a R$ 11,10 por a\u00e7\u00e3o, perto do piso da faixa estimada<\/li><li><a rel=\"noreferrer noopener\" href=\"https:\/\/investnews.com.br\/geral\/ibovespa-dolar-cotacao-20-07-2021\/\" target=\"_blank\">D\u00f3lar<\/a>\u00a0fecha em queda ap\u00f3s chegar perto de R$ 5,30; Ibovespa sobe<\/li><li><a rel=\"noreferrer noopener\" href=\"https:\/\/investnews.com.br\/negocios\/olimpiadas-2021-em-numeros-os-bilhoes-gastos-e-perdidos-em-plena-pandemia\/\" target=\"_blank\">Olimp\u00edadas 2021\u00a0<\/a>em n\u00fameros: os bilh\u00f5es gastos e perdidos em plena pandemia<\/li><li><a rel=\"noreferrer noopener\" href=\"https:\/\/investnews.com.br\/geral\/jeff-bezos-voo-blue-origin-assista\/\" target=\"_blank\">Jeff Bezos<\/a>\u00a0decola com sucesso em primeiro voo espacial da Blue Origin; assista<\/li><li><a rel=\"noreferrer noopener\" href=\"https:\/\/investnews.com.br\/boletim-investnews\/lojas-americanas-sobe-e-desce-depois-da-mudanca-no-papel-de-b2w\/\" target=\"_blank\">Lojas Americanas<\/a>: sobe e desce depois da mudan\u00e7a no papel de B2W<\/li><li><a rel=\"noreferrer noopener\" href=\"https:\/\/investnews.com.br\/financas\/acoes-da-lojas-americanas-chegam-a-subir-mais-de-3-jbs-avanca-5-e-marfrig-3\/\" target=\"_blank\">CEO da Totvs\u00a0<\/a>revela pr\u00f3ximos passos da Dimensa, nova empresa criada com a B3<\/li><\/ul>\n","protected":false},"excerpt":{"rendered":"<p>elei\u00e7\u00e3o ocorrer\u00e1 na pr\u00f3xima Assembleia Geral Extraordin\u00e1ria da Petrobras.<\/p>\n","protected":false},"author":7,"featured_media":242279,"comment_status":"closed","ping_status":"open","sticky":false,"template":"","format":"standard","meta":{"_acf_changed":false,"inline_featured_image":false,"footnotes":""},"categories":[6],"tags":[],"autor-wsj":[],"coauthors":[1494],"class_list":["post-262752","post","type-post","status-publish","format-standard","has-post-thumbnail","hentry","category-negocios"],"acf":[],"amp_enabled":true,"_links":{"self":[{"href":"https:\/\/investnews.com.br\/inv-api\/wp\/v2\/posts\/262752","targetHints":{"allow":["GET"]}}],"collection":[{"href":"https:\/\/investnews.com.br\/inv-api\/wp\/v2\/posts"}],"about":[{"href":"https:\/\/investnews.com.br\/inv-api\/wp\/v2\/types\/post"}],"author":[{"embeddable":true,"href":"https:\/\/investnews.com.br\/inv-api\/wp\/v2\/users\/7"}],"replies":[{"embeddable":true,"href":"https:\/\/investnews.com.br\/inv-api\/wp\/v2\/comments?post=262752"}],"version-history":[{"count":1,"href":"https:\/\/investnews.com.br\/inv-api\/wp\/v2\/posts\/262752\/revisions"}],"predecessor-version":[{"id":262753,"href":"https:\/\/investnews.com.br\/inv-api\/wp\/v2\/posts\/262752\/revisions\/262753"}],"wp:featuredmedia":[{"embeddable":true,"href":"https:\/\/investnews.com.br\/inv-api\/wp\/v2\/media\/242279"}],"wp:attachment":[{"href":"https:\/\/investnews.com.br\/inv-api\/wp\/v2\/media?parent=262752"}],"wp:term":[{"taxonomy":"category","embeddable":true,"href":"https:\/\/investnews.com.br\/inv-api\/wp\/v2\/categories?post=262752"},{"taxonomy":"post_tag","embeddable":true,"href":"https:\/\/investnews.com.br\/inv-api\/wp\/v2\/tags?post=262752"},{"taxonomy":"autor-wsj","embeddable":true,"href":"https:\/\/investnews.com.br\/inv-api\/wp\/v2\/autor-wsj?post=262752"},{"taxonomy":"author","embeddable":true,"href":"https:\/\/investnews.com.br\/inv-api\/wp\/v2\/coauthors?post=262752"}],"curies":[{"name":"wp","href":"https:\/\/api.w.org\/{rel}","templated":true}]}}