{"id":263136,"date":"2021-07-22T10:14:55","date_gmt":"2021-07-22T13:14:55","guid":{"rendered":"https:\/\/investnews.com.br\/?p=263136"},"modified":"2021-07-22T10:26:00","modified_gmt":"2021-07-22T13:26:00","slug":"petrobras-termo-petros","status":"publish","type":"post","link":"https:\/\/investnews.com.br\/negocios\/petrobras-termo-petros\/","title":{"rendered":"Petrobras firma termo de compromisso de pagamento de d\u00edvida de R$1,3 bi \u00e0 Petros"},"content":{"rendered":"\n<p>A <strong><a href=\"https:\/\/investnews.com.br\/boletim-investnews\/acao-da-petrobras-de-olho-em-petroleo-ou-greve-dos-caminhoneiros\/\" class=\"rank-math-link\">Petrobras<\/a> (<\/strong><a href=\"https:\/\/A Petrobras informou na noite de quarta-feira que assinou um termo de compromisso junto \u00e0 Petros para pagamento \u00e0 vista de d\u00edvida reconhecida no processo de migra\u00e7\u00e3o dos planos PPSP-R e PPSP-NR para o Plano Petros 3, com valor estimado em 1,3 bilh\u00e3o de reais.  O pagamento, segundo comunicado da petroleira, est\u00e1 previsto para 9 de setembro. O valor divulgado pela empresa considera a data-base de 30 de abril de 2021, e ser\u00e1 corrigido atuarialmente at\u00e9 31 de julho.  No per\u00edodo de 1\u00ba de agosto --data para a qual est\u00e1 previsto o in\u00edcio de operacionaliza\u00e7\u00e3o do Plano Petros 3-- at\u00e9 o dia do efetivo pagamento, &quot;o montante final ser\u00e1 corrigido pelas metas atuariais dos planos de origem (PPSP-R e PPSP-NR)&quot;, acrescentou a companhia.\" class=\"rank-math-link\">PETR3<\/a><strong>) <\/strong>informou na noite de quarta-feira que assinou um termo de compromisso junto \u00e0 Petros para pagamento \u00e0 vista de d\u00edvida reconhecida no processo de migra\u00e7\u00e3o dos planos PPSP-R e PPSP-NR para o Plano Petros 3, com valor estimado em R$ 1,3 bilh\u00e3o.<\/p>\n\n\n\n<p>O pagamento, segundo comunicado da petroleira, est\u00e1 previsto para 9 de setembro. O valor divulgado pela empresa considera a data-base de 30 de abril de 2021, e ser\u00e1 corrigido atuarialmente at\u00e9 31 de julho.<\/p>\n\n\n\n<p>No per\u00edodo de 1\u00ba de agosto &#8212; data para a qual est\u00e1 previsto o in\u00edcio de operacionaliza\u00e7\u00e3o do Plano Petros 3 &#8212; at\u00e9 o dia do efetivo pagamento, &#8220;<strong>o montante final ser\u00e1 corrigido pelas metas atuariais dos planos de origem<\/strong> (PPSP-R e PPSP-NR)&#8221;, acrescentou a companhia.<\/p>\n\n\n\n<h4 class=\"wp-block-heading\">Veja tamb\u00e9m<\/h4>\n\n\n\n<ul class=\"wp-block-list\"><li><a rel=\"noreferrer noopener\" href=\"https:\/\/investnews.com.br\/marketing\/dominos-oferece-pizza-gratis-para-quem-tomar-2a-dose-da-vacina-contra-covid-19\/\" target=\"_blank\">Domino\u2019s<\/a>&nbsp;oferece pizza gr\u00e1tis para quem tomar 2\u00aa dose da vacina contra covid-19<\/li><li>Se&nbsp;<a rel=\"noreferrer noopener\" target=\"_blank\" href=\"https:\/\/investnews.com.br\/economia\/pib-frase-bolsonaro\/\">PIB<\/a>&nbsp;subir 5% em 2021, economia ter\u00e1 crescido 9% em 2 anos? N\u00e3o \u00e9 verdade<\/li><li><a rel=\"noreferrer noopener\" target=\"_blank\" href=\"https:\/\/investnews.com.br\/cafeina\/comprar-imovel-vale-a-pena\/\">Comprar im\u00f3vel<\/a>&nbsp;vale a pena?<\/li><li><a rel=\"noreferrer noopener\" target=\"_blank\" href=\"https:\/\/investnews.com.br\/negocios\/oi-entenda-o-que-aconteceu-com-a-companhia-momento-atual-e-o-que-esperar\/\">Oi<\/a>: entenda o que aconteceu com a companhia, momento atual e o que esperar<\/li><li><a rel=\"noreferrer noopener\" target=\"_blank\" href=\"https:\/\/investnews.com.br\/boletim-investnews\/acao-da-petrobras-de-olho-em-petroleo-ou-greve-dos-caminhoneiros\/\" class=\"rank-math-link\">A\u00e7\u00e3o da Petrobras<\/a>: de olho em petr\u00f3leo ou greve dos caminhoneiros?<\/li><li>Pa\u00edses pobres somariam US$ 38 bi ao PIB com ritmo de vacina\u00e7\u00e3o de ricos, diz <a href=\"https:\/\/investnews.com.br\/economia\/paises-pobres-somariam-us-38-bi-ao-pib-com-ritmo-de-vacinacao-de-ricos-diz-oms\/\" class=\"rank-math-link\">OMS<\/a><\/li><\/ul>\n","protected":false},"excerpt":{"rendered":"<p>O montante final ser\u00e1 corrigido pelas metas atuariais dos planos de origem.<\/p>\n","protected":false},"author":52,"featured_media":243821,"comment_status":"closed","ping_status":"open","sticky":false,"template":"","format":"standard","meta":{"_acf_changed":false,"inline_featured_image":false,"footnotes":""},"categories":[6],"tags":[21],"autor-wsj":[],"coauthors":[2430],"class_list":["post-263136","post","type-post","status-publish","format-standard","has-post-thumbnail","hentry","category-negocios","tag-petrobras"],"acf":[],"amp_enabled":true,"_links":{"self":[{"href":"https:\/\/investnews.com.br\/inv-api\/wp\/v2\/posts\/263136","targetHints":{"allow":["GET"]}}],"collection":[{"href":"https:\/\/investnews.com.br\/inv-api\/wp\/v2\/posts"}],"about":[{"href":"https:\/\/investnews.com.br\/inv-api\/wp\/v2\/types\/post"}],"author":[{"embeddable":true,"href":"https:\/\/investnews.com.br\/inv-api\/wp\/v2\/users\/52"}],"replies":[{"embeddable":true,"href":"https:\/\/investnews.com.br\/inv-api\/wp\/v2\/comments?post=263136"}],"version-history":[{"count":7,"href":"https:\/\/investnews.com.br\/inv-api\/wp\/v2\/posts\/263136\/revisions"}],"predecessor-version":[{"id":306548,"href":"https:\/\/investnews.com.br\/inv-api\/wp\/v2\/posts\/263136\/revisions\/306548"}],"wp:featuredmedia":[{"embeddable":true,"href":"https:\/\/investnews.com.br\/inv-api\/wp\/v2\/media\/243821"}],"wp:attachment":[{"href":"https:\/\/investnews.com.br\/inv-api\/wp\/v2\/media?parent=263136"}],"wp:term":[{"taxonomy":"category","embeddable":true,"href":"https:\/\/investnews.com.br\/inv-api\/wp\/v2\/categories?post=263136"},{"taxonomy":"post_tag","embeddable":true,"href":"https:\/\/investnews.com.br\/inv-api\/wp\/v2\/tags?post=263136"},{"taxonomy":"autor-wsj","embeddable":true,"href":"https:\/\/investnews.com.br\/inv-api\/wp\/v2\/autor-wsj?post=263136"},{"taxonomy":"author","embeddable":true,"href":"https:\/\/investnews.com.br\/inv-api\/wp\/v2\/coauthors?post=263136"}],"curies":[{"name":"wp","href":"https:\/\/api.w.org\/{rel}","templated":true}]}}