{"id":263621,"date":"2021-07-23T08:32:25","date_gmt":"2021-07-23T11:32:25","guid":{"rendered":"https:\/\/investnews.com.br\/?p=263621"},"modified":"2021-10-14T11:59:36","modified_gmt":"2021-10-14T14:59:36","slug":"prazo-para-contestar-auxilio-emergencial-negado-termina-no-dia-24","status":"publish","type":"post","link":"https:\/\/investnews.com.br\/economia\/prazo-para-contestar-auxilio-emergencial-negado-termina-no-dia-24\/","title":{"rendered":"Aux\u00edlio emergencial negado: prazo para contestar termina neste s\u00e1bado"},"content":{"rendered":"\n<p>Termina neste s\u00e1bado (24), \u00e0s 23h59, o prazo para a <strong>contestar os pedidos de <a class=\"rank-math-link\" href=\"https:\/\/investnews.com.br\/geral\/auxilio-emergencial-quinta-parcela-calendario\/\">Aux\u00edlio Emergencial 2021<\/a><\/strong>. A data limite se aplica aos trabalhadores que se inscreveram pelos meios digitais e que tiveram a solicita\u00e7\u00e3o negada na revis\u00e3o mensal de julho.<\/p>\n\n\n\n<p>Mensalmente, governo analisa os CPFs dos benefici\u00e1rios para conferir se eles ainda se enquadram nos crit\u00e9rios para receber o aux\u00edlio.<\/p>\n\n\n\n<p><strong>Leia mais:<\/strong> <a href=\"https:\/\/investnews.com.br\/geral\/auxilio-emergencial-caixa-antecipa-calendario-da-quarta-parcela-veja-datas\/\" class=\"rank-math-link\">Caixa antecipa calend\u00e1rio da quarta parcela; veja datas<\/a><\/p>\n\n\n\n<p>De acordo com a pasta, <strong>a contesta\u00e7\u00e3o vai permitir uma nova an\u00e1lise com bases mais atualizadas dos dados da pessoa<\/strong>. O requerimento com o pedido de revis\u00e3o deve ser feito pelo&nbsp;site&nbsp;do&nbsp;Minist\u00e9rio da Cidadania.<\/p>\n\n\n\n<h2 class=\"wp-block-heading\">Como contestar<\/h2>\n\n\n\n<p>\u201cAp\u00f3s ingressar com os dados de identifica\u00e7\u00e3o e clicar na aba correspondente ao <a href=\"https:\/\/investnews.com.br\/geral\/auxilio-emergencial-quinta-parcela-calendario\/\" class=\"rank-math-link\">aux\u00edlio emergencial<\/a> 2021, a pessoa deve clicar no bot\u00e3o: \u2018contestar\u2019. A partir da\u00ed, precisa aguardar at\u00e9 que seja realizada uma nova an\u00e1lise da situa\u00e7\u00e3o do seu benef\u00edcio\u201d, informou a pasta.<\/p>\n\n\n\n<p>Ap\u00f3s a contesta\u00e7\u00e3o, o pedido ser\u00e1 reanalisado pela Dataprev. A partir da\u00ed, \u00e9 preciso aguardar at\u00e9 que a nova an\u00e1lise da situa\u00e7\u00e3o do benef\u00edcio seja conclu\u00edda.<\/p>\n\n\n\n<p>Se a raz\u00e3o que motivou o cancelamento permitir contesta\u00e7\u00e3o, o <strong>trabalhador poder\u00e1 voltar a receber o benef\u00edcio<\/strong>.<\/p>\n\n\n\n<p>O minist\u00e9rio disse que caso n\u00e3o ocorra a aprova\u00e7\u00e3o por algum motivo de indeferimento definitivo, n\u00e3o ser\u00e1 poss\u00edvel apresentar contesta\u00e7\u00e3o, pois a situa\u00e7\u00e3o que motivou o indeferimento n\u00e3o vai se alterar.<\/p>\n\n\n\n<p>Pessoas que j\u00e1 tenham ficado ineleg\u00edveis para receber o aux\u00edlio antes e j\u00e1 tenham realizado a contesta\u00e7\u00e3o, n\u00e3o poder\u00e3o submeter nova contesta\u00e7\u00e3o.<\/p>\n\n\n\n<p>J\u00e1 os bloqueios feitos a pedido dos \u00f3rg\u00e3os de controle n\u00e3o podem ser contestados ainda, pois est\u00e3o sob an\u00e1lise do Minist\u00e9rio da Cidadania e da Dataprev. Esse tipo e bloqueio \u00e9 feito de forma preventiva.<\/p>\n\n\n\n<p>\u201cPosteriormente, \u00e9 definido pela libera\u00e7\u00e3o ou cancelamento do benef\u00edcio em definitivo. N\u00e3o h\u00e1 prazo definido para divulga\u00e7\u00e3o do resultado\u201d, disse o minist\u00e9rio.<\/p>\n\n\n\n<h2 class=\"wp-block-heading\">Quem pode receber o aux\u00edlio emergencial<\/h2>\n\n\n\n<p>Segundo as novas regras estabelecidas pela Medida Provis\u00f3ria 1.039\/2021, tem direito a receber o&nbsp;<a href=\"https:\/\/investnews.com.br\/financas\/auxilio-emergencial-saque-da-2a-parcela-comeca-nesta-segunda-veja-as-datas\/\" target=\"_blank\" rel=\"noreferrer noopener\">aux\u00edlio emergencial<\/a>&nbsp;as fam\u00edlias com renda mensal de at\u00e9 tr\u00eas sal\u00e1rios m\u00ednimos (R$ 3.300), desde que a renda por cada membro seja inferior a um <a href=\"https:\/\/investnews.com.br\/guias\/salario-minimo\/\">sal\u00e1rio m\u00ednimo<\/a> (R$ 1100).<\/p>\n\n\n\n<p>O benefici\u00e1rios s\u00e3o aqueles que foram considerados eleg\u00edveis at\u00e9 o m\u00eas de dezembro de 2020.<\/p>\n\n\n\n<p>O valor m\u00e9dio do benef\u00edcio ser\u00e1 de R$ 250, mas pode mudar entre R$ 150 e R$ 375 de acordo com o perfil da pessoa e composi\u00e7\u00e3o da sua fam\u00edlia.Veja seguir<strong>:<\/strong><\/p>\n\n\n\n<ul class=\"wp-block-list\"><li><em>Fam\u00edlia monoparental chefiada por uma mulher receber\u00e1 R$ 375<\/em><\/li><li><em>Fam\u00edlias em geral devem receber R$ 250<\/em><\/li><li><em>Pessoas que moram sozinhas v\u00e3o receber R$ 150<\/em><\/li><\/ul>\n\n\n\n<h2 class=\"wp-block-heading\">Consulta do aux\u00edlio emergencial no Dataprev<\/h2>\n\n\n\n<p>A consulta poder\u00e1 ser feita pelo&nbsp;<a href=\"https:\/\/consultaauxilio.cidadania.gov.br\/consulta\/\" target=\"_blank\" rel=\"noreferrer noopener\">Portal de Consultas<\/a>&nbsp;da Dataprev. Para isso, o cidad\u00e3o dever\u00e1 informar CPF, nome completo, nome da m\u00e3e e data de nascimento.<br><br>Quem j\u00e1 recebe o Bolsa Fam\u00edlia e inscritos no Cad\u00danico n\u00e3o estar\u00e3o na lista da Dataprev j\u00e1 que, nesses casos, as parcelas ser\u00e3o depositadas automaticamente \u2013 desde que o benefici\u00e1rio se encaixe nos crit\u00e9rios de elegibilidade do aux\u00edlio.<\/p>\n\n\n\n<h2 class=\"wp-block-heading\">Como baixar o Caixa Tem em 3 passos<\/h2>\n\n\n\n<ol class=\"wp-block-list\"><li>Acesse a&nbsp;<a href=\"https:\/\/play.google.com\/store\/apps\/details?id=br.gov.caixa.tem\" target=\"_blank\" rel=\"noreferrer noopener\">Google Play Store<\/a>&nbsp;ou a&nbsp;<a href=\"https:\/\/apps.apple.com\/br\/app\/caixa-tem\/id1485424267\" target=\"_blank\" rel=\"noreferrer noopener\">Apple Store<\/a>&nbsp;e baixe o aplicativo. O acesso \u00e9 exclusivo aos benefici\u00e1rios do aux\u00edlio emergencial, saque emergencial do <a href=\"https:\/\/investnews.com.br\/guias\/fgts-como-funciona-como-sacar\/\">FGTS<\/a>, aux\u00edlio BEm e Bolsa Fam\u00edlia e Abono Salarial do PIS.<br><\/li><li>O acesso \u00e9 feito com seu CPF e uma senha num\u00e9rica cadastrada na primeira vez que o app \u00e9 utilizado.&nbsp;<br><\/li><li>No primeiro acesso, voc\u00ea receber\u00e1 um c\u00f3digo via SMS para confirmar sua identifica\u00e7\u00e3o. Informe o n\u00famero do seu telefone e depois digiteo c\u00f3digo recebido.<\/li><\/ol>\n\n\n\n<p>Ao entrar no aplicativo, o usu\u00e1rio deve acessar a conversa \u201cAtualize seu cadastro\u201d. Em seguida, \u00e9 necess\u00e1rio enviar uma foto (<em>selfie<\/em>) e os documentos pessoais (identidade, CPF e comprovante de endere\u00e7o).<\/p>\n\n\n\n<h2 class=\"wp-block-heading\">Como sacar o aux\u00edlio emergencial<\/h2>\n\n\n\n<p>Para realizar o saque em dinheiro, \u00e9 preciso fazer o<strong>&nbsp;login no aplicativo Caixa Tem<\/strong>, selecionar a op\u00e7\u00e3o \u201csaque sem cart\u00e3o\u201d e \u201cgerar c\u00f3digo de saque\u201d.<\/p>\n\n\n\n<p>Depois, o trabalhador deve inserir a senha para&nbsp;<strong>visualizar o c\u00f3digo de saque na tela do celular<\/strong>, com validade de uma hora. O c\u00f3digo deve ser utilizado para saque em dinheiro nas ag\u00eancias, nas unidades lot\u00e9ricas ou nos correspondentes Caixa Aqui.<\/p>\n\n\n\n<p>Continua dispon\u00edvel aos benefici\u00e1rios a op\u00e7\u00e3o de utiliza\u00e7\u00e3o dos recursos creditados na&nbsp;<strong><a href=\"https:\/\/investnews.com.br\/guias\/poupanca-como-funciona-quanto-rende\/\">Poupan\u00e7a<\/a> Social Digital<\/strong>&nbsp;para a realiza\u00e7\u00e3o de compras, por meio do cart\u00e3o de d\u00e9bito virtual e QR Code, pagamento de boletos, contas de \u00e1gua, luz, telefone, entre outros servi\u00e7os.<\/p>\n\n\n\n<p>Com o aplicativo Caixa Tem, tamb\u00e9m est\u00e1 dispon\u00edvel a funcionalidade para pagamentos sem cart\u00e3o nas cerca de 13 mil unidades lot\u00e9ricas do banco.<\/p>\n\n\n\n<p><em>*Com Ag\u00eancia Brasil<\/em><\/p>\n\n\n\n<h4 class=\"wp-block-heading\">Veja tamb\u00e9m<\/h4>\n\n\n\n<ul class=\"wp-block-list\"><li><a rel=\"noreferrer noopener\" target=\"_blank\" href=\"https:\/\/investnews.com.br\/economia\/reforma-tributaria-bitributacao\/\">Reforma tribut\u00e1ria<\/a>: n\u00e3o faz sentido falar em bitributa\u00e7\u00e3o, diz economista<\/li><li><a rel=\"noreferrer noopener\" target=\"_blank\" href=\"https:\/\/investnews.com.br\/cafeina\/qual-moeda-se-desvalorizou-mais-no-1o-semestre\/\">Qual moeda desvalorizou<\/a>\u00a0mais no 1\u00ba semestre?<\/li><li><a href=\"https:\/\/investnews.com.br\/economia\/auxilio-emergencial-saques-da-5a-parcela-comecam-nesta-quarta-feira-veja-datas\/\">Aux\u00edlio emergencial quinta parcela<\/a>: saques come\u00e7am nesta quarta-feira<\/li><li>Confira a data de pagamento da <a href=\"https:\/\/investnews.com.br\/geral\/auxilio-emergencial-setima-parcela-datas\/\">7\u00aa parcela do Aux\u00edlio emergencial<\/a> <\/li><li>Saiba quais setores v\u00e3o movimentar a\u00a0<a rel=\"noreferrer noopener\" target=\"_blank\" href=\"https:\/\/investnews.com.br\/financas\/saiba-quais-setores-vao-movimentar-a-temporada-de-balancos-do-2o-tri\/\">temporada de balan\u00e7os<\/a>\u00a0do 2\u00ba tri<\/li><li>Por que as\u00a0<a rel=\"noreferrer noopener\" target=\"_blank\" href=\"https:\/\/investnews.com.br\/boletim-investnews\/por-que-as-acoes-de-bancos-estao-caindo\/\">a\u00e7\u00f5es de bancos<\/a>\u00a0est\u00e3o caindo?<\/li><\/ul>\n","protected":false},"excerpt":{"rendered":"<p>A data limite se aplica aos trabalhadores que se inscreveram pelos meios digitais.<\/p>\n","protected":false},"author":7,"featured_media":240172,"comment_status":"closed","ping_status":"open","sticky":false,"template":"","format":"standard","meta":{"_acf_changed":false,"inline_featured_image":false,"footnotes":""},"categories":[5],"tags":[],"autor-wsj":[],"coauthors":[1494],"class_list":["post-263621","post","type-post","status-publish","format-standard","has-post-thumbnail","hentry","category-economia"],"acf":[],"amp_enabled":true,"_links":{"self":[{"href":"https:\/\/investnews.com.br\/inv-api\/wp\/v2\/posts\/263621","targetHints":{"allow":["GET"]}}],"collection":[{"href":"https:\/\/investnews.com.br\/inv-api\/wp\/v2\/posts"}],"about":[{"href":"https:\/\/investnews.com.br\/inv-api\/wp\/v2\/types\/post"}],"author":[{"embeddable":true,"href":"https:\/\/investnews.com.br\/inv-api\/wp\/v2\/users\/7"}],"replies":[{"embeddable":true,"href":"https:\/\/investnews.com.br\/inv-api\/wp\/v2\/comments?post=263621"}],"version-history":[{"count":8,"href":"https:\/\/investnews.com.br\/inv-api\/wp\/v2\/posts\/263621\/revisions"}],"predecessor-version":[{"id":281692,"href":"https:\/\/investnews.com.br\/inv-api\/wp\/v2\/posts\/263621\/revisions\/281692"}],"wp:featuredmedia":[{"embeddable":true,"href":"https:\/\/investnews.com.br\/inv-api\/wp\/v2\/media\/240172"}],"wp:attachment":[{"href":"https:\/\/investnews.com.br\/inv-api\/wp\/v2\/media?parent=263621"}],"wp:term":[{"taxonomy":"category","embeddable":true,"href":"https:\/\/investnews.com.br\/inv-api\/wp\/v2\/categories?post=263621"},{"taxonomy":"post_tag","embeddable":true,"href":"https:\/\/investnews.com.br\/inv-api\/wp\/v2\/tags?post=263621"},{"taxonomy":"autor-wsj","embeddable":true,"href":"https:\/\/investnews.com.br\/inv-api\/wp\/v2\/autor-wsj?post=263621"},{"taxonomy":"author","embeddable":true,"href":"https:\/\/investnews.com.br\/inv-api\/wp\/v2\/coauthors?post=263621"}],"curies":[{"name":"wp","href":"https:\/\/api.w.org\/{rel}","templated":true}]}}