{"id":264430,"date":"2021-07-26T18:31:56","date_gmt":"2021-07-26T21:31:56","guid":{"rendered":"https:\/\/investnews.com.br\/?p=264430"},"modified":"2024-06-26T12:24:12","modified_gmt":"2024-06-26T15:24:12","slug":"engie-brasil-bate-recorde-de-geracao-eolica-em-julho","status":"publish","type":"post","link":"https:\/\/investnews.com.br\/economia\/engie-brasil-bate-recorde-de-geracao-eolica-em-julho\/","title":{"rendered":"Engie Brasil bate recorde de gera\u00e7\u00e3o e\u00f3lica em julho"},"content":{"rendered":"\n<p>A el\u00e9trica <strong>Engie\u00a0<a rel=\"noreferrer noopener\" href=\"https:\/\/investnews.com.br\/cotacao\/egie3-engie-brasil\/\" target=\"_blank\" class=\"rank-math-link\">(EGIE3)<\/a><\/strong> registrou no \u00faltimo dia 22 uma <strong>m\u00e1xima recorde de gera\u00e7\u00e3o de energia e\u00f3lica,<\/strong> ao atingir 1.105,19 megawatts (MW) em uma m\u00e9dia de cinco minutos, em momento em que a companhia busca ampliar o fator de capacidade e sua participa\u00e7\u00e3o no segmento.<\/p>\n\n\n\n<p>De acordo com a controlada da francesa Engie, o incremento em seu fator de capacidade de gera\u00e7\u00e3o e\u00f3lica ao longo do primeiro semestre de 2021 foi de <strong>10,6 pontos percentuais em compara\u00e7\u00e3o com igual per\u00edodo do ano anterior<\/strong>.<\/p>\n\n\n\n<p>Com isso, disse a empresa, foram registrados sucessivos recordes de gera\u00e7\u00e3o e\u00f3lica desde maio. Na m\u00e1xima de 22 de julho, o terceiro dia no m\u00eas em que a Engie atingiu picos superiores a 1 gigawatt (GW), o fator de capacidade bateu 89,2%.<\/p>\n\n\n\n<p>&#8220;Essa \u00e9 quase toda a capacidade instalada na fonte na data, com 411 aerogeradores&#8221;, afirmou a companhia em nota enviada \u00e0 Reuters.<\/p>\n\n\n\n<p>Os recordes reportados pela Engie ocorrem em linha com m\u00e1ximas de gera\u00e7\u00e3o e\u00f3lica registradas pelo Operador Nacional do Sistema El\u00e9trico (ONS) no Nordeste, onde est\u00e3o localizados os principais ativos da empresa no segmento.<\/p>\n\n\n\n<p>Segundo o ONS, em 22 de julho a gera\u00e7\u00e3o e\u00f3lica no Nordeste atingiu pela primeira vez montante suficiente para atender a 102% da demanda da regi\u00e3o, com 11.399 MW m\u00e9dios, quebrando recorde que havia sido estabelecido justamente no dia anterior.<\/p>\n\n\n\n<h2 class=\"wp-block-heading\">Pr\u00f3ximos passos<\/h2>\n\n\n\n<p>O ONS espera que a energia e\u00f3lica represente <strong>11,2% da matriz el\u00e9trica brasileira<\/strong> ao final deste ano, ante 10,7% atualmente, em momento em que o pa\u00eds passa por uma grave crise h\u00eddrica, que tem comprometido a gera\u00e7\u00e3o hidrel\u00e9trica &#8211;principal fonte de energia do Brasil.<\/p>\n\n\n\n<p>Nesse sentido, a Engie Brasil Energia destacou que pretende seguir ampliando sua fatia no segmento e\u00f3lico. Entre os pr\u00f3ximos passos, segundo a empresa, est\u00e1 a entrada em opera\u00e7\u00e3o parcial do Conjunto E\u00f3lico Campo Largo, localizado nos munic\u00edpios de Umburanas e Sento S\u00e9 (BA).<\/p>\n\n\n\n<p>Com a opera\u00e7\u00e3o de Campo Largo integral, prevista para entre agosto e setembro, a Engie espera somar 1.262,8 MW em capacidade instalada em energia e\u00f3lica no Brasil, sendo a maior parte na Bahia, e ampliar a oferta de energia no ambiente livre, no qual ind\u00fastrias e empresas de grande porte negociam contratos diretamente com geradoras ou comercializadoras.<\/p>\n\n\n\n<p>&#8220;A Engie tamb\u00e9m iniciou a implanta\u00e7\u00e3o do Conjunto E\u00f3lico Santo Agostinho, localizado nos munic\u00edpios de Lajes e Pedro Avelino, no Rio Grande do Norte&#8221;, acrescentou a empresa, estimando que o projeto &#8211;com investimento de 2,2 bilh\u00f5es de reais e 434 MW de capacidade para direcionamento ao mercado livre&#8211; entre em opera\u00e7\u00e3o comercial at\u00e9 mar\u00e7o de 2023.<\/p>\n\n\n\n<p><strong>Veja tamb\u00e9m<\/strong><\/p>\n\n\n\n<ul class=\"wp-block-list\"><li>De Rede D\u2019Or a Meliuz: as 7 a\u00e7\u00f5es cotadas para o&nbsp;<a target=\"_blank\" href=\"https:\/\/investnews.com.br\/cafeina\/de-rede-dor-a-meliuz-as-7-acoes-cotadas-para-o-ibovespa\/\" rel=\"noreferrer noopener\">Ibovespa<\/a><\/li><li>Do campo \u00e0 B3: tudo o que voc\u00ea precisa saber sobre o t\u00edtulo do&nbsp;<a target=\"_blank\" href=\"https:\/\/investnews.com.br\/financas\/do-campo-a-b3-tudo-o-que-voce-precisa-saber-sobre-o-titulo-do-mst-na-bolsa\/\" rel=\"noreferrer noopener\">MST na bolsa<\/a><\/li><li><a target=\"_blank\" href=\"https:\/\/investnews.com.br\/analistas-em-acao\/carteira-recomendada-semanal-e-analise-tecnica-o-que-voce-precisa-saber\/\" rel=\"noreferrer noopener\">Carteira recomendada<\/a>&nbsp;semanal e an\u00e1lise t\u00e9cnica: o que voc\u00ea precisa saber<\/li><li><a target=\"_blank\" href=\"https:\/\/investnews.com.br\/geral\/roubo-de-dados-o-que-e-phishing-e-como-se-prevenir\/\" rel=\"noreferrer noopener\">Roubo de dados<\/a>: o que \u00e9 phishing e como se prevenir?<\/li><li><a target=\"_blank\" href=\"https:\/\/investnews.com.br\/economia\/imposto-minimo-global-o-que-e\/\" rel=\"noreferrer noopener\">Imposto m\u00ednimo global<\/a>: 6 pontos para entender o que \u00e9 e como ele afeta os pa\u00edses<\/li><li><a target=\"_blank\" href=\"https:\/\/investnews.com.br\/colunistas\/sos-financas\/quanto-investir-para-renda-de-30-salarios-minimos-em-30-anos\/\" rel=\"noreferrer noopener\">Quanto investir<\/a>&nbsp;para ter uma renda de 30 sal\u00e1rios m\u00ednimos em 30 anos?<\/li><\/ul>\n","protected":false},"excerpt":{"rendered":"<p>Companhia busca ampliar o fator de capacidade e sua participa\u00e7\u00e3o no segmento.<\/p>\n","protected":false},"author":53,"featured_media":239719,"comment_status":"closed","ping_status":"open","sticky":false,"template":"","format":"standard","meta":{"_acf_changed":false,"inline_featured_image":false,"footnotes":""},"categories":[5],"tags":[824],"autor-wsj":[],"coauthors":[2433],"class_list":["post-264430","post","type-post","status-publish","format-standard","has-post-thumbnail","hentry","category-economia","tag-energia"],"acf":[],"amp_enabled":true,"_links":{"self":[{"href":"https:\/\/investnews.com.br\/inv-api\/wp\/v2\/posts\/264430","targetHints":{"allow":["GET"]}}],"collection":[{"href":"https:\/\/investnews.com.br\/inv-api\/wp\/v2\/posts"}],"about":[{"href":"https:\/\/investnews.com.br\/inv-api\/wp\/v2\/types\/post"}],"author":[{"embeddable":true,"href":"https:\/\/investnews.com.br\/inv-api\/wp\/v2\/users\/53"}],"replies":[{"embeddable":true,"href":"https:\/\/investnews.com.br\/inv-api\/wp\/v2\/comments?post=264430"}],"version-history":[{"count":5,"href":"https:\/\/investnews.com.br\/inv-api\/wp\/v2\/posts\/264430\/revisions"}],"predecessor-version":[{"id":264443,"href":"https:\/\/investnews.com.br\/inv-api\/wp\/v2\/posts\/264430\/revisions\/264443"}],"wp:featuredmedia":[{"embeddable":true,"href":"https:\/\/investnews.com.br\/inv-api\/wp\/v2\/media\/239719"}],"wp:attachment":[{"href":"https:\/\/investnews.com.br\/inv-api\/wp\/v2\/media?parent=264430"}],"wp:term":[{"taxonomy":"category","embeddable":true,"href":"https:\/\/investnews.com.br\/inv-api\/wp\/v2\/categories?post=264430"},{"taxonomy":"post_tag","embeddable":true,"href":"https:\/\/investnews.com.br\/inv-api\/wp\/v2\/tags?post=264430"},{"taxonomy":"autor-wsj","embeddable":true,"href":"https:\/\/investnews.com.br\/inv-api\/wp\/v2\/autor-wsj?post=264430"},{"taxonomy":"author","embeddable":true,"href":"https:\/\/investnews.com.br\/inv-api\/wp\/v2\/coauthors?post=264430"}],"curies":[{"name":"wp","href":"https:\/\/api.w.org\/{rel}","templated":true}]}}