{"id":265474,"date":"2021-07-30T06:15:00","date_gmt":"2021-07-30T09:15:00","guid":{"rendered":"https:\/\/investnews.com.br\/?p=265474"},"modified":"2024-06-24T21:38:36","modified_gmt":"2024-06-25T00:38:36","slug":"com-alta-de-130-em-2021-ate-onde-vao-as-acoes-da-embraer","status":"publish","type":"post","link":"https:\/\/investnews.com.br\/financas\/com-alta-de-130-em-2021-ate-onde-vao-as-acoes-da-embraer\/","title":{"rendered":"A\u00e7\u00f5es da Embraer avan\u00e7am mais de 130% em 2021"},"content":{"rendered":"\n<figure class=\"wp-block-embed-youtube wp-block-embed is-type-video is-provider-youtube wp-embed-aspect-16-9 wp-has-aspect-ratio\"><div class=\"wp-block-embed__wrapper\">\n<iframe loading=\"lazy\" title=\"EMBR3: ap\u00f3s alta de 130% em 2021, para onde vai a EMBRAER?\" width=\"500\" height=\"281\" src=\"https:\/\/www.youtube.com\/embed\/4sD_mR5kwL8?feature=oembed\" frameborder=\"0\" allow=\"accelerometer; autoplay; clipboard-write; encrypted-media; gyroscope; picture-in-picture; web-share\" referrerpolicy=\"strict-origin-when-cross-origin\" allowfullscreen><\/iframe>\n<\/div><\/figure>\n\n\n\n<p>Em pouco mais de um ano e meio, as a\u00e7\u00f5es&nbsp;da&nbsp;<strong>Embraer (EMBR3)<\/strong>&nbsp;viveram uma verdadeira reviravolta. Sa\u00edram da casa dos R$ 19,73 no fim de 2019 para R$ 5,77 em outubro de 2020, uma queda de 70%.<\/p>\n\n\n\n<p>Do primeiro preg\u00e3o em 2021 at\u00e9 os 29 dias de julho, a valoriza\u00e7\u00e3o dos pap\u00e9is da Embraer \u00e9 de 130%, o que coloca os ativos entre as melhores <a class=\"rank-math-link\" href=\"https:\/\/investnews.com.br\/guias\/rentabilidade\/\">rentabilidades<\/a> do<strong> Ibovespa <\/strong>&#8211; pelo menos at\u00e9 agora. Segundo analistas, ao menos tr\u00eas fatores s\u00e3o citados como importantes para essa movimenta\u00e7\u00e3o.\u00a0 Entre elas, o crescimento de encomendas de jatos particulares.<\/p>\n\n\n\n<p>Apesar da derrocada da ind\u00fastria de viagens a\u00e9reas em 2020 dado o choque da <strong>pandemia<\/strong>, a fabricante tem visto melhora na demanda por suas aeronaves de pequeno e m\u00e9dio porte. Os clientes mais abastados est\u00e3o voando cada vez mais em jatos executivos&nbsp;para evitar o risco de contamina\u00e7\u00e3o por <strong>covid-19<\/strong> em avi\u00f5es&nbsp;comerciais. E isso vem ajudando a impulsionar o crescimento da&nbsp;Embraer, com uma alta de 57% nos pedidos de jatos s\u00f3 no primeiro trimestre deste ano em rela\u00e7\u00e3o a 2020. <\/p>\n\n\n\n<p>Al\u00e9m disso,  a subsidi\u00e1ria do grupo Embraer, a <em><strong>EVE Urbain Air<\/strong>, <\/em>junto \u00e0&nbsp;<em>EDP Brasil<\/em>, assinaram um acordo de pesquisa para desenvolverem um projeto de mobilidade a\u00e9rea urbana. Essa seria na verdade uma parceria para colocar de p\u00e9 toda a infraestrutura dos chamados &#8220;<strong>carros voadores&#8221;, ou eVTOLs<\/strong>. Inclusive, no come\u00e7o de junho, foi feito um pedido inicial de at\u00e9 50 eVTOLs (que s\u00e3o aeronaves el\u00e9tricas de decolagem e pouso vertical). <\/p>\n\n\n\n<p>No Cafe\u00edna desta sexta-feira, 29, <strong>Samy Dana e Dony De Nuccio <\/strong>mostram as proje\u00e7\u00f5es de analistas e do mercado para a fabricante. Ser\u00e1 que a decolagem da companhia \u00e9 pra valer?<\/p>\n","protected":false},"excerpt":{"rendered":"<p>Ap\u00f3s reviravolta nas a\u00e7\u00f5es, aumento nos pedidos de jatos particulares, al\u00e9m do projeto de carros voadores parecem fazer a companhia decolar. <\/p>\n","protected":false},"author":37,"featured_media":265476,"comment_status":"closed","ping_status":"open","sticky":false,"template":"","format":"video","meta":{"_acf_changed":false,"inline_featured_image":false,"footnotes":""},"categories":[4],"tags":[177],"autor-wsj":[],"coauthors":[2270,1569],"class_list":["post-265474","post","type-post","status-publish","format-video","has-post-thumbnail","hentry","category-financas","tag-embraer","post_format-post-format-video"],"acf":[],"amp_enabled":true,"_links":{"self":[{"href":"https:\/\/investnews.com.br\/inv-api\/wp\/v2\/posts\/265474","targetHints":{"allow":["GET"]}}],"collection":[{"href":"https:\/\/investnews.com.br\/inv-api\/wp\/v2\/posts"}],"about":[{"href":"https:\/\/investnews.com.br\/inv-api\/wp\/v2\/types\/post"}],"author":[{"embeddable":true,"href":"https:\/\/investnews.com.br\/inv-api\/wp\/v2\/users\/37"}],"replies":[{"embeddable":true,"href":"https:\/\/investnews.com.br\/inv-api\/wp\/v2\/comments?post=265474"}],"version-history":[{"count":9,"href":"https:\/\/investnews.com.br\/inv-api\/wp\/v2\/posts\/265474\/revisions"}],"predecessor-version":[{"id":265631,"href":"https:\/\/investnews.com.br\/inv-api\/wp\/v2\/posts\/265474\/revisions\/265631"}],"wp:featuredmedia":[{"embeddable":true,"href":"https:\/\/investnews.com.br\/inv-api\/wp\/v2\/media\/265476"}],"wp:attachment":[{"href":"https:\/\/investnews.com.br\/inv-api\/wp\/v2\/media?parent=265474"}],"wp:term":[{"taxonomy":"category","embeddable":true,"href":"https:\/\/investnews.com.br\/inv-api\/wp\/v2\/categories?post=265474"},{"taxonomy":"post_tag","embeddable":true,"href":"https:\/\/investnews.com.br\/inv-api\/wp\/v2\/tags?post=265474"},{"taxonomy":"autor-wsj","embeddable":true,"href":"https:\/\/investnews.com.br\/inv-api\/wp\/v2\/autor-wsj?post=265474"},{"taxonomy":"author","embeddable":true,"href":"https:\/\/investnews.com.br\/inv-api\/wp\/v2\/coauthors?post=265474"}],"curies":[{"name":"wp","href":"https:\/\/api.w.org\/{rel}","templated":true}]}}