{"id":265560,"date":"2021-07-30T10:59:11","date_gmt":"2021-07-30T13:59:11","guid":{"rendered":"https:\/\/investnews.com.br\/?p=265560"},"modified":"2021-12-06T16:58:12","modified_gmt":"2021-12-06T19:58:12","slug":"ibovespa-dolar-cotacao-30-07-2021","status":"publish","type":"post","link":"https:\/\/investnews.com.br\/financas\/ibovespa-dolar-cotacao-30-07-2021\/","title":{"rendered":"Ibovespa tem maior queda desde mar\u00e7o, ap\u00f3s fala de Bolsonaro e tombo da Vale"},"content":{"rendered":"\n<p>O <strong>Ibovespa<\/strong>, principal indicador da bolsa brasileira, a <strong>B3<\/strong>, fechou o m\u00eas de julho em forte queda, enquanto o <strong>d\u00f3lar<\/strong> subiu nesta sexta-feira (30), ap\u00f3s ter chegado \u00e0 m\u00ednima de R$ 5,04 no dia anterior. A queda veio na esteira do tombo das a\u00e7\u00f5es da <strong>Vale<\/strong> (<a class=\"rank-math-link\" href=\"https:\/\/investnews.com.br\/cotacao\/vale3-vale\/\">VALE3<\/a>) e em rea\u00e7\u00e3o a preocupa\u00e7\u00f5es fiscais ap\u00f3s declara\u00e7\u00f5es do presidente<strong> Jair Bolsonaro<\/strong>.<\/p>\n\n\n\n<p>O<strong> d\u00f3lar fechou em alta de 2,57%, a R$ 5,2097<\/strong>, ap\u00f3s chegar \u00e0 m\u00e1xima de <strong>R$ 5,2137 mais cedo. <\/strong>A moeda americana acumulou alta de 4,76% no m\u00eas de julho. J\u00e1 <strong>o Ibovespa caiu 2,63%<\/strong> nesta sexta, aos 122.372 pontos. \u00c9 a maior queda desde o dia 8 de mar\u00e7o, quando o \u00edndice recuou 3,98%. Em julho, o Ibovespa desvalorizou 3,94%. <a class=\"rank-math-link\" href=\"https:\/\/investnews.com.br\/cotacao\/\">Veja mais cota\u00e7\u00f5es hoje.<\/a><\/p>\n\n\n\n<figure class=\"wp-block-embed-youtube wp-block-embed is-type-video is-provider-youtube wp-embed-aspect-16-9 wp-has-aspect-ratio\"><div class=\"wp-block-embed__wrapper\">\n<iframe loading=\"lazy\" title=\"Ibovespa hoje: por que o mercado despencou ap\u00f3s falas de Bolsonaro\" width=\"500\" height=\"281\" src=\"https:\/\/www.youtube.com\/embed\/73VZRnnP98A?feature=oembed\" frameborder=\"0\" allow=\"accelerometer; autoplay; clipboard-write; encrypted-media; gyroscope; picture-in-picture; web-share\" referrerpolicy=\"strict-origin-when-cross-origin\" allowfullscreen><\/iframe>\n<\/div><\/figure>\n\n\n\n<p>No cen\u00e1rio brasileiro, repercutiu mal entrevista de Bolsonaro a uma r\u00e1dio, voltando a citar uma eventual <strong>manuten\u00e7\u00e3o do aux\u00edlio emergencial<\/strong> bem como <strong>aumento do Bolsa Fam\u00edlia<\/strong>, com temores de que o governo assuma um vi\u00e9s mais <strong>populista<\/strong> conforme registra queda em pesquisas.<\/p>\n\n\n\n<p>Fontes tamb\u00e9m afirmaram \u00e0 Reuters que o governo federal planeja incluir um <strong><a class=\"rank-math-link\" href=\"https:\/\/investnews.com.br\/economia\/governo-planeja-criar-vale-gas-para-familias-de-baixa-renda\/\">vale-g\u00e1s<\/a><\/strong> na reformula\u00e7\u00e3o dos programas sociais que ser\u00e1 anunciada no m\u00eas de agosto para compensar os <strong>reajustes recordes do combust\u00edvel.<\/strong><\/p>\n\n\n\n<p>Jansen Costa, s\u00f3cio-fundador da Fatorial Investimentos, comenta que o dia negativo para o <a href=\"https:\/\/investnews.com.br\/guias\/como-funciona-o-mercado-financeiro\/\">mercado financeiro<\/a> \u00e9 puxado por &#8220;rumores da equipe econ\u00f4mica tentando segurar o Bolsonaro com rela\u00e7\u00e3o ao aumento do Bolsa Fam\u00edlia a R$ 300, que furaria o <strong>teto de gastos<\/strong>. Mas o humor dos investidores j\u00e1 come\u00e7ou ruim pela manh\u00e3, dado que o min\u00e9rio de ferro chegou a cair 8%.&#8221;&nbsp; <\/p>\n\n\n\n<p>O ministro da Economia,<strong> Paulo Guedes<\/strong>, disse nesta sexta que o governo n\u00e3o descumprir\u00e1 a regra do teto de gastos por causa do Bolsa Fam\u00edlia, cujo valor ser\u00e1 reajustado segundo an\u00fancio j\u00e1 feito pelo presidente Jair Bolsonaro.<\/p>\n\n\n\n<p>&#8220;Os senhores podem ter certeza que n\u00e3o furar\u00edamos o teto por causa do Bolsa Fam\u00edlia, n\u00e3o \u00e9 nada disso, isso tudo est\u00e1 sendo programado com muita responsabilidade&#8221;, disse o ministro a jornalistas ap\u00f3s participar de evento no Rio de Janeiro.<\/p>\n\n\n\n<h2 class=\"wp-block-heading\">D\u00f3lar em dia de Ptax<\/h2>\n\n\n\n<p>O <strong>d\u00f3lar <\/strong>ganhou for\u00e7a em dia de negocia\u00e7\u00f5es vol\u00e1teis devido ao fechamento da <a href=\"https:\/\/investnews.com.br\/guias\/dolar-ptax-o-que-e\/\">Ptax<\/a> (taxa m\u00e9dia calculada pelo Banco Central) de fim de m\u00eas. V\u00e1rios analistas chamaram a aten\u00e7\u00e3o para a briga entre comprados e vendidos antes da forma\u00e7\u00e3o da taxa. <\/p>\n\n\n\n<p>A <strong>Ptax \u00e9 uma taxa de c\u00e2mbio calculada pelo BC<\/strong>, que serve de refer\u00eancia para liquida\u00e7\u00e3o de <a href=\"https:\/\/investnews.com.br\/guias\/derivativos-o-que-sao-e-como-investir\/\">derivativos<\/a>. No fim de cada m\u00eas, agentes financeiros costumam tentar direcionar a Ptax para n\u00edveis mais convenientes a suas posi\u00e7\u00f5es.<\/p>\n\n\n\n<h2 class=\"wp-block-heading\">Destaques da bolsa<\/h2>\n\n\n\n<p>As a\u00e7\u00f5es da <strong>Vale<\/strong> (<a href=\"https:\/\/investnews.com.br\/cotacao\/vale3-vale\/\">VALE3<\/a>) tombaram mais de 4%, afetadas pelo recuo dos contratos futuros do min\u00e9rio de ferro na \u00c1sia nesta sexta-feira, pressionados pela decis\u00e3o da China de reduzir a produ\u00e7\u00e3o de a\u00e7o e pela diminui\u00e7\u00e3o na demanda dom\u00e9stica pelo material de constru\u00e7\u00e3o e manufatura. <\/p>\n\n\n\n<p>A provedora digital de solu\u00e7\u00f5es antifraude\u00a0<strong>Clear Sale\u00a0<a rel=\"noreferrer noopener\" class=\"rank-math-link\" href=\"https:\/\/investnews.com.br\/cotacao\/clsa3-clear-sale\/\" target=\"_blank\">(CLSA3)<\/a>\u00a0<\/strong>estreou nesta sexta na B3 em disparada. J\u00e1 a <strong>Localiza<\/strong>\u00a0(<a rel=\"noreferrer noopener\" class=\"rank-math-link\" href=\"https:\/\/investnews.com.br\/cotacao\/rent3-localiza-rent\/\" target=\"_blank\">RENT3<\/a>) ficou entre as principais quedas do<strong>\u00a0Ibovespa<\/strong>,\u00a0<strong>ap\u00f3s reportar\u00a0<a rel=\"noreferrer noopener\" class=\"rank-math-link\" href=\"https:\/\/investnews.com.br\/negocios\/lucro-da-localiza-sobe-quase-5-vezes-no-2o-trimestre\/\" target=\"_blank\">lucro l\u00edquido<\/a>\u00a0de R$\u00a0447,9 milh\u00f5es\u00a0no per\u00edodo,<\/strong>\u00a0um salto de\u00a0<strong>398,2%<\/strong>\u00a0ante o mesmo per\u00edodo do ano passado. Enquanto isso, a\u00a0<a rel=\"noreferrer noopener\" href=\"https:\/\/investnews.com.br\/financas\/usiminas-reverte-prejuizo-e-lucra-r-45-bilhoes-no-2o-tri\/\" target=\"_blank\" class=\"rank-math-link\">Usiminas<\/a>\u00a0(<a rel=\"noreferrer noopener\" href=\"https:\/\/investnews.com.br\/cotacao\/usim3-usiminas\/\" target=\"_blank\" class=\"rank-math-link\">USIM5<\/a>) recuava, mesmo ap\u00f3s anuncuar que reverteu preju\u00edzo e teve <strong>resultado recorde<\/strong>. <em>Veja outros<a href=\"https:\/\/investnews.com.br\/financas\/clear-sale-dispara-mais-de-12-na-b3-em-dia-de-estreia-localiza-cai-mais-de-6\/\" class=\"rank-math-link\"> destaques da bolsa de valores.<\/a><\/em><\/p>\n\n\n\n<h2 class=\"wp-block-heading\">Bolsas mundiais<\/h2>\n\n\n\n<h3 class=\"wp-block-heading\">Wall Street<\/h3>\n\n\n\n<p>Os \u00edndices acion\u00e1rios norte-americanos encerraram esta sexta-feira em queda, com os pap\u00e9is da Amazon.com recuando ap\u00f3s a empresa projetar um crescimento menor nas vendas, mas ainda assim o S&amp;P 500 cravou seu sexto m\u00eas consecutivo de ganhos.<\/p>\n\n\n\n<ul class=\"wp-block-list\"><li>O \u00edndice <strong>Dow Jones<\/strong> caiu 0,42%, a 34.935 pontos<\/li><li><strong>S&amp;P 500<\/strong> perdeu 0,540602%, a 4.395 pontos<\/li><li>O \u00edndice de tecnologia <strong>Nasdaq<\/strong> recuou 0,71%, a 14.673 pontos.<\/li><\/ul>\n\n\n\n<p>No m\u00eas, o S&amp;P 500 acumulou alta de 2,3%, o Dow subiu 1,3%, e Nasdaq apurou ganho de 1,2%. Na semana, por outro lado, os tr\u00eas \u00edndices tiveram desempenho negativo.<\/p>\n\n\n\n<h3 class=\"wp-block-heading\">Europa<\/h3>\n\n\n\n<p>As a\u00e7\u00f5es europeias ca\u00edram de m\u00e1ximas recordes nesta sexta-feira, j\u00e1 que preocupa\u00e7\u00f5es com a r\u00e1pida dissemina\u00e7\u00e3o da variante delta e medidas regulat\u00f3rias na China sobrepujaram o otimismo em torno da temporada de balan\u00e7os trimestrais e da recupera\u00e7\u00e3o econ\u00f4mica. <\/p>\n\n\n\n<ul class=\"wp-block-list\"><li>Em LONDRES, o \u00edndice Financial Times recuou 0,65%, a 7.032,30 pontos.<\/li><li>Em FRANKFURT, o \u00edndice DAX caiu 0,61%, a 15.544,39 pontos.<\/li><li>Em PARIS, o \u00edndice CAC-40 perdeu 0,32%, a 6.612,76 pontos.<\/li><li>Em MIL\u00c3O, o \u00edndice Ftse\/Mib teve desvaloriza\u00e7\u00e3o de 0,60%, a 25.363,02 pontos.<\/li><li>Em MADRI, o \u00edndice Ibex-35 registrou baixa de 1,26%, a 8.675,70 pontos.<\/li><li>Em LISBOA, o \u00edndice PSI20 desvalorizou-se 1,81%, a 5.026,90 pontos.<\/li><\/ul>\n\n\n\n<h3 class=\"wp-block-heading\">\u00c1sia e Pac\u00edfico<\/h3>\n\n\n\n<p>As <strong>a\u00e7\u00f5es de Hong Kong e da China retomaram queda <\/strong>nesta sexta, ap\u00f3s mostrarem recupera\u00e7\u00e3o na sess\u00e3o anterior. Os principais \u00edndices registraram o pior desempenho mensal em anos, j\u00e1 que as persistentes <strong>preocupa\u00e7\u00f5es com repress\u00f5es regulat\u00f3rias<\/strong> superaram as tentativas de Pequim de acalmar os mercados. <\/p>\n\n\n\n<ul class=\"wp-block-list\"><li>Em T\u00d3QUIO, o \u00edndice Nikkei recuou 1,80%, a 27.283 pontos.<\/li><li>Em HONG KONG, o \u00edndice HANG SENG caiu 1,35%, a 25.961 pontos.<\/li><li>Em XANGAI, o \u00edndice SSEC perdeu 0,42%, a 3.397 pontos.<\/li><li>O \u00edndice CSI300, que re\u00fane as maiores companhias listadas em XANGAI e SHENZHEN, retrocedeu 0,81%, a 4.811 pontos.<\/li><li>Em SEUL, o \u00edndice KOSPI teve desvaloriza\u00e7\u00e3o de 1,24%, a 3.202 pontos.<\/li><li>Em TAIWAN, o \u00edndice TAIEX registrou baixa de 0,89%, a 17.247 pontos.<\/li><li>Em CINGAPURA, o \u00edndice STRAITS TIMES desvalorizou-se 0,43%, a 3.166 pontos.<\/li><li>Em SYDNEY o \u00edndice S&amp;P\/ASX 200 recuou 0,33%, a 7.392 pontos.<\/li><\/ul>\n\n\n\n<p><em>(*Com informa\u00e7\u00f5es de Reuters)<\/em><\/p>\n\n\n\n<h4 class=\"wp-block-heading\">Veja tamb\u00e9m<\/h4>\n\n\n\n<ul class=\"wp-block-list\"><li>Conhe\u00e7a nosso<a rel=\"noreferrer noopener\" target=\"_blank\" href=\"https:\/\/investnews.com.br\/guias\/\">\u00a0guia de investimentos<\/a>\u00a0e aprenda tudo sobre o mercado financeiro <\/li><li><a href=\"https:\/\/investnews.com.br\/financas\/usiminas-reverte-prejuizo-e-lucra-r-45-bilhoes-no-2o-tri\/\" class=\"rank-math-link\">Usiminas<\/a> reverte preju\u00edzo e lucra R$ 4,5 bilh\u00f5es no 2\u00ba tri<\/li><li><a href=\"https:\/\/investnews.com.br\/economia\/taxa-de-desemprego-fica-em-146-no-trimestre-encerrado-em-maio\/\" class=\"rank-math-link\">Taxa de desemprego<\/a> fica em 14,6% no trimestre encerrado em maio<\/li><li><a href=\"https:\/\/investnews.com.br\/cafeina\/commodities-e-uma-intrusa-lideram-altas-do-ibovespa-em-julho\/\" class=\"rank-math-link\">Ibovespa em Julho<\/a>: Confira as maiores altas e baixas<\/li><li><a href=\"https:\/\/investnews.com.br\/financas\/minerio-de-ferro-despenca-mais-de-8-apos-china-reduzir-producao-de-aco\/\" class=\"rank-math-link\">Min\u00e9rio de ferro<\/a> despenca mais de 8%, ap\u00f3s China reduzir produ\u00e7\u00e3o de a\u00e7o<\/li><li>Prazo para pagamento do <a href=\"https:\/\/investnews.com.br\/financas\/prazo-para-pagamento-do-darf-termina-nesta-sexta-feira\/\" class=\"rank-math-link\">DARF<\/a> termina nesta sexta-feira<\/li><\/ul>\n","protected":false},"excerpt":{"rendered":"<p>D\u00f3lar tamb\u00e9m foi pressionado e disparou a R$ 5,20; Ibovespa caiu quase 4% em julho.<\/p>\n","protected":false},"author":7,"featured_media":11753,"comment_status":"closed","ping_status":"open","sticky":false,"template":"","format":"standard","meta":{"_acf_changed":false,"inline_featured_image":false,"footnotes":""},"categories":[4],"tags":[26],"autor-wsj":[],"coauthors":[1494],"class_list":["post-265560","post","type-post","status-publish","format-standard","has-post-thumbnail","hentry","category-financas","tag-dolar"],"acf":[],"amp_enabled":true,"_links":{"self":[{"href":"https:\/\/investnews.com.br\/inv-api\/wp\/v2\/posts\/265560","targetHints":{"allow":["GET"]}}],"collection":[{"href":"https:\/\/investnews.com.br\/inv-api\/wp\/v2\/posts"}],"about":[{"href":"https:\/\/investnews.com.br\/inv-api\/wp\/v2\/types\/post"}],"author":[{"embeddable":true,"href":"https:\/\/investnews.com.br\/inv-api\/wp\/v2\/users\/7"}],"replies":[{"embeddable":true,"href":"https:\/\/investnews.com.br\/inv-api\/wp\/v2\/comments?post=265560"}],"version-history":[{"count":35,"href":"https:\/\/investnews.com.br\/inv-api\/wp\/v2\/posts\/265560\/revisions"}],"predecessor-version":[{"id":292214,"href":"https:\/\/investnews.com.br\/inv-api\/wp\/v2\/posts\/265560\/revisions\/292214"}],"wp:featuredmedia":[{"embeddable":true,"href":"https:\/\/investnews.com.br\/inv-api\/wp\/v2\/media\/11753"}],"wp:attachment":[{"href":"https:\/\/investnews.com.br\/inv-api\/wp\/v2\/media?parent=265560"}],"wp:term":[{"taxonomy":"category","embeddable":true,"href":"https:\/\/investnews.com.br\/inv-api\/wp\/v2\/categories?post=265560"},{"taxonomy":"post_tag","embeddable":true,"href":"https:\/\/investnews.com.br\/inv-api\/wp\/v2\/tags?post=265560"},{"taxonomy":"autor-wsj","embeddable":true,"href":"https:\/\/investnews.com.br\/inv-api\/wp\/v2\/autor-wsj?post=265560"},{"taxonomy":"author","embeddable":true,"href":"https:\/\/investnews.com.br\/inv-api\/wp\/v2\/coauthors?post=265560"}],"curies":[{"name":"wp","href":"https:\/\/api.w.org\/{rel}","templated":true}]}}