{"id":265757,"date":"2021-07-30T18:27:32","date_gmt":"2021-07-30T21:27:32","guid":{"rendered":"https:\/\/investnews.com.br\/?p=265757"},"modified":"2025-11-27T13:53:58","modified_gmt":"2025-11-27T16:53:58","slug":"ibovespa-nesta-sexta-feira-por-que-o-mercado-despencou-apos-falas-de-bolsonaro","status":"publish","type":"post","link":"https:\/\/investnews.com.br\/financas\/ibovespa-nesta-sexta-feira-por-que-o-mercado-despencou-apos-falas-de-bolsonaro\/","title":{"rendered":"Ibovespa nesta sexta-feira: por que o mercado despencou ap\u00f3s falas de Bolsonaro?"},"content":{"rendered":"\n<figure class=\"wp-block-embed is-type-video is-provider-youtube wp-block-embed-youtube wp-embed-aspect-16-9 wp-has-aspect-ratio\"><div class=\"wp-block-embed__wrapper\">\n<iframe loading=\"lazy\" title=\"Ibovespa hoje: por que o mercado despencou ap\u00f3s falas de Bolsonaro\" width=\"500\" height=\"281\" src=\"https:\/\/www.youtube.com\/embed\/73VZRnnP98A?feature=oembed\" frameborder=\"0\" allow=\"accelerometer; autoplay; clipboard-write; encrypted-media; gyroscope; picture-in-picture; web-share\" referrerpolicy=\"strict-origin-when-cross-origin\" allowfullscreen><\/iframe>\n<\/div><\/figure>\n\n\n\n<p><strong>Ibovespa cai e d\u00f3lar dispara<\/strong>: o Boletim InvestNews comenta o dia tenso no mercado, com o Ibovespa na <a href=\"https:\/\/investnews.com.br\/financas\/ibovespa-dolar-cotacao-30-07-2021\/\" class=\"rank-math-link\">maior queda<\/a> desde mar\u00e7o.<\/p>\n\n\n\n<p>Nesta sexta-feira (30), o <strong>mercado de c\u00e2mbio<\/strong> e a <strong>bolsa de valores<\/strong> reagiram a falas do presidente Jair Bolsonaro que elevaram as preocupa\u00e7\u00f5es sobre as contas p\u00fablicas. O d\u00f3lar voltou ao patamar de R$ 5,20 e o Ibovespa foi aos 121 mil pontos. <strong>Como o cen\u00e1rio pol\u00edtico pode influenciar uma an\u00e1lise sobre <a href=\"https:\/\/investnews.com.br\/guias\/como-funciona-o-mercado-financeiro\/\">mercado financeiro<\/a> e investimentos?<\/strong> Como pode mexer com o seu bolso?<\/p>\n\n\n\n<p>O programa destaca ainda a forte queda da a\u00e7\u00e3o da <strong>Vale<\/strong> (<a href=\"https:\/\/investnews.com.br\/cotacao\/vale3-vale\/\" class=\"rank-math-link\">VALE3<\/a>), al\u00e9m das maiores altas e quedas do Ibovespa no dia, na semana e em julho.&nbsp;<\/p>\n\n\n\n<p>Com apresenta\u00e7\u00e3o da jornalista Karina Trevizan, o Boletim tem coment\u00e1rios de Eduardo Perez e \u00c2ngela Tosatto, analistas da Easynvest by Nubank. <\/p>\n\n\n\n<p><strong>Veja tamb\u00e9m<\/strong><\/p>\n\n\n\n<ul class=\"wp-block-list\">\n<li>Conhe\u00e7a nosso<a class=\"rank-math-link\" href=\"https:\/\/investnews.com.br\/guias\/\" target=\"_blank\" rel=\"noreferrer noopener\">\u00a0guia de investimentos<\/a>\u00a0e aprenda tudo sobre o mercado financeiro.<\/li>\n\n\n\n<li><a class=\"rank-math-link\" href=\"https:\/\/investnews.com.br\/cafeina\/com-alta-de-130-em-2021-ate-onde-vao-as-acoes-da-embraer\/\" target=\"_blank\" rel=\"noreferrer noopener\">A\u00e7\u00f5es da Embraer<\/a>\u00a0avan\u00e7am mais de 130% em 2021<\/li>\n\n\n\n<li><a class=\"rank-math-link\" href=\"https:\/\/investnews.com.br\/geral\/mulheres-sao-competitivas-mas-cultura-neutraliza-confianca-revela-estudo\/\" target=\"_blank\" rel=\"noreferrer noopener\">Mulheres s\u00e3o competitivas<\/a>, mas cultura neutraliza autoconfian\u00e7a, revela estudo<\/li>\n\n\n\n<li>Investidores de\u00a0<a href=\"https:\/\/investnews.com.br\/economia\/investidores-de-economias-emergentes-se-preocupam-diz-pesquisa-do-hsbc\/\" target=\"_blank\" rel=\"noreferrer noopener\">economias emergentes<\/a>\u00a0se preocupam, diz pesquisa do HSBC<\/li>\n<\/ul>\n","protected":false},"excerpt":{"rendered":"<p>Analistas comentam como a queda do \u00edndice pode afetar o seu bolso.  <\/p>\n","protected":false},"author":51,"featured_media":265770,"comment_status":"closed","ping_status":"open","sticky":false,"template":"","format":"standard","meta":{"_acf_changed":false,"inline_featured_image":false,"footnotes":""},"categories":[4],"tags":[26,234],"autor-wsj":[],"coauthors":[2425],"class_list":["post-265757","post","type-post","status-publish","format-standard","has-post-thumbnail","hentry","category-financas","tag-dolar","tag-jair-bolsonaro"],"acf":[],"amp_enabled":true,"_links":{"self":[{"href":"https:\/\/investnews.com.br\/inv-api\/wp\/v2\/posts\/265757","targetHints":{"allow":["GET"]}}],"collection":[{"href":"https:\/\/investnews.com.br\/inv-api\/wp\/v2\/posts"}],"about":[{"href":"https:\/\/investnews.com.br\/inv-api\/wp\/v2\/types\/post"}],"author":[{"embeddable":true,"href":"https:\/\/investnews.com.br\/inv-api\/wp\/v2\/users\/51"}],"replies":[{"embeddable":true,"href":"https:\/\/investnews.com.br\/inv-api\/wp\/v2\/comments?post=265757"}],"version-history":[{"count":10,"href":"https:\/\/investnews.com.br\/inv-api\/wp\/v2\/posts\/265757\/revisions"}],"predecessor-version":[{"id":737741,"href":"https:\/\/investnews.com.br\/inv-api\/wp\/v2\/posts\/265757\/revisions\/737741"}],"wp:featuredmedia":[{"embeddable":true,"href":"https:\/\/investnews.com.br\/inv-api\/wp\/v2\/media\/265770"}],"wp:attachment":[{"href":"https:\/\/investnews.com.br\/inv-api\/wp\/v2\/media?parent=265757"}],"wp:term":[{"taxonomy":"category","embeddable":true,"href":"https:\/\/investnews.com.br\/inv-api\/wp\/v2\/categories?post=265757"},{"taxonomy":"post_tag","embeddable":true,"href":"https:\/\/investnews.com.br\/inv-api\/wp\/v2\/tags?post=265757"},{"taxonomy":"autor-wsj","embeddable":true,"href":"https:\/\/investnews.com.br\/inv-api\/wp\/v2\/autor-wsj?post=265757"},{"taxonomy":"author","embeddable":true,"href":"https:\/\/investnews.com.br\/inv-api\/wp\/v2\/coauthors?post=265757"}],"curies":[{"name":"wp","href":"https:\/\/api.w.org\/{rel}","templated":true}]}}