{"id":265799,"date":"2021-08-02T06:15:00","date_gmt":"2021-08-02T09:15:00","guid":{"rendered":"https:\/\/investnews.com.br\/?p=265799"},"modified":"2024-06-24T21:38:34","modified_gmt":"2024-06-25T00:38:34","slug":"varejo-na-b3-quais-acoes-podem-se-dar-bem-na-retomada","status":"publish","type":"post","link":"https:\/\/investnews.com.br\/financas\/varejo-na-b3-quais-acoes-podem-se-dar-bem-na-retomada\/","title":{"rendered":"Varejo na B3: quais a\u00e7\u00f5es podem se dar bem com a retomada?"},"content":{"rendered":"\n<figure class=\"wp-block-embed-youtube wp-block-embed is-type-video is-provider-youtube wp-embed-aspect-16-9 wp-has-aspect-ratio\"><div class=\"wp-block-embed__wrapper\">\n<iframe loading=\"lazy\" title=\"Varejo na B3: 4 a\u00e7\u00f5es que podem surfar com a retomada\" width=\"500\" height=\"281\" src=\"https:\/\/www.youtube.com\/embed\/4YflnfzuFeU?feature=oembed\" frameborder=\"0\" allow=\"accelerometer; autoplay; clipboard-write; encrypted-media; gyroscope; picture-in-picture; web-share\" referrerpolicy=\"strict-origin-when-cross-origin\" allowfullscreen><\/iframe>\n<\/div><\/figure>\n\n\n\n<p>Segundo o levantamento da Confedera\u00e7\u00e3o Nacional do Com\u00e9rcio de Bens, Servi\u00e7os e Turismo <strong>(CNC)<\/strong>, o Brasil perdeu mais de 75 mil lojas em 2020. O n\u00famero \u00e9 o saldo entre abertura e fechamento de estabelecimentos com v\u00ednculos empregat\u00edcios do com\u00e9rcio varejista brasileiro. O segmento de vestu\u00e1rio, cal\u00e7ados e acess\u00f3rios foi o mais afetado, com mais de 22,3 mil estabelecimentos fechados.<\/p>\n\n\n\n<p>De olho nestes dados, as <strong>empresas do varejo <\/strong>que oferecem uma prateleira mais ampla (ou seja, de lojas f\u00edsicas e online) s\u00e3o as que&nbsp; se sa\u00edram melhor na crise causada pela pandemia. <\/p>\n\n\n\n<p>Segundo analistas do <strong>BTG Pactual<\/strong>, 4 <strong><a href=\"https:\/\/investnews.com.br\/negocios\/acoes-de-varejistas-perspectivas\/\" class=\"rank-math-link\">a\u00e7\u00f5es de varejistas<\/a> <\/strong>podem se dar bem no per\u00edodo de <strong>retomada econ\u00f4mica<\/strong>. Para os investidores que querem aproveitar o movimento, este \u00e9 um bom per\u00edodo para alavancar os <strong>rendimentos. <\/strong><\/p>\n\n\n\n<p>No Cafe\u00edna desta segunda-feira, 02, <strong>Samy Dana e Dony De Nuccio <\/strong>mostram quais s\u00e3o as a\u00e7\u00f5es recomendadas do setor. <\/p>\n\n\n\n<p>  <\/p>\n","protected":false},"excerpt":{"rendered":"<p>No Cafe\u00edna desta segunda-feira, 02, Samy Dana e Dony De Nuccio mostram quais s\u00e3o as a\u00e7\u00f5es recomendadas do setor. <\/p>\n","protected":false},"author":37,"featured_media":265800,"comment_status":"closed","ping_status":"open","sticky":false,"template":"","format":"video","meta":{"_acf_changed":false,"inline_featured_image":false,"footnotes":""},"categories":[4],"tags":[376],"autor-wsj":[],"coauthors":[2270,1569],"class_list":["post-265799","post","type-post","status-publish","format-video","has-post-thumbnail","hentry","category-financas","tag-varejo","post_format-post-format-video"],"acf":[],"amp_enabled":true,"_links":{"self":[{"href":"https:\/\/investnews.com.br\/inv-api\/wp\/v2\/posts\/265799","targetHints":{"allow":["GET"]}}],"collection":[{"href":"https:\/\/investnews.com.br\/inv-api\/wp\/v2\/posts"}],"about":[{"href":"https:\/\/investnews.com.br\/inv-api\/wp\/v2\/types\/post"}],"author":[{"embeddable":true,"href":"https:\/\/investnews.com.br\/inv-api\/wp\/v2\/users\/37"}],"replies":[{"embeddable":true,"href":"https:\/\/investnews.com.br\/inv-api\/wp\/v2\/comments?post=265799"}],"version-history":[{"count":12,"href":"https:\/\/investnews.com.br\/inv-api\/wp\/v2\/posts\/265799\/revisions"}],"predecessor-version":[{"id":288584,"href":"https:\/\/investnews.com.br\/inv-api\/wp\/v2\/posts\/265799\/revisions\/288584"}],"wp:featuredmedia":[{"embeddable":true,"href":"https:\/\/investnews.com.br\/inv-api\/wp\/v2\/media\/265800"}],"wp:attachment":[{"href":"https:\/\/investnews.com.br\/inv-api\/wp\/v2\/media?parent=265799"}],"wp:term":[{"taxonomy":"category","embeddable":true,"href":"https:\/\/investnews.com.br\/inv-api\/wp\/v2\/categories?post=265799"},{"taxonomy":"post_tag","embeddable":true,"href":"https:\/\/investnews.com.br\/inv-api\/wp\/v2\/tags?post=265799"},{"taxonomy":"autor-wsj","embeddable":true,"href":"https:\/\/investnews.com.br\/inv-api\/wp\/v2\/autor-wsj?post=265799"},{"taxonomy":"author","embeddable":true,"href":"https:\/\/investnews.com.br\/inv-api\/wp\/v2\/coauthors?post=265799"}],"curies":[{"name":"wp","href":"https:\/\/api.w.org\/{rel}","templated":true}]}}