{"id":266374,"date":"2021-08-03T11:06:40","date_gmt":"2021-08-03T14:06:40","guid":{"rendered":"https:\/\/investnews.com.br\/?p=266374"},"modified":"2021-08-03T11:06:42","modified_gmt":"2021-08-03T14:06:42","slug":"pagamento-integral-de-precatorios-em-2022-ameacaria-todo-o-governo-diz-guedes","status":"publish","type":"post","link":"https:\/\/investnews.com.br\/economia\/pagamento-integral-de-precatorios-em-2022-ameacaria-todo-o-governo-diz-guedes\/","title":{"rendered":"Pagamento integral de precat\u00f3rios em 2022 amea\u00e7aria todo o governo, diz Guedes"},"content":{"rendered":"\n<p>O <strong>ministro da Economia<\/strong>, <a href=\"https:\/\/investnews.com.br\/economia\/simples-nacional-sera-isento-da-taxacao-de-dividendos-diz-paulo-guedes\/\" class=\"rank-math-link\">Paulo Guedes<\/a>, afirmou nesta ter\u00e7a-feira (03) que o pagamento integral dos precat\u00f3rios calculados para 2022, da ordem de R$ 90 bilh\u00f5es, atingiria as despesas do governo como um todo e n\u00e3o s\u00f3 o programa <a href=\"https:\/\/investnews.com.br\/economia\/mp-que-reestrutura-bolsa-familia-deve-ser-editada-nesta-semana\/\" class=\"rank-math-link\">Bolsa Fam\u00edlia<\/a>.<\/p>\n\n\n\n<p>Ao participar de semin\u00e1rio sobre o tema promovido pelo Poder 360, ele afirmou que o <a href=\"https:\/\/investnews.com.br\/economia\/governo-planeja-criar-vale-gas-para-familias-de-baixa-renda\/\" class=\"rank-math-link\">governo<\/a> funciona com um or\u00e7amento de R$ 96 bilh\u00f5es e, por isso, a conta de precat\u00f3rios para o pr\u00f3ximo ano \u00e9 considerada um &#8220;meteoro&#8221;.<\/p>\n\n\n\n<p>Ele tamb\u00e9m admitiu que o governo j\u00e1 redigiu esbo\u00e7o de Proposta de Emenda \u00e0 Constitucional (PEC) para instituir uma nova din\u00e2mica de <a href=\"https:\/\/investnews.com.br\/financas\/prazo-para-pagamento-do-darf-termina-nesta-sexta-feira\/\" class=\"rank-math-link\">pagamento<\/a> para os precat\u00f3rios, que tradicionalmente abarcam indeniza\u00e7\u00f5es, benef\u00edcios e devolu\u00e7\u00e3o de <a href=\"https:\/\/investnews.com.br\/economia\/industria-e-servicos-travam-disputa-para-reduzir-cobranca-de-tributos\/\" class=\"rank-math-link\">tributos<\/a> em derrotas definitivas sofridas pelo governo na Justi\u00e7a.<\/p>\n\n\n\n<p>Segundo <a href=\"https:\/\/investnews.com.br\/economia\/bolsa-familia-nao-descumprira-teto-de-gastos-diz-guedes\/\" class=\"rank-math-link\">Guedes<\/a>, a ideia \u00e9 que o pagamento dos superprecat\u00f3rios, de mais de R$ 66 milh\u00f5es, seja escalonado, com entrada mais nove parcelas. Por outro lado, o pagamento integral de causas de at\u00e9 60 sal\u00e1rios m\u00ednimos ser\u00e1 garantido, acrescentou ele.<\/p>\n\n\n\n<p>O ministro ainda reconheceu que o <a href=\"https:\/\/investnews.com.br\/economia\/governo-desbloqueia-todo-o-orcamento-de-2021\/\" class=\"rank-math-link\">governo<\/a> possivelmente dormiu no ponto em rela\u00e7\u00e3o ao salto verificado na conta de precat\u00f3rios para o pr\u00f3ximo ano.<\/p>\n\n\n\n<p>&#8220;Nossa estimativa era em torno desse patamar, R$ 40, R$ 50 bilh\u00f5es. De repente d\u00e1 um pulo para R$ 90 bilh\u00f5es&#8221;, disse ele.<\/p>\n\n\n\n<p>&#8220;Voc\u00ea fala assim: voc\u00eas dormiram no ponto? Possivelmente sim, o governo em alguma coisa falhou.&#8221;<\/p>\n\n\n\n<p>Ao falar em semin\u00e1rio sobre o tema promovido pelo Poder 360, contudo, ele pontuou que n\u00e3o havia muito o que pudesse ser feito, uma vez que a decis\u00e3o sobre o pagamento de precat\u00f3rios \u00e9 dada por outras inst\u00e2ncias em rela\u00e7\u00e3o \u00e0s quais &#8220;n\u00e3o temos alcance, a n\u00e3o ser conversando&#8221;.<\/p>\n\n\n\n<p><strong>Veja tamb\u00e9m<\/strong><br><\/p>\n\n\n\n<ul class=\"wp-block-list\"><li><a rel=\"noreferrer noopener\" target=\"_blank\" href=\"https:\/\/investnews.com.br\/cafeina\/black-rock-onde-a-maior-gestora-de-investimentos-esta-de-olho-no-2o-semestre\/\">BlackRock<\/a>: onde a maior gestora de investimentos est\u00e1 de olho no 2\u00ba semestre?<\/li><li><a rel=\"noreferrer noopener\" target=\"_blank\" href=\"https:\/\/investnews.com.br\/economia\/reforma-tributaria-discussao\/\">Reforma tribut\u00e1ria<\/a>\u00a0de volta ao debate: economistas comentam 3 pontos pol\u00eamicos<\/li><li><a href=\"https:\/\/investnews.com.br\/negocios\/petz-adquire-zee-dog-por-r-700-milhoes-acoes-sobem-mais-de-5\/\" class=\"rank-math-link\">Petz<\/a> adquire Zee.dog por R$ 700 milh\u00f5es; a\u00e7\u00f5es sobem mais de 5%<\/li><li><a rel=\"noreferrer noopener\" target=\"_blank\" href=\"https:\/\/investnews.com.br\/guias\/como-investir-em-acoes\/\">Como investir em a\u00e7\u00f5es<\/a>: guia para come\u00e7ar a <a href=\"https:\/\/investnews.com.br\/guias\/como-investir-em-acoes\/\">investir na bolsa<\/a><\/li><li><a rel=\"noreferrer noopener\" target=\"_blank\" href=\"https:\/\/investnews.com.br\/guias\/bdr-o-que-e\/\">O que \u00e9 BDR<\/a>\u00a0e como funciona esse investimento?<\/li><\/ul>\n","protected":false},"excerpt":{"rendered":"<p>O ministro afirma que o impacto n\u00e3o seria somente no Bolsa Fam\u00edlia e que o governo &#8216;dormiu no ponto&#8217;.<\/p>\n","protected":false},"author":52,"featured_media":266375,"comment_status":"closed","ping_status":"open","sticky":false,"template":"","format":"standard","meta":{"_acf_changed":false,"inline_featured_image":false,"footnotes":""},"categories":[5],"tags":[914,347],"autor-wsj":[],"coauthors":[2430,1494],"class_list":["post-266374","post","type-post","status-publish","format-standard","has-post-thumbnail","hentry","category-economia","tag-bolsa-familia","tag-paulo-guedes"],"acf":[],"amp_enabled":true,"_links":{"self":[{"href":"https:\/\/investnews.com.br\/inv-api\/wp\/v2\/posts\/266374","targetHints":{"allow":["GET"]}}],"collection":[{"href":"https:\/\/investnews.com.br\/inv-api\/wp\/v2\/posts"}],"about":[{"href":"https:\/\/investnews.com.br\/inv-api\/wp\/v2\/types\/post"}],"author":[{"embeddable":true,"href":"https:\/\/investnews.com.br\/inv-api\/wp\/v2\/users\/52"}],"replies":[{"embeddable":true,"href":"https:\/\/investnews.com.br\/inv-api\/wp\/v2\/comments?post=266374"}],"version-history":[{"count":1,"href":"https:\/\/investnews.com.br\/inv-api\/wp\/v2\/posts\/266374\/revisions"}],"predecessor-version":[{"id":266380,"href":"https:\/\/investnews.com.br\/inv-api\/wp\/v2\/posts\/266374\/revisions\/266380"}],"wp:featuredmedia":[{"embeddable":true,"href":"https:\/\/investnews.com.br\/inv-api\/wp\/v2\/media\/266375"}],"wp:attachment":[{"href":"https:\/\/investnews.com.br\/inv-api\/wp\/v2\/media?parent=266374"}],"wp:term":[{"taxonomy":"category","embeddable":true,"href":"https:\/\/investnews.com.br\/inv-api\/wp\/v2\/categories?post=266374"},{"taxonomy":"post_tag","embeddable":true,"href":"https:\/\/investnews.com.br\/inv-api\/wp\/v2\/tags?post=266374"},{"taxonomy":"autor-wsj","embeddable":true,"href":"https:\/\/investnews.com.br\/inv-api\/wp\/v2\/autor-wsj?post=266374"},{"taxonomy":"author","embeddable":true,"href":"https:\/\/investnews.com.br\/inv-api\/wp\/v2\/coauthors?post=266374"}],"curies":[{"name":"wp","href":"https:\/\/api.w.org\/{rel}","templated":true}]}}