{"id":266862,"date":"2021-08-04T17:58:27","date_gmt":"2021-08-04T20:58:27","guid":{"rendered":"https:\/\/investnews.com.br\/?p=266862"},"modified":"2024-06-24T12:08:56","modified_gmt":"2024-06-24T15:08:56","slug":"selic-subindo-mais-rapido-e-hora-da-renda-fixa","status":"publish","type":"post","link":"https:\/\/investnews.com.br\/financas\/selic-subindo-mais-rapido-e-hora-da-renda-fixa\/","title":{"rendered":"Selic subindo mais r\u00e1pido: \u00e9 hora da renda fixa?"},"content":{"rendered":"\n<figure class=\"wp-block-embed-youtube wp-block-embed is-type-video is-provider-youtube wp-embed-aspect-16-9 wp-has-aspect-ratio\"><div class=\"wp-block-embed__wrapper\">\n<iframe loading=\"lazy\" title=\"\ud83d\udd34 URGENTE! Selic em 5,25% e subindo mais r\u00e1pido: \u00e9 hora da renda fixa?\" width=\"500\" height=\"281\" src=\"https:\/\/www.youtube.com\/embed\/zY0M9WNgbic?feature=oembed\" frameborder=\"0\" allow=\"accelerometer; autoplay; clipboard-write; encrypted-media; gyroscope; picture-in-picture; web-share\" referrerpolicy=\"strict-origin-when-cross-origin\" allowfullscreen><\/iframe>\n<\/div><\/figure>\n\n\n\n<p>A <strong><a class=\"rank-math-link\" href=\"https:\/\/investnews.com.br\/guias\/renda-fixa-o-que-e\/\">renda fixa<\/a><\/strong> est\u00e1 mais atrativa mesmo? A <a href=\"https:\/\/investnews.com.br\/economia\/expectativa-alta-selic-1-ponto\/\" class=\"rank-math-link\">Selic<\/a> est\u00e1 subindo, mas a infla\u00e7\u00e3o tamb\u00e9m. O Boletim InvestNews desta quarta-feira (4) destaca os reflexos da alta da Selic. Por que ela est\u00e1 ganhando for\u00e7a? A <strong><a href=\"https:\/\/investnews.com.br\/guias\/renda-variavel-o-que-e-e-como-investir\/\">renda vari\u00e1vel<\/a><\/strong> vai ficar menos atrativa com a Selic em alta? A partir de que momento isso acontece?<\/p>\n\n\n\n<p>O Boletim tamb\u00e9m comenta os destaques do fechamento do <a href=\"https:\/\/investnews.com.br\/guias\/como-funciona-o-mercado-financeiro\/\">mercado financeiro<\/a>, com <strong>cota\u00e7\u00e3o do d\u00f3lar<\/strong> e do <strong><a class=\"rank-math-link\" href=\"https:\/\/investnews.com.br\/analise\/morning-call-ibovespa-fica-para-tras-apesar-de-bons-resultados-corporativos\/\">Ibovespa<\/a><\/strong>, maiores altas e maiores quedas da bolsa de valores.&nbsp;<\/p>\n\n\n\n<p>O dia tamb\u00e9m foi de queda da a\u00e7\u00e3o do <strong>Bradesco<\/strong> (<a href=\"https:\/\/investnews.com.br\/cotacao\/bbdc3-bbdc4-bradesco\/\" class=\"rank-math-link\">BBDC4<\/a>) ap\u00f3s a divulga\u00e7\u00e3o do balan\u00e7o do 2\u00ba trimestre. A a\u00e7\u00e3o da <strong>Petrobras<\/strong> (<a href=\"https:\/\/investnews.com.br\/cotacao\/petr3-petr4-petrobras\/\" class=\"rank-math-link\">PETR4<\/a>) tamb\u00e9m caiu. Como o mercado est\u00e1 vendo a promessa de Bolsonaro de criar um<strong> vale-g\u00e1s<\/strong> bancado pela empresa?<\/p>\n\n\n\n<p>Com apresenta\u00e7\u00e3o da jornalista Karina Trevizan, o programa conta com coment\u00e1rios de Eduardo Perez, analista da Easynvest by Nubank. <\/p>\n\n\n\n<h4 class=\"wp-block-heading\"><strong>Veja tamb\u00e9m<\/strong><\/h4>\n\n\n\n<ul class=\"wp-block-list\"><li>Conhe\u00e7a cinco regras para obter sucesso ao\u00a0<a rel=\"noreferrer noopener\" target=\"_blank\" href=\"https:\/\/investnews.com.br\/colunistas\/invista-melhor\/conheca-cinco-regras-para-obter-sucesso-ao-investir-em-acoes\/\" class=\"rank-math-link\">investir em a\u00e7\u00f5es<\/a><\/li><li>Alta da Selic pode elevar <a href=\"https:\/\/investnews.com.br\/financas\/alta-juros-financiamento-imobiliario\/\">juros do financiamento imobili\u00e1rio<\/a> para at\u00e9 12% ao ano<\/li><li><a href=\"https:\/\/investnews.com.br\/guias\/commodities-o-que-sao\/\">Commodities<\/a> (e uma intrusa) lideram altas do\u00a0<a rel=\"noreferrer noopener\" target=\"_blank\" href=\"https:\/\/investnews.com.br\/cafeina\/commodities-e-uma-intrusa-lideram-altas-do-ibovespa-em-julho\/\" class=\"rank-math-link\">Ibovespa em julho<\/a><\/li><li><a rel=\"noreferrer noopener\" target=\"_blank\" href=\"https:\/\/investnews.com.br\/economia\/expectativa-alta-selic-1-ponto\/\" class=\"rank-math-link\">Copom<\/a>\u00a0deve elevar Selic em 1 ponto percentual pela primeira vez desde 2003<\/li><\/ul>\n","protected":false},"excerpt":{"rendered":"<p>Analista comenta varia\u00e7\u00f5es do indicador e fechamento do mercado financeiro nesta quarta-feira. <\/p>\n","protected":false},"author":31,"featured_media":266864,"comment_status":"closed","ping_status":"open","sticky":false,"template":"","format":"standard","meta":{"_acf_changed":false,"inline_featured_image":false,"footnotes":""},"categories":[4],"tags":[26,22,279,51],"autor-wsj":[],"coauthors":[1908,2364],"class_list":["post-266862","post","type-post","status-publish","format-standard","has-post-thumbnail","hentry","category-financas","tag-dolar","tag-renda-fixa","tag-renda-variavel","tag-selic"],"acf":[],"amp_enabled":true,"_links":{"self":[{"href":"https:\/\/investnews.com.br\/inv-api\/wp\/v2\/posts\/266862","targetHints":{"allow":["GET"]}}],"collection":[{"href":"https:\/\/investnews.com.br\/inv-api\/wp\/v2\/posts"}],"about":[{"href":"https:\/\/investnews.com.br\/inv-api\/wp\/v2\/types\/post"}],"author":[{"embeddable":true,"href":"https:\/\/investnews.com.br\/inv-api\/wp\/v2\/users\/31"}],"replies":[{"embeddable":true,"href":"https:\/\/investnews.com.br\/inv-api\/wp\/v2\/comments?post=266862"}],"version-history":[{"count":7,"href":"https:\/\/investnews.com.br\/inv-api\/wp\/v2\/posts\/266862\/revisions"}],"predecessor-version":[{"id":272020,"href":"https:\/\/investnews.com.br\/inv-api\/wp\/v2\/posts\/266862\/revisions\/272020"}],"wp:featuredmedia":[{"embeddable":true,"href":"https:\/\/investnews.com.br\/inv-api\/wp\/v2\/media\/266864"}],"wp:attachment":[{"href":"https:\/\/investnews.com.br\/inv-api\/wp\/v2\/media?parent=266862"}],"wp:term":[{"taxonomy":"category","embeddable":true,"href":"https:\/\/investnews.com.br\/inv-api\/wp\/v2\/categories?post=266862"},{"taxonomy":"post_tag","embeddable":true,"href":"https:\/\/investnews.com.br\/inv-api\/wp\/v2\/tags?post=266862"},{"taxonomy":"autor-wsj","embeddable":true,"href":"https:\/\/investnews.com.br\/inv-api\/wp\/v2\/autor-wsj?post=266862"},{"taxonomy":"author","embeddable":true,"href":"https:\/\/investnews.com.br\/inv-api\/wp\/v2\/coauthors?post=266862"}],"curies":[{"name":"wp","href":"https:\/\/api.w.org\/{rel}","templated":true}]}}