{"id":266999,"date":"2021-08-05T09:54:02","date_gmt":"2021-08-05T12:54:02","guid":{"rendered":"https:\/\/investnews.com.br\/?p=266999"},"modified":"2024-06-26T11:58:42","modified_gmt":"2024-06-26T14:58:42","slug":"manifesto-de-empresarios-e-intelectuais-declara-confianca-no-sistema-eleitoral","status":"publish","type":"post","link":"https:\/\/investnews.com.br\/economia\/manifesto-de-empresarios-e-intelectuais-declara-confianca-no-sistema-eleitoral\/","title":{"rendered":"Manifesto de empres\u00e1rios e intelectuais declara confian\u00e7a no sistema eleitoral"},"content":{"rendered":"\n<p>Em manifesto publicado nesta quinta-feira, centenas de empres\u00e1rios, economistas, acad\u00eamicos, m\u00e9dicos, diplomatas e representantes da sociedade civil <strong>manifestaram confian\u00e7a na Justi\u00e7a Eleitoral, no sistema eletr\u00f4nico de vota\u00e7\u00e3o<\/strong> e afirmaram que o Brasil ter\u00e1 elei\u00e7\u00f5es no ano que vem e que <strong>os resultados do pleito ser\u00e3o respeitados<\/strong>.<\/p>\n\n\n\n<p>O documento \u00e9 assinado por empres\u00e1rios como Roberto Setubal e Pedro Moreira Salles, copresidentes do conselho de administra\u00e7\u00e3o do Ita\u00fa Unibanco, Luiza Trajano e Frederico Trajano, acionistas controladores do Magazine Luiza, por economistas como o ex-ministro da Fazenda Pedro Malan e o ex-presidente do Banco Central Arminio Fraga, por diplomatas como o ex-ministro das Rela\u00e7\u00f5es Exteriores Celso Lafer e por representantes da sociedade civil, como Ilona Szab\u00f3, do Instituto Igarap\u00e9, e Priscila Cruz, do Todos pela Educa\u00e7\u00e3o.<\/p>\n\n\n\n<p>&#8220;Apesar do momento dif\u00edcil, acreditamos no Brasil. Nossos mais de 200 milh\u00f5es de habitantes t\u00eam sonhos, aspira\u00e7\u00f5es e capacidades para transformar nossa sociedade e construir um futuro mais pr\u00f3spero e justo. Esse futuro s\u00f3 ser\u00e1 poss\u00edvel com base na estabilidade democr\u00e1tica. <strong>O princ\u00edpio chave de uma democracia saud\u00e1vel \u00e9 a realiza\u00e7\u00e3o de elei\u00e7\u00f5es <\/strong>e a aceita\u00e7\u00e3o de seus resultados por todos os envolvidos&#8221;, afirma o manifesto.<\/p>\n\n\n\n<p>&#8220;A Justi\u00e7a Eleitoral brasileira \u00e9 uma das mais modernas e respeitadas do mundo. Confiamos nela e no atual sistema de vota\u00e7\u00e3o eletr\u00f4nico.<strong> A sociedade brasileira \u00e9 garantidora da Constitui\u00e7\u00e3o e n\u00e3o aceitar\u00e1 aventuras autorit\u00e1rias<\/strong>. O Brasil ter\u00e1 elei\u00e7\u00f5es e seus resultados ser\u00e3o respeitados.&#8221;<\/p>\n\n\n\n<p>A publica\u00e7\u00e3o do manifesto acontece em meio \u00e0s constantes suspeitas sem fundamento levantadas pelo presidente Jair Bolsonaro sobre o sistema eletr\u00f4nico de vota\u00e7\u00e3o e \u00e0s frequentes amea\u00e7as que o presidente faz em rela\u00e7\u00e3o \u00e0 realiza\u00e7\u00e3o da elei\u00e7\u00e3o do ano que vem, caso n\u00e3o seja adotado o voto impresso.<\/p>\n\n\n\n<p>Em entrevista na quarta-feira, Bolsonaro amea\u00e7ou ainda atuar fora do que est\u00e1 previsto na Constitui\u00e7\u00e3o em rea\u00e7\u00e3o ao <a href=\"https:\/\/investnews.com.br\/geral\/5-fatos-para-hoje-varejistas-competem-com-e-commerce-bolsonaro-investigado\/\" class=\"rank-math-link\">inqu\u00e9rito aberto pelo Supremo Tribunal Federal (STF)<\/a> que investigar\u00e1 os ataques que ele tem feito ao sistema de vota\u00e7\u00e3o.<\/p>\n\n\n\n<h4 class=\"wp-block-heading\">Veja tamb\u00e9m<\/h4>\n\n\n\n<ul class=\"wp-block-list\"><li>Receita da J&amp;J com vacinas contra covid \u00e9 56 vezes menor que a da&nbsp;<a target=\"_blank\" href=\"https:\/\/investnews.com.br\/cafeina\/receita-da-jj-com-vacinas-contra-covid-e-quase-30x-menor-que-a-da-pfizer\/\" rel=\"noreferrer noopener\">Pfizer<\/a><\/li><li><a target=\"_blank\" href=\"https:\/\/investnews.com.br\/financas\/qeth11-e-bith11-conheca-os-novos-etfs-cripto-da-b3\/\" rel=\"noreferrer noopener\">ETFs de bitcoin<\/a>&nbsp;e ether estreiam na B3<\/li><li>Infla\u00e7\u00e3o puxa&nbsp;<a target=\"_blank\" href=\"https:\/\/investnews.com.br\/economia\/selic-risco-fiscal\/\" rel=\"noreferrer noopener\">Selic<\/a>, mas analistas citam peso do risco fiscal na decis\u00e3o do BC<\/li><li>Conhe\u00e7a a investidora-anjo que aposta em&nbsp;<a target=\"_blank\" href=\"https:\/\/investnews.com.br\/financas\/investidora-anjo-startups-mulheres\/\" rel=\"noreferrer noopener\">startups lideradas por mulheres<\/a><\/li><li>Selic subindo mais r\u00e1pido: \u00e9 hora da&nbsp;<a target=\"_blank\" href=\"https:\/\/investnews.com.br\/boletim-investnews\/selic-subindo-mais-rapido-e-hora-da-renda-fixa\/\" rel=\"noreferrer noopener\">renda fixa<\/a>?<\/li><li>Sobre a&nbsp;<a target=\"_blank\" href=\"https:\/\/investnews.com.br\/colunistas\/fin4she\/sobre-a-coragem-de-mudar-e-recalcular-a-rota-de-nossas-vidas\/\" rel=\"noreferrer noopener\">coragem de mudar<\/a>&nbsp;e \u2018recalcular a rota\u2019 de nossas vidas<\/li><\/ul>\n","protected":false},"excerpt":{"rendered":"<p>Documento \u00e9 assinado por Pedro Moreira Salles, Luiza Trajano, Arminio Fraga e outros representantes da sociedade civil. <\/p>\n","protected":false},"author":7,"featured_media":267012,"comment_status":"closed","ping_status":"open","sticky":false,"template":"","format":"standard","meta":{"_acf_changed":false,"inline_featured_image":false,"footnotes":""},"categories":[5],"tags":[763,83],"autor-wsj":[],"coauthors":[1494],"class_list":["post-266999","post","type-post","status-publish","format-standard","has-post-thumbnail","hentry","category-economia","tag-eleicoes","tag-stf"],"acf":[],"amp_enabled":true,"_links":{"self":[{"href":"https:\/\/investnews.com.br\/inv-api\/wp\/v2\/posts\/266999","targetHints":{"allow":["GET"]}}],"collection":[{"href":"https:\/\/investnews.com.br\/inv-api\/wp\/v2\/posts"}],"about":[{"href":"https:\/\/investnews.com.br\/inv-api\/wp\/v2\/types\/post"}],"author":[{"embeddable":true,"href":"https:\/\/investnews.com.br\/inv-api\/wp\/v2\/users\/7"}],"replies":[{"embeddable":true,"href":"https:\/\/investnews.com.br\/inv-api\/wp\/v2\/comments?post=266999"}],"version-history":[{"count":3,"href":"https:\/\/investnews.com.br\/inv-api\/wp\/v2\/posts\/266999\/revisions"}],"predecessor-version":[{"id":267026,"href":"https:\/\/investnews.com.br\/inv-api\/wp\/v2\/posts\/266999\/revisions\/267026"}],"wp:featuredmedia":[{"embeddable":true,"href":"https:\/\/investnews.com.br\/inv-api\/wp\/v2\/media\/267012"}],"wp:attachment":[{"href":"https:\/\/investnews.com.br\/inv-api\/wp\/v2\/media?parent=266999"}],"wp:term":[{"taxonomy":"category","embeddable":true,"href":"https:\/\/investnews.com.br\/inv-api\/wp\/v2\/categories?post=266999"},{"taxonomy":"post_tag","embeddable":true,"href":"https:\/\/investnews.com.br\/inv-api\/wp\/v2\/tags?post=266999"},{"taxonomy":"autor-wsj","embeddable":true,"href":"https:\/\/investnews.com.br\/inv-api\/wp\/v2\/autor-wsj?post=266999"},{"taxonomy":"author","embeddable":true,"href":"https:\/\/investnews.com.br\/inv-api\/wp\/v2\/coauthors?post=266999"}],"curies":[{"name":"wp","href":"https:\/\/api.w.org\/{rel}","templated":true}]}}