{"id":267135,"date":"2021-08-05T17:06:16","date_gmt":"2021-08-05T20:06:16","guid":{"rendered":"https:\/\/investnews.com.br\/?p=267135"},"modified":"2021-08-05T17:07:21","modified_gmt":"2021-08-05T20:07:21","slug":"oi-batiza-empresa-de-fibra-optica-de-v-tal","status":"publish","type":"post","link":"https:\/\/investnews.com.br\/negocios\/oi-batiza-empresa-de-fibra-optica-de-v-tal\/","title":{"rendered":"Oi batiza empresa de fibra \u00f3ptica de V.tal"},"content":{"rendered":"\n<p>A <strong>Oi<\/strong> (<a href=\"https:\/\/investnews.com.br\/cotacao\/oibr3-oi\/\" class=\"rank-math-link\">OIBR3<\/a>) afirmou nesta quinta-feira (05) que a aprova\u00e7\u00e3o da <a href=\"https:\/\/investnews.com.br\/negocios\/oi-e-btg-fecham-acordo-de-r-129-bi\/\" class=\"rank-math-link\">venda do controle de sua unidade de fibra \u00f3ptica para fundos do BTG Pactual <\/a>pode acelerar a <a href=\"https:\/\/investnews.com.br\/negocios\/oi-entenda-o-que-aconteceu-com-a-companhia-momento-atual-e-o-que-esperar\/\" class=\"rank-math-link\">sa\u00edda da recupera\u00e7\u00e3o judicial <\/a>na qual a empresa de telecomunica\u00e7\u00f5es est\u00e1 desde 2016.<\/p>\n\n\n\n<p>Executivos da Oi revelaram que a unidade, at\u00e9 aqui conhecida como <strong>InfraCo, passar\u00e1 a ser chamada V.tal<\/strong>, e previram que o neg\u00f3cio receber\u00e1 cerca de R$ 30 bilh\u00f5es em investimentos nos pr\u00f3ximos quatro anos, chegando a 32 milh\u00f5es de resid\u00eancias no pa\u00eds.<\/p>\n\n\n\n<p>&#8220;Esse \u00e9 um momento marcante na hist\u00f3ria, porque \u00e9 um passo do processo de transforma\u00e7\u00e3o do neg\u00f3cio&#8221;, disse o presidente-executivo da Oi, Rodrigo Abreu, em confer\u00eancia com jornalistas.<\/p>\n\n\n\n<p>A Oi aceitou em abril proposta do BTG pelo controle do neg\u00f3cio de fibra \u00f3ptica, numa opera\u00e7\u00e3o avaliada em R$ 12,9 bilh\u00f5es. A conclus\u00e3o do neg\u00f3cio depende de aval regulat\u00f3rio, que a Oi prev\u00ea que aconte\u00e7a at\u00e9 o fim de 2021.<\/p>\n\n\n\n<p>A Oi tamb\u00e9m espera por autoriza\u00e7\u00f5es para venda de outra fatia da empresa, que foi dividida em unidades produtivas isoladas (UPIs), como parte de um processo de reestrutura\u00e7\u00e3o para tentar sair da <a href=\"https:\/\/investnews.com.br\/guias\/recuperacao-judicial\/\">recupera\u00e7\u00e3o judicial<\/a> (RJ) h\u00e1 cinco anos, ent\u00e3o com cerca de R$ 65 bilh\u00f5es em d\u00edvidas.<\/p>\n\n\n\n<p>Em outra frente, <a href=\"https:\/\/investnews.com.br\/negocios\/em-leilao-sem-concorrencia-claro-vivo-e-tim-ficam-com-operacao-celular-da-oi\/#:~:text=A%20proposta%20das%20tr%C3%AAs%20empresas%20foi%20a%20%C3%BAnica%20no%20leil%C3%A3o.&amp;text=A%20%E2%80%9Csupertele%E2%80%9D%20nacional%2C%20definitivamente,m%C3%B3vel%20da%20Oi%20(OIBR3).\" class=\"rank-math-link\">TIM, Telef\u00f4nica Brasil e Claro, da Am\u00e9rica M\u00f3vil, venceram em dezembro passado um leil\u00e3o<\/a> para comprar as opera\u00e7\u00f5es de redes m\u00f3veis da Oi por R$ 16,5 bilh\u00f5es. No m\u00eas passado, a superintend\u00eancia-geral do Conselho Administrativo de Defesa Econ\u00f4mica (Cade) declarou a opera\u00e7\u00e3o como complexa.<\/p>\n\n\n\n<p>A previs\u00e3o feita no ano passado era de que, com as devidas aprova\u00e7\u00f5es das vendas de ativos, a <strong>Oi poderia sair da RJ por volta de maio do ano que vem<\/strong>.<\/p>\n\n\n\n<p>&#8220;Nossa expectativa agora \u00e9 de que isso pode acontecer no fim do primeiro, come\u00e7o do segundo trimestre de 2022&#8221;, disse Abreu.<\/p>\n\n\n\n<p>Segundo o executivo, o crescimento do neg\u00f3cio de fibra \u00f3ptica da V.tal <strong>deve gerar valor para a Oi<\/strong>, que ter\u00e1 cerca de 42% da empresa. A expectativa \u00e9 de que essa unidade, ap\u00f3s a cis\u00e3o, possa ser listada em bolsa futuramente, mas uma decis\u00e3o a respeito depender\u00e1 do BTG Pactual, que ser\u00e1 o controlador.<\/p>\n\n\n\n<p><strong>Leia tamb\u00e9m<\/strong><\/p>\n\n\n\n<ul class=\"wp-block-list\"><li>Olimp\u00edadas 2021: os atletas que aplicaram&nbsp;<a href=\"https:\/\/investnews.com.br\/geral\/olimpiadas-2021-os-atletas-que-aplicaram-licoes-do-esporte-nos-negocios\/\" target=\"_blank\" rel=\"noreferrer noopener\">li\u00e7\u00f5es do esporte nos neg\u00f3cios<\/a><\/li><li><a rel=\"noreferrer noopener\" href=\"https:\/\/investnews.com.br\/geral\/olimpiadas-quanto-ganham-atletas-brasileiros-que-conquistaram-medalhas\/\" target=\"_blank\">Quanto ganham os atletas brasileiros<\/a>&nbsp;que conquistaram medalhas?<\/li><li><a rel=\"noreferrer noopener\" target=\"_blank\" href=\"https:\/\/investnews.com.br\/financas\/qeth11-e-bith11-conheca-os-novos-etfs-cripto-da-b3\/\">ETFs de bitcoin<\/a>&nbsp;e ether estreiam na B3<\/li><li>Infla\u00e7\u00e3o puxa&nbsp;<a rel=\"noreferrer noopener\" target=\"_blank\" href=\"https:\/\/investnews.com.br\/economia\/selic-risco-fiscal\/\">Selic<\/a>, mas analistas citam peso do risco fiscal na decis\u00e3o do BC<\/li><li>Conhe\u00e7a a investidora-anjo que aposta em&nbsp;<a rel=\"noreferrer noopener\" target=\"_blank\" href=\"https:\/\/investnews.com.br\/financas\/investidora-anjo-startups-mulheres\/\">startups lideradas por mulheres<\/a><\/li><\/ul>\n","protected":false},"excerpt":{"rendered":"<p>A companhia informou que a venda do controle da InfraCo para o BTG Pactual pode acelerar sua sa\u00edda da recupera\u00e7\u00e3o judicial.<\/p>\n","protected":false},"author":7,"featured_media":0,"comment_status":"closed","ping_status":"open","sticky":false,"template":"","format":"standard","meta":{"_acf_changed":false,"inline_featured_image":false,"footnotes":""},"categories":[6],"tags":[428,772],"autor-wsj":[],"coauthors":[1494],"class_list":["post-267135","post","type-post","status-publish","format-standard","hentry","category-negocios","tag-oi","tag-recuperacao-judicial"],"acf":[],"amp_enabled":true,"_links":{"self":[{"href":"https:\/\/investnews.com.br\/inv-api\/wp\/v2\/posts\/267135","targetHints":{"allow":["GET"]}}],"collection":[{"href":"https:\/\/investnews.com.br\/inv-api\/wp\/v2\/posts"}],"about":[{"href":"https:\/\/investnews.com.br\/inv-api\/wp\/v2\/types\/post"}],"author":[{"embeddable":true,"href":"https:\/\/investnews.com.br\/inv-api\/wp\/v2\/users\/7"}],"replies":[{"embeddable":true,"href":"https:\/\/investnews.com.br\/inv-api\/wp\/v2\/comments?post=267135"}],"version-history":[{"count":3,"href":"https:\/\/investnews.com.br\/inv-api\/wp\/v2\/posts\/267135\/revisions"}],"predecessor-version":[{"id":267164,"href":"https:\/\/investnews.com.br\/inv-api\/wp\/v2\/posts\/267135\/revisions\/267164"}],"wp:attachment":[{"href":"https:\/\/investnews.com.br\/inv-api\/wp\/v2\/media?parent=267135"}],"wp:term":[{"taxonomy":"category","embeddable":true,"href":"https:\/\/investnews.com.br\/inv-api\/wp\/v2\/categories?post=267135"},{"taxonomy":"post_tag","embeddable":true,"href":"https:\/\/investnews.com.br\/inv-api\/wp\/v2\/tags?post=267135"},{"taxonomy":"autor-wsj","embeddable":true,"href":"https:\/\/investnews.com.br\/inv-api\/wp\/v2\/autor-wsj?post=267135"},{"taxonomy":"author","embeddable":true,"href":"https:\/\/investnews.com.br\/inv-api\/wp\/v2\/coauthors?post=267135"}],"curies":[{"name":"wp","href":"https:\/\/api.w.org\/{rel}","templated":true}]}}