{"id":267186,"date":"2021-08-05T18:01:17","date_gmt":"2021-08-05T21:01:17","guid":{"rendered":"https:\/\/investnews.com.br\/?p=267186"},"modified":"2024-06-24T12:08:55","modified_gmt":"2024-06-24T15:08:55","slug":"copom-mais-rigido-x-ibovespa-em-queda-o-que-faltou","status":"publish","type":"post","link":"https:\/\/investnews.com.br\/financas\/copom-mais-rigido-x-ibovespa-em-queda-o-que-faltou\/","title":{"rendered":"Copom mais r\u00edgido X Ibovespa em queda; o que faltou?"},"content":{"rendered":"\n<figure class=\"wp-block-embed-youtube wp-block-embed is-type-video is-provider-youtube wp-embed-aspect-16-9 wp-has-aspect-ratio\"><div class=\"wp-block-embed__wrapper\">\n<iframe loading=\"lazy\" title=\"Copom mais r\u00edgido X Ibovespa em queda; o que faltou?\" width=\"500\" height=\"281\" src=\"https:\/\/www.youtube.com\/embed\/05oXEl3joDE?feature=oembed\" frameborder=\"0\" allow=\"accelerometer; autoplay; clipboard-write; encrypted-media; gyroscope; picture-in-picture; web-share\" referrerpolicy=\"strict-origin-when-cross-origin\" allowfullscreen><\/iframe>\n<\/div><\/figure>\n\n\n\n<p>O <strong><a href=\"https:\/\/investnews.com.br\/guias\/copom-taxa-selic\/\">Copom<\/a><\/strong> subiu o tom, mas o <strong>Ibovespa<\/strong> n\u00e3o foi no embalo. Por que o dia que come\u00e7ou positivo e acabou no vermelho? O que faltou para o <a href=\"https:\/\/investnews.com.br\/guias\/como-funciona-o-mercado-financeiro\/\">mercado financeiro<\/a> ficar mais confiante? O Boletim InvestNews resume o que aconteceu.\u00a0<\/p>\n\n\n\n<p>O programa desta quinta-feira (5) comenta a rea\u00e7\u00e3o do mercado \u00e0 <strong>alta da Selic<\/strong> no dia anterior e o tom mais r\u00edgido do Copom. Mas receios sobre o cen\u00e1rio fiscal acabaram pesando entre os investidores.\u00a0O que aconteceu? Quais foram as not\u00edcias que ditaram o rumo da bolsa de valores?<\/p>\n\n\n\n<p>Al\u00e9m da <strong>cota\u00e7\u00e3o do d\u00f3lar<\/strong>, fechamento do Ibovespa e <strong>disparada dos juros<\/strong>, o Boletim comenta ainda a disparada das a\u00e7\u00f5es da <strong>Petrobras<\/strong> (<a href=\"https:\/\/investnews.com.br\/cotacao\/petr3-petr4-petrobras\/\" class=\"rank-math-link\">PETR3<\/a> e <a href=\"https:\/\/investnews.com.br\/cotacao\/petr3-petr4-petrobras\/\" class=\"rank-math-link\">PETR4<\/a>), al\u00e9m da forte queda de <strong>Vale<\/strong> (<a href=\"https:\/\/investnews.com.br\/cotacao\/vale3-vale\/\" class=\"rank-math-link\">VALE3<\/a>) e outras do setor de min\u00e9rio.<\/p>\n\n\n\n<p>Com apresenta\u00e7\u00e3o de Karina Trevizan, o programa conta com coment\u00e1rios de Eduardo Perez, analista da Easynvest by Nubank. <\/p>\n\n\n\n<p><strong>Veja tamb\u00e9m<\/strong><\/p>\n\n\n\n<ul class=\"wp-block-list\"><li>Receita da J&amp;J com vacinas contra covid-19 \u00e9 56 vezes menor que a da\u00a0<a rel=\"noreferrer noopener\" target=\"_blank\" href=\"https:\/\/investnews.com.br\/cafeina\/receita-da-jj-com-vacinas-contra-covid-e-quase-30x-menor-que-a-da-pfizer\/\" class=\"rank-math-link\">Pfizer<\/a><\/li><li><a rel=\"noreferrer noopener\" class=\"rank-math-link\" target=\"_blank\" href=\"https:\/\/investnews.com.br\/financas\/qeth11-e-bith11-conheca-os-novos-etfs-cripto-da-b3\/\">ETFs de bitcoin<\/a>\u00a0e ether estreiam na B3<\/li><li>Infla\u00e7\u00e3o puxa\u00a0<a rel=\"noreferrer noopener\" class=\"rank-math-link\" target=\"_blank\" href=\"https:\/\/investnews.com.br\/economia\/selic-risco-fiscal\/\">Selic<\/a>, mas analistas citam peso do risco fiscal na decis\u00e3o do BC<\/li><li>Conhe\u00e7a a investidora-anjo que aposta em\u00a0<a rel=\"noreferrer noopener\" class=\"rank-math-link\" target=\"_blank\" href=\"https:\/\/investnews.com.br\/financas\/investidora-anjo-startups-mulheres\/\">startups lideradas por mulheres<\/a><\/li><li>Selic subindo mais r\u00e1pido: \u00e9 hora da\u00a0<a rel=\"noreferrer noopener\" class=\"rank-math-link\" target=\"_blank\" href=\"https:\/\/investnews.com.br\/boletim-investnews\/selic-subindo-mais-rapido-e-hora-da-renda-fixa\/\">renda fixa<\/a>?<\/li><li>Sobre a\u00a0<a rel=\"noreferrer noopener\" class=\"rank-math-link\" target=\"_blank\" href=\"https:\/\/investnews.com.br\/colunistas\/fin4she\/sobre-a-coragem-de-mudar-e-recalcular-a-rota-de-nossas-vidas\/\">coragem de mudar<\/a>\u00a0e \u2018recalcular a rota\u2019 de nossas vidas<\/li><\/ul>\n","protected":false},"excerpt":{"rendered":"<p>Analista explica a raz\u00e3o da queda do \u00edndice e outros destaques do mercado. <\/p>\n","protected":false},"author":31,"featured_media":267191,"comment_status":"closed","ping_status":"open","sticky":false,"template":"","format":"standard","meta":{"_acf_changed":false,"inline_featured_image":false,"footnotes":""},"categories":[4],"tags":[639,26,354],"autor-wsj":[],"coauthors":[1908,2364],"class_list":["post-267186","post","type-post","status-publish","format-standard","has-post-thumbnail","hentry","category-financas","tag-copom","tag-dolar","tag-juros"],"acf":[],"amp_enabled":true,"_links":{"self":[{"href":"https:\/\/investnews.com.br\/inv-api\/wp\/v2\/posts\/267186","targetHints":{"allow":["GET"]}}],"collection":[{"href":"https:\/\/investnews.com.br\/inv-api\/wp\/v2\/posts"}],"about":[{"href":"https:\/\/investnews.com.br\/inv-api\/wp\/v2\/types\/post"}],"author":[{"embeddable":true,"href":"https:\/\/investnews.com.br\/inv-api\/wp\/v2\/users\/31"}],"replies":[{"embeddable":true,"href":"https:\/\/investnews.com.br\/inv-api\/wp\/v2\/comments?post=267186"}],"version-history":[{"count":6,"href":"https:\/\/investnews.com.br\/inv-api\/wp\/v2\/posts\/267186\/revisions"}],"predecessor-version":[{"id":267199,"href":"https:\/\/investnews.com.br\/inv-api\/wp\/v2\/posts\/267186\/revisions\/267199"}],"wp:featuredmedia":[{"embeddable":true,"href":"https:\/\/investnews.com.br\/inv-api\/wp\/v2\/media\/267191"}],"wp:attachment":[{"href":"https:\/\/investnews.com.br\/inv-api\/wp\/v2\/media?parent=267186"}],"wp:term":[{"taxonomy":"category","embeddable":true,"href":"https:\/\/investnews.com.br\/inv-api\/wp\/v2\/categories?post=267186"},{"taxonomy":"post_tag","embeddable":true,"href":"https:\/\/investnews.com.br\/inv-api\/wp\/v2\/tags?post=267186"},{"taxonomy":"autor-wsj","embeddable":true,"href":"https:\/\/investnews.com.br\/inv-api\/wp\/v2\/autor-wsj?post=267186"},{"taxonomy":"author","embeddable":true,"href":"https:\/\/investnews.com.br\/inv-api\/wp\/v2\/coauthors?post=267186"}],"curies":[{"name":"wp","href":"https:\/\/api.w.org\/{rel}","templated":true}]}}