{"id":267670,"date":"2021-08-09T10:50:23","date_gmt":"2021-08-09T13:50:23","guid":{"rendered":"https:\/\/investnews.com.br\/?p=267670"},"modified":"2021-08-10T09:45:41","modified_gmt":"2021-08-10T12:45:41","slug":"ibovespa-dolar-cotacao-09-08-2021","status":"publish","type":"post","link":"https:\/\/investnews.com.br\/economia\/ibovespa-dolar-cotacao-09-08-2021\/","title":{"rendered":"D\u00f3lar perde for\u00e7a, mas fecha em alta; Ibovespa sobe para 123 mil pontos"},"content":{"rendered":"\n<p>O <strong>Ibovespa<\/strong>, principal indicador da bolsa de valores brasileira, a <strong>B3<\/strong>, operou entre ganhos e perdas nesta segunda-feira (9), mas encerrou o preg\u00e3o em alta. O <strong>d\u00f3lar<\/strong>, que chegou a subir com for\u00e7a no in\u00edcio do dia, perdeu for\u00e7a, mas fechou com valoriza\u00e7\u00e3o, na casa dos R$ 5,24. Investidores monitoram o cen\u00e1rio fiscal, ap\u00f3s o governo entregar&nbsp;ao Congresso a MP do<a href=\"https:\/\/investnews.com.br\/economia\/governo-entrega-ao-congresso-mp-do-auxilio-brasil-substituto-do-bolsa-familia\/\" class=\"rank-math-link\"> Aux\u00edlio Brasil, <\/a>substituto do Bolsa Fam\u00edlia.<\/p>\n\n\n\n<p>O <strong>d\u00f3lar<\/strong> subiu 0,23%, a<strong> R$<\/strong> <strong>5,2473<\/strong>, ap\u00f3s chegar a R$ 5,2989 na m\u00e1xima do dia. J\u00e1 o <strong>Ibovespa<\/strong> subiu 0,17%, aos <strong>123.019 pontos<\/strong>, pr\u00f3ximo a m\u00e1xima do dia em 123.597 pontos.<em> Veja a cota\u00e7\u00e3o do <a class=\"rank-math-link\" href=\"https:\/\/investnews.com.br\/cotacao\/\">Ibovespa hoje.<\/a> <\/em><\/p>\n\n\n\n<p>&#8220;O aumento dos riscos pol\u00edtico e fiscal dominou o cen\u00e1rio e deixou em segundo plano a aprova\u00e7\u00e3o do Projeto de Lei que permite a <a href=\"https:\/\/investnews.com.br\/boletim-investnews\/privatizacao-dos-correios-e-bolsa-de-valores-quais-acoes-podem-subir\/\" class=\"rank-math-link\">privatiza\u00e7\u00e3o dos Correios<\/a> e a urg\u00eancia da vota\u00e7\u00e3o da Reforma do Imposto de Renda&#8221;, escreveram em nota analistas da Genial Investimentos.<\/p>\n\n\n\n<p>Fornecendo combust\u00edvel ao <a href=\"https:\/\/investnews.com.br\/economia\/bolsa-familia-e-precatorios-entenda\/\" class=\"rank-math-link\">ru\u00eddo fiscal<\/a>, o presidente Jair Bolsonaro tem repetido constantemente sua inten\u00e7\u00e3o de <a href=\"https:\/\/investnews.com.br\/economia\/bolsa-familia-e-precatorios-entenda\/\" class=\"rank-math-link\">elevar o valor do Bolsa Fam\u00edlia<\/a>. Nesta segunda-feira, ele disse que <a href=\"https:\/\/investnews.com.br\/economia\/bolsonaro-diz-que-reajuste-do-bolsa-familia-nao-deve-chegar-a-100\/\" class=\"rank-math-link\">o reajuste deve ficar em 50%<\/a> e n\u00e3o chegar aos 100%, como ele mesmo chegou a cogitar na semana passada.<\/p>\n\n\n\n<p>O ministro da Cidadania, Jo\u00e3o Roma, descartou a possibilidade de o reajuste do benef\u00edcio do Bolsa Fam\u00edlia ultrapassar limites do teto de gastos, caso o Congresso n\u00e3o aprove a <strong>PEC de parcelamento dos precat\u00f3rios<\/strong>, que serviria como meio de financiar a reformula\u00e7\u00e3o do programa. No entanto, admitiu que o <strong>aumento dos valores de transfer\u00eancia de renda podem ser invi\u00e1veis<\/strong>, caso o Congresso n\u00e3o aprove a emenda.<\/p>\n\n\n\n<p>&#8220;Uma vez ela (<a href=\"https:\/\/investnews.com.br\/economia\/bolsa-familia-e-precatorios-entenda\/\" class=\"rank-math-link\">PEC dos Precat\u00f3rios<\/a>) n\u00e3o tomando cabo, ela pode, sim, ter por consequ\u00eancia inviabilizar avan\u00e7os no programa social, assim como inviabilizar uma s\u00e9rie de coisas no Estado Brasileiro&#8221;, disse nesta segunda em entrevista coletiva. &#8220;A reestrutura\u00e7\u00e3o do programa social do governo \u00e9 uma medida e a dos precat\u00f3rios \u00e9 outra medida. Elas se relacionam ao ponto que essa PEC tem interfer\u00eancia nas contas p\u00fablicas. As duas medidas est\u00e3o conectadas, por ambas tratarem de quest\u00f5es relacionadas \u00e0s contas p\u00fablicas.&#8221;<\/p>\n\n\n\n<p>No cen\u00e1rio externo, incertezas sobre o crescimento global em meio ao aumento da dissemina\u00e7\u00e3o dos casos do coronav\u00edrus e expectativas quanto ao pr\u00f3ximo movimento do Federal Reserve (<strong>Fed<\/strong>) pesam sobre os ativos de risco em geral, alimentando a <a href=\"https:\/\/investnews.com.br\/guias\/volatilidade-o-que-e\/\">volatilidade<\/a>, na vis\u00e3o do economista-chefe da SulAm\u00e9rica Investimentos, Newton Rosa.<\/p>\n\n\n\n<h2 class=\"wp-block-heading\">Destaques do Ibovespa<\/h2>\n\n\n\n<p>As&nbsp;<strong>a\u00e7\u00f5es de empresas de prote\u00ednas e de bancos encerraram o dia com valoriza\u00e7\u00e3o<\/strong>, mas <strong>Petrobras <\/strong>(<a href=\"https:\/\/investnews.com.br\/cotacao\/petr3-petr4-petrobras\/\" class=\"rank-math-link\">PETR3 e PETR4<\/a>) e<strong> Vale<\/strong> (<a href=\"https:\/\/investnews.com.br\/cotacao\/vale3-vale\/\" class=\"rank-math-link\">VALE3<\/a>) cairam, impactadas pela queda dos pre\u00e7os do petr\u00f3leo e do min\u00e9rio de ferro. <a href=\"https:\/\/investnews.com.br\/financas\/viveo-dispara-em-dia-de-estreia-m-dias-branco-cai-apos-balanco\/\" class=\"rank-math-link\">Veja outros destaques da bolsa<\/a>.<\/p>\n\n\n\n<figure class=\"wp-block-embed-youtube wp-block-embed is-type-video is-provider-youtube wp-embed-aspect-16-9 wp-has-aspect-ratio\"><div class=\"wp-block-embed__wrapper\">\n<iframe loading=\"lazy\" title=\"Ouro, petr\u00f3leo e min\u00e9rio de ferro em queda: o que o Fed e China t\u00eam a ver?\" width=\"500\" height=\"281\" src=\"https:\/\/www.youtube.com\/embed\/fd93uXhcOjY?feature=oembed\" frameborder=\"0\" allow=\"accelerometer; autoplay; clipboard-write; encrypted-media; gyroscope; picture-in-picture; web-share\" referrerpolicy=\"strict-origin-when-cross-origin\" allowfullscreen><\/iframe>\n<\/div><\/figure>\n\n\n\n<h2 class=\"wp-block-heading\">Bolsas mundiais<\/h2>\n\n\n\n<h3 class=\"wp-block-heading\">Wall Street<\/h3>\n\n\n\n<p>Os \u00edndices S&amp;P 500 e Dow Jones recuaram de m\u00e1ximas recordes nesta segunda-feira, uma vez que o setor de energia e outros sens\u00edveis ao crescimento econ\u00f4mico tinham queda por preocupa\u00e7\u00f5es sobre o aumento de casos de covid-19. <\/p>\n\n\n\n<p>O \u00edndice Dow Jones fechou em queda de 0,30%, a 35.101 pontos, enquanto o S&amp;P 500 perdeu 0,09%, a 4.432 pontos. O \u00edndice de tecnologia Nasdaq avan\u00e7ou 0,16%, a 14.860.<\/p>\n\n\n\n<h3 class=\"wp-block-heading\">Europa<\/h3>\n\n\n\n<p>As a\u00e7\u00f5es europeias atingiram uma m\u00e1xima recorde ap\u00f3s os ganhos nos setores de sa\u00fade, servi\u00e7os p\u00fablicos e tecnologia compensarem as quedas desencadeadas pelo decl\u00ednio nos pre\u00e7os das <a href=\"https:\/\/investnews.com.br\/guias\/commodities-o-que-sao\/\">commodities<\/a> nesta segunda. <\/p>\n\n\n\n<ul class=\"wp-block-list\"><li>Em LONDRES, o \u00edndice Financial Times avan\u00e7ou 0,13%, a 7.132 pontos.<\/li><li>Em FRANKFURT, o \u00edndice DAX caiu 0,10%, a 15.745 pontos.<\/li><li>Em PARIS, o \u00edndice CAC-40 perdeu 0,06%, a 6.813 pontos.<\/li><li>Em MIL\u00c3O, o \u00edndice Ftse\/Mib teve valoriza\u00e7\u00e3o de 0,54%, a 26.139 pontos.<\/li><li>Em MADRI, o \u00edndice Ibex-35 registrou baixa de 0,15%, a 8.865 pontos.<\/li><li>Em LISBOA, o \u00edndice PSI20 valorizou-se 0,34%, a 5.151 pontos.<\/li><\/ul>\n\n\n\n<h3 class=\"wp-block-heading\">\u00c1sia e Pac\u00edfico<\/h3>\n\n\n\n<p>As a\u00e7\u00f5es da China subiram nesta segunda, com uma forte recupera\u00e7\u00e3o das empresas blue-chips compensando perdas no setor de tecnologia, altamente valorizado, j\u00e1 que sinais de desacelera\u00e7\u00e3o do crescimento econ\u00f4mico alimentavam esperan\u00e7as de um novo afrouxamento da pol\u00edtica monet\u00e1ria. <\/p>\n\n\n\n<ul class=\"wp-block-list\"><li>Em T\u00d3QUIO, o \u00edndice Nikkei permaneceu fechado.<\/li><li>Em HONG KONG, o \u00edndice HANG SENG subiu 0,40%, a 26.283 pontos.<\/li><li>Em XANGAI, o \u00edndice SSEC ganhou 1,05%, a 3.494 pontos.<\/li><li>O \u00edndice CSI300, que re\u00fane as maiores companhias listadas em XANGAI e SHENZHEN, avan\u00e7ou 1,30%, a 4.985 pontos.<\/li><li>Em SEUL, o \u00edndice KOSPI teve desvaloriza\u00e7\u00e3o de 0,30%, a 3.260 pontos.<\/li><li>Em TAIWAN, o \u00edndice TAIEX registrou baixa de 0,23%, a 17.485 pontos.<\/li><li>Em CINGAPURA, o \u00edndice STRAITS TIMES n\u00e3o teve opera\u00e7\u00f5es<\/li><li>Em SYDNEY o \u00edndice S&amp;P\/ASX 200 ficou est\u00e1vel, a 7.538 pontos.<\/li><\/ul>\n\n\n\n<p><em>(*Com informa\u00e7\u00f5es de Reuters)<\/em><\/p>\n\n\n\n<h4 class=\"wp-block-heading\">Veja tamb\u00e9m<\/h4>\n\n\n\n<ul class=\"wp-block-list\"><li><a href=\"https:\/\/investnews.com.br\/negocios\/minerio-de-ferro-despenca-em-meio-a-perspectivas-de-maior-oferta-e-menor-demanda\/\" class=\"rank-math-link\">Min\u00e9rio de ferro<\/a> despenca em meio a perspectivas de maior oferta e menor demanda<\/li><li>Bolsonaro diz que reajuste do <a href=\"https:\/\/investnews.com.br\/economia\/bolsonaro-diz-que-reajuste-do-bolsa-familia-nao-deve-chegar-a-100\/\" class=\"rank-math-link\">Bolsa Fam\u00edlia<\/a> n\u00e3o deve chegar a 100%<\/li><li>Dia agitado na <a href=\"https:\/\/investnews.com.br\/analise\/morning-call-o-dia-sera-agitado-com-ata-do-copom-ipca-balancos-e-politica\/\">economia hoje<\/a>: Ata do Copom, <a href=\"https:\/\/investnews.com.br\/guias\/o-que-e-ipca\/\">IPCA<\/a>, Balan\u00e7os e Pol\u00edtica<\/li><li>Berkshire Hathaway, de <a href=\"https:\/\/investnews.com.br\/negocios\/berkshire-hathaway-de-warren-buffett-recupera-se-da-desaceleracao-por-pandemia\/\" class=\"rank-math-link\">Warren Buffett<\/a>, recupera-se da desacelera\u00e7\u00e3o por pandemia<\/li><li><a href=\"https:\/\/investnews.com.br\/economia\/focus-mercado-eleva-perspectiva-para-taxa-de-juros-a-725-em-2021-e-2022\/\" class=\"rank-math-link\">Boletim Focus<\/a>: mercado eleva perspectiva para taxa de juros a 7,25% em 2021 e 2022<\/li><li><a href=\"https:\/\/investnews.com.br\/negocios\/petrobras-confirma-contratacao-de-jpmorgan-para-venda-de-fatia-na-braskem\/\" class=\"rank-math-link\">Petrobras<\/a> confirma contrata\u00e7\u00e3o de JPMorgan para venda de fatia na Braskem<\/li><\/ul>\n","protected":false},"excerpt":{"rendered":"<p>Preocupa\u00e7\u00f5es sobre aumento dos gastos do governo afeta d\u00f3lar e bolsa de valores.<\/p>\n","protected":false},"author":7,"featured_media":233680,"comment_status":"closed","ping_status":"open","sticky":false,"template":"","format":"standard","meta":{"_acf_changed":false,"inline_featured_image":false,"footnotes":""},"categories":[5],"tags":[26],"autor-wsj":[],"coauthors":[1494],"class_list":["post-267670","post","type-post","status-publish","format-standard","has-post-thumbnail","hentry","category-economia","tag-dolar"],"acf":[],"amp_enabled":true,"_links":{"self":[{"href":"https:\/\/investnews.com.br\/inv-api\/wp\/v2\/posts\/267670","targetHints":{"allow":["GET"]}}],"collection":[{"href":"https:\/\/investnews.com.br\/inv-api\/wp\/v2\/posts"}],"about":[{"href":"https:\/\/investnews.com.br\/inv-api\/wp\/v2\/types\/post"}],"author":[{"embeddable":true,"href":"https:\/\/investnews.com.br\/inv-api\/wp\/v2\/users\/7"}],"replies":[{"embeddable":true,"href":"https:\/\/investnews.com.br\/inv-api\/wp\/v2\/comments?post=267670"}],"version-history":[{"count":30,"href":"https:\/\/investnews.com.br\/inv-api\/wp\/v2\/posts\/267670\/revisions"}],"predecessor-version":[{"id":268089,"href":"https:\/\/investnews.com.br\/inv-api\/wp\/v2\/posts\/267670\/revisions\/268089"}],"wp:featuredmedia":[{"embeddable":true,"href":"https:\/\/investnews.com.br\/inv-api\/wp\/v2\/media\/233680"}],"wp:attachment":[{"href":"https:\/\/investnews.com.br\/inv-api\/wp\/v2\/media?parent=267670"}],"wp:term":[{"taxonomy":"category","embeddable":true,"href":"https:\/\/investnews.com.br\/inv-api\/wp\/v2\/categories?post=267670"},{"taxonomy":"post_tag","embeddable":true,"href":"https:\/\/investnews.com.br\/inv-api\/wp\/v2\/tags?post=267670"},{"taxonomy":"autor-wsj","embeddable":true,"href":"https:\/\/investnews.com.br\/inv-api\/wp\/v2\/autor-wsj?post=267670"},{"taxonomy":"author","embeddable":true,"href":"https:\/\/investnews.com.br\/inv-api\/wp\/v2\/coauthors?post=267670"}],"curies":[{"name":"wp","href":"https:\/\/api.w.org\/{rel}","templated":true}]}}