{"id":268018,"date":"2021-08-10T08:19:47","date_gmt":"2021-08-10T11:19:47","guid":{"rendered":"https:\/\/investnews.com.br\/?p=268018"},"modified":"2021-08-10T08:19:49","modified_gmt":"2021-08-10T11:19:49","slug":"minerva-ve-lucro-do-2o-tri-cair-54-mas-segue-otimista-com-exportacoes","status":"publish","type":"post","link":"https:\/\/investnews.com.br\/negocios\/minerva-ve-lucro-do-2o-tri-cair-54-mas-segue-otimista-com-exportacoes\/","title":{"rendered":"Minerva v\u00ea lucro do 2\u00ba tri cair 54%, mas segue otimista com exporta\u00e7\u00f5es"},"content":{"rendered":"\n<p>A <strong>Minerva Foods<\/strong> (<a href=\"https:\/\/investnews.com.br\/cotacao\/beef3-minerva\/\" class=\"rank-math-link\">BEEF3<\/a>), maior <a href=\"https:\/\/investnews.com.br\/negocios\/brasil-perde-oportunidades-em-carnes-sem-novas-habilitacoes-pela-china-diz-brf\/\" class=\"rank-math-link\">exportadora de carne bovina<\/a> na Am\u00e9rica do Sul, registrou <a href=\"https:\/\/investnews.com.br\/guias\/lucro-liquido\/\">lucro l\u00edquido<\/a> de R$ 116,7 milh\u00f5es no segundo trimestre, queda de 54% ante o mesmo per\u00edodo do ano passado, conforme balan\u00e7o divulgado nesta segunda-feira (09), <strong>mas v\u00ea um cen\u00e1rio positivo puxado por exporta\u00e7\u00e3o e sinergia entre as opera\u00e7\u00f5es sul-americanas<\/strong>.<\/p>\n\n\n\n<p>O lucro antes de juros, impostos, deprecia\u00e7\u00e3o e <a href=\"https:\/\/investnews.com.br\/guias\/amortizacao-o-que-e\/\">amortiza\u00e7\u00e3o<\/a> (Ebitda, na sigla em ingl\u00eas) da companhia atingiu R$ 544,9 mil no per\u00edodo, recuo de 7,7% no mesmo comparativo.<\/p>\n\n\n\n<p>O diretor financeiro da Minerva, Edison Ticle, disse que o destaque do trimestre \u00e9 o <a href=\"https:\/\/investnews.com.br\/negocios\/mercado-livre-tem-us-682-milhoes-de-lucro-liquido-no-2o-trimestre\/\" class=\"rank-math-link\">lucro l\u00edquido<\/a> pois, apesar da queda, trata-se de um &#8220;resultado realmente muito forte&#8221;, mas que \u00e9 comparado a uma base mais elevada &#8211;em 2020, a pandemia da Covid-19 elevou a demanda por alimentos em diversos setores.<\/p>\n\n\n\n<p>&#8220;Houve queda ante o segundo tri do ano passado, mas porque (2020) foi um ponto fora da curva&#8221;, afirmou a jornalistas em videoconfer\u00eancia.<\/p>\n\n\n\n<p>A <a href=\"https:\/\/investnews.com.br\/guias\/receita-liquida-o-que-e\/\">receita l\u00edquida<\/a> da empresa atingiu R$ 6,28 bilh\u00f5es no segundo trimestre, alta de 42,9% no ano a ano.<\/p>\n\n\n\n<p>O CEO da Minerva, Fernando Galletti de Queiroz, disse que ainda h\u00e1 certas dificuldades log\u00edsticas no mercado global, com falta de cont\u00eaineres e tempos mais longos para transportes de cargas, mas a demanda externa segue aquecida.<\/p>\n\n\n\n<p>&#8220;A \u00c1sia segue como o grande vetor comprador&#8230; e a China como o principal destaque. <strong>No segundo trimestre de 2021, cerca de 36% da nossa receita de exporta\u00e7\u00e3o teve origem no mercado chin\u00eas<\/strong>&#8220;, informou a empresa, mesmo diante de entraves relacionados \u00e0 pandemia da Covid-19.<\/p>\n\n\n\n<p>No setor de carne bovina, em geral, o cen\u00e1rio \u00e9 de recuo nas vendas do Brasil para a China em volume e avan\u00e7o nas receitas. Questionado sobre o posicionamento da Minerva neste contexto, Queiroz disse que tanto os volumes quanto o faturamento da empresa avan\u00e7am nos mercados chin\u00eas e asi\u00e1tico como um todo.<\/p>\n\n\n\n<p>O CEO ainda ressaltou que a estrat\u00e9gia da companhia de redirecionar a produ\u00e7\u00e3o, para contornar fatores como a restri\u00e7\u00e3o e altos pre\u00e7os do gado no Brasil, tem papel fundamental para garantir o desempenho operacional da empresa.<\/p>\n\n\n\n<p>&#8220;Isso \u00e9 um trabalho em andamento, de olhar Am\u00e9rica do Sul como uma \u00fanica regi\u00e3o, considerando as diferentes moedas e podendo arbitrar e tomar as decis\u00f5es onde se maximiza o ganho&#8221;, afirmou Queiroz.<\/p>\n\n\n\n<p>Os abates do segundo trimestre totalizaram 869 mil cabe\u00e7as, avan\u00e7o de 15,5% no ano a ano puxado pela subsidi\u00e1ria Athena &#8211;que responde pelas opera\u00e7\u00f5es na Am\u00e9rica do Sul, exceto Brasil.<\/p>\n\n\n\n<p>&#8220;Se pegar uma m\u00e9dia no trimestre, os destaques (em abates) v\u00e3o para Uruguai, Paraguai e Col\u00f4mbia&#8221;, disse ele.<\/p>\n\n\n\n<p>No mercado brasileiro, inclusive, os abates recuaram 6% no per\u00edodo, para 323,6 mil cabe\u00e7as de gado.<\/p>\n\n\n\n<p>O diretor financeiro acrescentou que para lidar com o alto patamar de pre\u00e7os da arroba no Brasil, uma estrat\u00e9gia adotada na gest\u00e3o de fornecedores \u00e9 adquirir o animal \u00e0 vista com desconto e utilizar essa margem para custear financiamentos com bancos a prazos curtos, como 60 dias.<\/p>\n\n\n\n<p>&#8220;Eu uso esse desconto com o pecuarista pra bancar esse financiamento&#8230; isso n\u00e3o \u00e9 exclusivo do Minerva, nas empresas de agro \u00e9 muito comum, mas \u00e9 uma boa alternativa&#8221;, pontuou Ticle.<\/p>\n\n\n\n<h2 class=\"wp-block-heading\"> Vacina\u00e7\u00e3o<\/h2>\n\n\n\n<p>Em linha com um posicionamento adotado por diversos frigor\u00edficos, a Minerva disse que <strong>realizou uma campanha massiva de conscientiza\u00e7\u00e3o sobre a import\u00e2ncia da vacina\u00e7\u00e3o contra a Covid-19 entre os colaboradores<\/strong>.<\/p>\n\n\n\n<p>&#8220;No Brasil, 95% dos colaboradores eleg\u00edveis \u00e0 vacina\u00e7\u00e3o j\u00e1 tomaram a 1\u00aa dose da vacina&#8221;, afirmou.<\/p>\n\n\n\n<h4 class=\"wp-block-heading\">Veja tamb\u00e9m<\/h4>\n\n\n\n<ul class=\"wp-block-list\"><li>Voc\u00ea prefere&nbsp;<a href=\"\/\/investnews.com.br\/colunistas\/coluna-do-samy-dana\/o-que-voce-prefere-ganhar-uma-quantia-em-dinheiro-agora-ou-saber-tocar-violao\/\" target=\"_blank\" rel=\"noreferrer noopener\">ganhar uma quantia em dinheiro<\/a>&nbsp;agora ou saber tocar viol\u00e3o?<\/li><li><a href=\"https:\/\/investnews.com.br\/cafeina\/acoes-da-tim-podem-mesmo-subir-ate-75-como-preveem-grandes-bancos\/\" target=\"_blank\" rel=\"noreferrer noopener\">A\u00e7\u00f5es da TIM<\/a>&nbsp;podem mesmo subir at\u00e9 75% como preveem grandes bancos?<\/li><li><a href=\"https:\/\/investnews.com.br\/financas\/vale-a-pena-entrar-em-ipo\/\" target=\"_blank\" rel=\"noreferrer noopener\">Vale a pena entrar em IPO?<\/a>&nbsp;Em 1 m\u00eas, B3 teve 9 estreias com alta e 2 com baixa<\/li><li>Ouro, petr\u00f3leo e&nbsp;<a href=\"https:\/\/investnews.com.br\/mais-investnews\/ouro-petroleo-e-minerio-de-ferro-em-queda-o-que-o-fed-e-china-tem-a-ver\/\" target=\"_blank\" rel=\"noreferrer noopener\">min\u00e9rio de ferro<\/a>&nbsp;em queda: o que o Fed e China t\u00eam a ver?<\/li><li><a href=\"https:\/\/investnews.com.br\/geral\/novo-bolsa-familia-veja-6-beneficios-incluidos-na-proposta-do-governo\/\" target=\"_blank\" rel=\"noreferrer noopener\">Novo Bolsa Fam\u00edlia<\/a>: veja 6 benef\u00edcios inclu\u00eddos na proposta do governo<\/li><li><a href=\"https:\/\/investnews.com.br\/geral\/samy-dana-e-finalista-do-premio-comunique-se-pelo-investnews\/\" target=\"_blank\" rel=\"noreferrer noopener\">Samy Dana<\/a>&nbsp;\u00e9 finalista do Pr\u00eamio Comunique-se pelo InvestNews<\/li><\/ul>\n","protected":false},"excerpt":{"rendered":"<p>A exportadora registrou lucro l\u00edquido de R$ 116,7 milh\u00f5es no per\u00edodo.<\/p>\n","protected":false},"author":7,"featured_media":268019,"comment_status":"closed","ping_status":"open","sticky":false,"template":"","format":"standard","meta":{"_acf_changed":false,"inline_featured_image":false,"footnotes":""},"categories":[6],"tags":[],"autor-wsj":[],"coauthors":[1494],"class_list":["post-268018","post","type-post","status-publish","format-standard","has-post-thumbnail","hentry","category-negocios"],"acf":[],"amp_enabled":true,"_links":{"self":[{"href":"https:\/\/investnews.com.br\/inv-api\/wp\/v2\/posts\/268018","targetHints":{"allow":["GET"]}}],"collection":[{"href":"https:\/\/investnews.com.br\/inv-api\/wp\/v2\/posts"}],"about":[{"href":"https:\/\/investnews.com.br\/inv-api\/wp\/v2\/types\/post"}],"author":[{"embeddable":true,"href":"https:\/\/investnews.com.br\/inv-api\/wp\/v2\/users\/7"}],"replies":[{"embeddable":true,"href":"https:\/\/investnews.com.br\/inv-api\/wp\/v2\/comments?post=268018"}],"version-history":[{"count":1,"href":"https:\/\/investnews.com.br\/inv-api\/wp\/v2\/posts\/268018\/revisions"}],"predecessor-version":[{"id":268022,"href":"https:\/\/investnews.com.br\/inv-api\/wp\/v2\/posts\/268018\/revisions\/268022"}],"wp:featuredmedia":[{"embeddable":true,"href":"https:\/\/investnews.com.br\/inv-api\/wp\/v2\/media\/268019"}],"wp:attachment":[{"href":"https:\/\/investnews.com.br\/inv-api\/wp\/v2\/media?parent=268018"}],"wp:term":[{"taxonomy":"category","embeddable":true,"href":"https:\/\/investnews.com.br\/inv-api\/wp\/v2\/categories?post=268018"},{"taxonomy":"post_tag","embeddable":true,"href":"https:\/\/investnews.com.br\/inv-api\/wp\/v2\/tags?post=268018"},{"taxonomy":"autor-wsj","embeddable":true,"href":"https:\/\/investnews.com.br\/inv-api\/wp\/v2\/autor-wsj?post=268018"},{"taxonomy":"author","embeddable":true,"href":"https:\/\/investnews.com.br\/inv-api\/wp\/v2\/coauthors?post=268018"}],"curies":[{"name":"wp","href":"https:\/\/api.w.org\/{rel}","templated":true}]}}