{"id":268025,"date":"2021-08-10T08:29:23","date_gmt":"2021-08-10T11:29:23","guid":{"rendered":"https:\/\/investnews.com.br\/?p=268025"},"modified":"2021-08-20T09:08:16","modified_gmt":"2021-08-20T12:08:16","slug":"entenda-o-projeto-de-privatizacao-dos-correios","status":"publish","type":"post","link":"https:\/\/investnews.com.br\/economia\/entenda-o-projeto-de-privatizacao-dos-correios\/","title":{"rendered":"Entenda o projeto de privatiza\u00e7\u00e3o dos Correios"},"content":{"rendered":"\n<p>Aprovado na C\u00e2mara dos Deputados na semana passada, o Projeto de Lei (PL) 591\/21, que autoriza a <a href=\"https:\/\/investnews.com.br\/negocios\/privatizacao-do-serpro-e-da-dataprev\/\" class=\"rank-math-link\">privatiza\u00e7\u00e3o<\/a> da Empresa de Correios e Tel\u00e9grafos (ECT), aguarda ainda a an\u00e1lise do Senado. <strong>O texto diz que a Uni\u00e3o poder\u00e1 vender a empresa <\/strong>e determina que os servi\u00e7os postais considerados universais, como cartas, impressos e telegramas, dever\u00e3o ser realizados por uma <strong>nova empresa chamada de Correios do Brasil<\/strong>.<\/p>\n\n\n\n<p>O projeto tamb\u00e9m modifica a fun\u00e7\u00e3o da Ag\u00eancia Nacional de Telecomunica\u00e7\u00f5es (Anatel), que ser\u00e1 transformada em Ag\u00eancia Nacional de Telecomunica\u00e7\u00f5es e Servi\u00e7os Postais e tamb\u00e9m ser\u00e1 respons\u00e1vel por regular os servi\u00e7os postais e assegurar as metas de universaliza\u00e7\u00e3o e de qualidade dos servi\u00e7os.<\/p>\n\n\n\n<figure class=\"wp-block-embed-youtube wp-block-embed is-type-video is-provider-youtube wp-embed-aspect-16-9 wp-has-aspect-ratio\"><div class=\"wp-block-embed__wrapper\">\n<iframe loading=\"lazy\" title=\"Privatiza\u00e7\u00e3o dos Correios e bolsa de valores: quais a\u00e7\u00f5es podem subir?\" width=\"500\" height=\"281\" src=\"https:\/\/www.youtube.com\/embed\/xv2PCXWglUo?feature=oembed\" frameborder=\"0\" allow=\"accelerometer; autoplay; clipboard-write; encrypted-media; gyroscope; picture-in-picture; web-share\" referrerpolicy=\"strict-origin-when-cross-origin\" allowfullscreen><\/iframe>\n<\/div><\/figure>\n\n\n\n<p>Para <strong>assegurar a continuidade dos servi\u00e7o<\/strong>s, o projeto criou duas categorias: a de operador postal e operador postal designado. O primeiro inclui qualquer empresa que queira prestar o servi\u00e7o que poder\u00e1 atuar no mercado de objetos postais, a exemplo da entrega de encomendas, como j\u00e1 ocorre atualmente.&nbsp;<\/p>\n\n\n\n<p>J\u00e1 <strong>o operador postal designado \u00e9 quem ser\u00e1 respons\u00e1vel pela opera\u00e7\u00e3o dos servi\u00e7os postais universais<\/strong>, mediante contrato de concess\u00e3o. Este servi\u00e7o inclui \u201ca carta, simples ou registrada; o impresso, simples ou registrado; o objeto postal sujeito \u00e0 universaliza\u00e7\u00e3o, com dimens\u00f5es e peso definidos pelo \u00f3rg\u00e3o regulador; o servi\u00e7o de telegrama outros objetos postais definidos em ato do Poder Executivo Federal com base na essencialidade do servi\u00e7o.\u201d<\/p>\n\n\n\n<p>Como o monop\u00f3lio postal de cartas e impressos \u00e9 assegurado pela Constitui\u00e7\u00e3o Federal, o projeto diz que <strong>quem arrematar os <a href=\"https:\/\/investnews.com.br\/negocios\/correios-felipe-neto-divida\/\" class=\"rank-math-link\">Correios<\/a> durante o leil\u00e3o ter\u00e1 de operar os servi\u00e7os postais com exclusividade pelo prazo m\u00e1ximo de cinco anos<\/strong>, mas com a possibilidade de prorroga\u00e7\u00e3o do per\u00edodo.<\/p>\n\n\n\n<p>A exclusividade inclui servi\u00e7os postais como atendimento, coleta, triagem, transporte e distribui\u00e7\u00e3o no territ\u00f3rio nacional e expedi\u00e7\u00e3o para o exterior de cartas e cart\u00f5es postais; servi\u00e7o p\u00fablico de telegrama; e atendimento, coleta, triagem, transporte e distribui\u00e7\u00e3o no territ\u00f3rio nacional e expedi\u00e7\u00e3o para o exterior de correspond\u00eancia agrupada.<\/p>\n\n\n\n<p>Por isso, o projeto determina a manuten\u00e7\u00e3o da opera\u00e7\u00e3o unificada da empresa, sem segrega\u00e7\u00e3o por regi\u00f5es, em prol da \u201cpreserva\u00e7\u00e3o das sinergias entre os neg\u00f3cios\u201d, da \u201cpreserva\u00e7\u00e3o das vantagens competitivas\u201d e da \u201credu\u00e7\u00e3o da complexidade contratual e dos riscos para os investidores\u201d.<\/p>\n\n\n\n<h2 class=\"wp-block-heading\">Tarifas<\/h2>\n\n\n\n<p>De acordo com o projeto, <strong>as tarifas ter\u00e3o reajustes peri\u00f3dicos e poder\u00e3o ser diferenciadas geograficamente com base no custo do servi\u00e7o, na renda dos usu\u00e1rios e nos indicadores sociais. <\/strong>Tamb\u00e9m fica criada uma tarifa social para atendimento aos usu\u00e1rios que n\u00e3o tenham condi\u00e7\u00f5es econ\u00f4micas de custear o servi\u00e7o.<\/p>\n\n\n\n<h2 class=\"wp-block-heading\">Ag\u00eancias<\/h2>\n\n\n\n<p><strong>O projeto pro\u00edbe o fechamento das ag\u00eancias consideradas essenciais para a presta\u00e7\u00e3o do servi\u00e7o postal universal em \u00e1reas remotas do pa\u00eds<\/strong>, conforme regulamenta\u00e7\u00e3o e o disposto no contrato de concess\u00e3o. Os servi\u00e7os considerados como de interesse social tamb\u00e9m dever\u00e3o ser mantidos.<\/p>\n\n\n\n<figure class=\"wp-block-image\"><img decoding=\"async\" src=\"https:\/\/imagens.ebc.com.br\/Nwdj6u4tjOjpd8fvKQBUuGYn8fM=\/754x0\/smart\/https:\/\/agenciabrasil.ebc.com.br\/sites\/default\/files\/thumbnails\/image\/ffraz_abr_18091923264.jpg?itok=iLeeXbDR\" alt=\" Movimento no Centro de Tratamento de Encomendas dos Correios, em Benfica\"\/><figcaption> Movimento no Centro de Tratamento de Encomendas dos Correios, em Benfica &#8211;&nbsp;<strong>Fernando Fraz\u00e3o\/Ag\u00eancia Brasil<\/strong> <\/figcaption><\/figure>\n\n\n\n<h2 class=\"wp-block-heading\">Trabalhadores<\/h2>\n\n\n\n<p>Entre outros pontos, <strong>o projeto veda a dispensa sem justa causa dos empregados da ECT durante os 18 meses subsequentes \u00e0 desestatiza\u00e7\u00e3o<\/strong>. O projeto tamb\u00e9m determina que seja disponibilizado aos empregados dos <a href=\"https:\/\/investnews.com.br\/negocios\/correios-felipe-neto-divida\/\" class=\"rank-math-link\">Correios<\/a> um plano de demiss\u00e3o volunt\u00e1ria (PDV), com per\u00edodo de ades\u00e3o de 180 dias contados a partir da privatiza\u00e7\u00e3o.<\/p>\n\n\n\n<p>Os trabalhadores que aderirem ao PDV ter\u00e3o direito a uma indeniza\u00e7\u00e3o correspondente a 12 meses de remunera\u00e7\u00e3o, manuten\u00e7\u00e3o do plano de sa\u00fade pelo mesmo per\u00edodo &#8211; contado a partir do desligamento &#8211; e plano de requalifica\u00e7\u00e3o profissional, sem preju\u00edzo de outros incentivos financeiros.<\/p>\n\n\n\n<p>O texto tamb\u00e9m autoriza a transfer\u00eancia de empregados da ECT por solicita\u00e7\u00e3o de qualquer \u00f3rg\u00e3o ou ente da administra\u00e7\u00e3o p\u00fablica direta ou indireta, mantido o regime jur\u00eddico.<\/p>\n\n\n\n<h4 class=\"wp-block-heading\">Veja tamb\u00e9m<\/h4>\n\n\n\n<ul class=\"wp-block-list\"><li><a class=\"rank-math-link\" href=\"https:\/\/investnews.com.br\/negocios\/correios-felipe-neto-divida\/\">D\u00edvida dos Correios<\/a>: faz sentido a compara\u00e7\u00e3o com Petrobras e Vale?<\/li><li>Voc\u00ea prefere&nbsp;<a rel=\"noreferrer noopener\" target=\"_blank\" href=\"\/\/investnews.com.br\/colunistas\/coluna-do-samy-dana\/o-que-voce-prefere-ganhar-uma-quantia-em-dinheiro-agora-ou-saber-tocar-violao\/\">ganhar uma quantia em dinheiro<\/a>&nbsp;agora ou saber tocar viol\u00e3o?<\/li><li><a rel=\"noreferrer noopener\" target=\"_blank\" href=\"https:\/\/investnews.com.br\/cafeina\/acoes-da-tim-podem-mesmo-subir-ate-75-como-preveem-grandes-bancos\/\">A\u00e7\u00f5es da TIM<\/a>&nbsp;podem mesmo subir at\u00e9 75% como preveem grandes bancos?<\/li><li><a rel=\"noreferrer noopener\" target=\"_blank\" href=\"https:\/\/investnews.com.br\/financas\/vale-a-pena-entrar-em-ipo\/\">Vale a pena entrar em IPO?<\/a>&nbsp;Em 1 m\u00eas, B3 teve 9 estreias com alta e 2 com baixa<\/li><li>Ouro, petr\u00f3leo e&nbsp;<a rel=\"noreferrer noopener\" target=\"_blank\" href=\"https:\/\/investnews.com.br\/mais-investnews\/ouro-petroleo-e-minerio-de-ferro-em-queda-o-que-o-fed-e-china-tem-a-ver\/\">min\u00e9rio de ferro<\/a>&nbsp;em queda: o que o Fed e China t\u00eam a ver?<\/li><li><a rel=\"noreferrer noopener\" target=\"_blank\" href=\"https:\/\/investnews.com.br\/geral\/novo-bolsa-familia-veja-6-beneficios-incluidos-na-proposta-do-governo\/\">Novo Bolsa Fam\u00edlia<\/a>: veja 6 benef\u00edcios inclu\u00eddos na proposta do governo<\/li><li><a rel=\"noreferrer noopener\" target=\"_blank\" href=\"https:\/\/investnews.com.br\/geral\/samy-dana-e-finalista-do-premio-comunique-se-pelo-investnews\/\">Samy Dana<\/a>&nbsp;\u00e9 finalista do Pr\u00eamio Comunique-se pelo InvestNews<\/li><\/ul>\n","protected":false},"excerpt":{"rendered":"<p>Texto cria duas categorias de atua\u00e7\u00e3o para novos operadores postais.<\/p>\n","protected":false},"author":7,"featured_media":241633,"comment_status":"closed","ping_status":"open","sticky":false,"template":"","format":"standard","meta":{"_acf_changed":false,"inline_featured_image":false,"footnotes":""},"categories":[5],"tags":[1876],"autor-wsj":[],"coauthors":[1494],"class_list":["post-268025","post","type-post","status-publish","format-standard","has-post-thumbnail","hentry","category-economia","tag-correios"],"acf":[],"amp_enabled":true,"_links":{"self":[{"href":"https:\/\/investnews.com.br\/inv-api\/wp\/v2\/posts\/268025","targetHints":{"allow":["GET"]}}],"collection":[{"href":"https:\/\/investnews.com.br\/inv-api\/wp\/v2\/posts"}],"about":[{"href":"https:\/\/investnews.com.br\/inv-api\/wp\/v2\/types\/post"}],"author":[{"embeddable":true,"href":"https:\/\/investnews.com.br\/inv-api\/wp\/v2\/users\/7"}],"replies":[{"embeddable":true,"href":"https:\/\/investnews.com.br\/inv-api\/wp\/v2\/comments?post=268025"}],"version-history":[{"count":5,"href":"https:\/\/investnews.com.br\/inv-api\/wp\/v2\/posts\/268025\/revisions"}],"predecessor-version":[{"id":270771,"href":"https:\/\/investnews.com.br\/inv-api\/wp\/v2\/posts\/268025\/revisions\/270771"}],"wp:featuredmedia":[{"embeddable":true,"href":"https:\/\/investnews.com.br\/inv-api\/wp\/v2\/media\/241633"}],"wp:attachment":[{"href":"https:\/\/investnews.com.br\/inv-api\/wp\/v2\/media?parent=268025"}],"wp:term":[{"taxonomy":"category","embeddable":true,"href":"https:\/\/investnews.com.br\/inv-api\/wp\/v2\/categories?post=268025"},{"taxonomy":"post_tag","embeddable":true,"href":"https:\/\/investnews.com.br\/inv-api\/wp\/v2\/tags?post=268025"},{"taxonomy":"autor-wsj","embeddable":true,"href":"https:\/\/investnews.com.br\/inv-api\/wp\/v2\/autor-wsj?post=268025"},{"taxonomy":"author","embeddable":true,"href":"https:\/\/investnews.com.br\/inv-api\/wp\/v2\/coauthors?post=268025"}],"curies":[{"name":"wp","href":"https:\/\/api.w.org\/{rel}","templated":true}]}}