{"id":268995,"date":"2021-08-12T22:09:40","date_gmt":"2021-08-13T01:09:40","guid":{"rendered":"https:\/\/investnews.com.br\/?p=268995"},"modified":"2026-03-26T16:02:16","modified_gmt":"2026-03-26T19:02:16","slug":"natura-co-lucra-r-235-milhoes-no-2o-trimestre","status":"publish","type":"post","link":"https:\/\/investnews.com.br\/negocios\/natura-co-lucra-r-235-milhoes-no-2o-trimestre\/","title":{"rendered":"Natura &#038; Co lucra R$ 235 milh\u00f5es no 2\u00ba trimestre"},"content":{"rendered":"\n<p>A <strong>Natura &amp;Co<\/strong> (<a href=\"https:\/\/investnews.com.br\/cotacao\/ntco3-natura\/\" class=\"rank-math-link\">NTCO3<\/a>) reverteu o preju\u00edzo de R$ 392,91 milh\u00f5es registrado no segundo trimestre do ano passado, com lucro de R$ 232,2 milh\u00f5es obtido no final de junho de 2021.<\/p>\n\n\n\n<p>Por outro lado, o Ebitda (lucro antes de juros, impostos, deprecia\u00e7\u00e3o e <a href=\"https:\/\/investnews.com.br\/guias\/amortizacao-o-que-e\/\">amortiza\u00e7\u00e3o<\/a>) teve queda de 3,4%, somando R$ 630 milh\u00f5es. No crit\u00e9rio ajustado, o indicador ficou em R$ 811,2 milh\u00f5es, com margem de 8,5%.<\/p>\n\n\n\n<p>Segundo a empresa, as press\u00f5es inflacion\u00e1rias no per\u00edodo de abril a junho deste ano foram amplamente compensadas pelos ganhos de sinergias, pre\u00e7os e alavancagem de vendas. Excluindo os efeitos n\u00e3o-recorrentes relacionados \u00e0 pandemia no segundo trimestre de 2020, a <a href=\"https:\/\/investnews.com.br\/guias\/ebitda-o-que-e-como-calcular\/\">margem Ebitda<\/a> ajustada teria melhorado neste trimestre, acredita a empresa.<\/p>\n\n\n\n<p>A <strong><a href=\"https:\/\/investnews.com.br\/guias\/receita-liquida-o-que-e\/\">receita l\u00edquida<\/a> <\/strong>consolidada na mesma base de compara\u00e7\u00e3o<strong> aumentou 36,2% <\/strong>em rela\u00e7\u00e3o ao mesmo intervalo do ano anterior, impulsionada pelo crescimento em todos os neg\u00f3cios em ambos os per\u00edodos. Excluindo o efeito de faseamento do incidente cibern\u00e9tico no ano passado, que deslocou R$ 454 milh\u00f5es em vendas do segundo para o terceiro trimestre, a receita l\u00edquida ajustada, segundo a empresa, teria aumentado 27,9%.<\/p>\n\n\n\n<p>A empresa encerrou o trimestre com <strong>R$ 8 bilh\u00f5es em posi\u00e7\u00e3o de caixa<\/strong>, sendo R$ 4,5 bilh\u00f5es em caixa e R$ 3,5 bilh\u00f5es em dep\u00f3sitos de curto prazo. O fluxo de caixa teve um consumo de R$ 1.131,6 milh\u00f5es de abril a junho, conforme esperado, tamb\u00e9m sob impacto dos efeitos da covid-19, pontua a companhia.<\/p>\n\n\n\n<p><strong>Veja tamb\u00e9m<\/strong><\/p>\n\n\n\n<ul class=\"wp-block-list\">\n<li><a href=\"https:\/\/investnews.com.br\/geral\/mei-que-nao-regularizar-contas-pode-perder-cnpj-entenda\/\" target=\"_blank\" rel=\"noreferrer noopener\">MEI<\/a>\u00a0que n\u00e3o regularizar contas pode perder CNPJ; entenda<\/li>\n\n\n\n<li><a href=\"https:\/\/investnews.com.br\/financas\/quanto-rende-1-milhao-na-poupanca\/\" target=\"_blank\" rel=\"noreferrer noopener\">Quanto rende R$ 1 milh\u00e3o na poupan\u00e7a?<\/a>\u00a0Veja compara\u00e7\u00f5es<\/li>\n\n\n\n<li>Lojistas devem receber por\u00a0<a href=\"https:\/\/investnews.com.br\/economia\/lojistas-devem-receber-por-pix-saque-indica-campos-neto\/\" target=\"_blank\" rel=\"noreferrer noopener\">Pix Saque<\/a>, indica Campos Neto<\/li>\n\n\n\n<li>Ultrapar e Via encerram com forte queda;\u00a0<a href=\"https:\/\/investnews.com.br\/financas\/ultrapar-e-minerva-despencam-na-bolsa-sulamerica-e-oi-avancam\/\" target=\"_blank\" rel=\"noreferrer noopener\">Hapvida<\/a>\u00a0decola mais de 6%<\/li>\n\n\n\n<li><a href=\"https:\/\/investnews.com.br\/boletim-investnews\/b3-cai-ainda-mais-apos-balanco-mais-a-queda-de-oi\/\" target=\"_blank\" rel=\"noreferrer noopener\">B3<\/a>\u00a0cai ainda mais ap\u00f3s balan\u00e7o; mais: a queda de Oi<\/li>\n\n\n\n<li><a href=\"https:\/\/investnews.com.br\/financas\/magazine-luiza-lucra-r-89-mi-no-2o-tri-preve-dobrar-logistica-ate-2023\/\" target=\"_blank\" rel=\"noreferrer noopener\">Magazine Luiza<\/a>\u00a0lucra R$ 89 mi no 2\u00ba tri, prev\u00ea dobrar log\u00edstica at\u00e9 2023<\/li>\n<\/ul>\n","protected":false},"excerpt":{"rendered":"<p>Empresa reverteu o preju\u00edzo de R$ 392,91 milh\u00f5es registrado no segundo trimestre do ano passado.<\/p>\n","protected":false},"author":7,"featured_media":247540,"comment_status":"closed","ping_status":"open","sticky":false,"template":"","format":"standard","meta":{"_acf_changed":false,"inline_featured_image":false,"footnotes":""},"categories":[6],"tags":[1583],"autor-wsj":[],"coauthors":[1494],"class_list":["post-268995","post","type-post","status-publish","format-standard","has-post-thumbnail","hentry","category-negocios","tag-natura"],"acf":[],"amp_enabled":true,"_links":{"self":[{"href":"https:\/\/investnews.com.br\/inv-api\/wp\/v2\/posts\/268995","targetHints":{"allow":["GET"]}}],"collection":[{"href":"https:\/\/investnews.com.br\/inv-api\/wp\/v2\/posts"}],"about":[{"href":"https:\/\/investnews.com.br\/inv-api\/wp\/v2\/types\/post"}],"author":[{"embeddable":true,"href":"https:\/\/investnews.com.br\/inv-api\/wp\/v2\/users\/7"}],"replies":[{"embeddable":true,"href":"https:\/\/investnews.com.br\/inv-api\/wp\/v2\/comments?post=268995"}],"version-history":[{"count":3,"href":"https:\/\/investnews.com.br\/inv-api\/wp\/v2\/posts\/268995\/revisions"}],"predecessor-version":[{"id":774004,"href":"https:\/\/investnews.com.br\/inv-api\/wp\/v2\/posts\/268995\/revisions\/774004"}],"wp:featuredmedia":[{"embeddable":true,"href":"https:\/\/investnews.com.br\/inv-api\/wp\/v2\/media\/247540"}],"wp:attachment":[{"href":"https:\/\/investnews.com.br\/inv-api\/wp\/v2\/media?parent=268995"}],"wp:term":[{"taxonomy":"category","embeddable":true,"href":"https:\/\/investnews.com.br\/inv-api\/wp\/v2\/categories?post=268995"},{"taxonomy":"post_tag","embeddable":true,"href":"https:\/\/investnews.com.br\/inv-api\/wp\/v2\/tags?post=268995"},{"taxonomy":"autor-wsj","embeddable":true,"href":"https:\/\/investnews.com.br\/inv-api\/wp\/v2\/autor-wsj?post=268995"},{"taxonomy":"author","embeddable":true,"href":"https:\/\/investnews.com.br\/inv-api\/wp\/v2\/coauthors?post=268995"}],"curies":[{"name":"wp","href":"https:\/\/api.w.org\/{rel}","templated":true}]}}