{"id":269029,"date":"2021-08-16T00:00:00","date_gmt":"2021-08-16T03:00:00","guid":{"rendered":"https:\/\/investnews.com.br\/?p=269029"},"modified":"2021-08-16T16:33:47","modified_gmt":"2021-08-16T19:33:47","slug":"via-muda-codigo-na-bolsa-para-viia3-a-partir-desta-segunda-feira","status":"publish","type":"post","link":"https:\/\/investnews.com.br\/financas\/via-muda-codigo-na-bolsa-para-viia3-a-partir-desta-segunda-feira\/","title":{"rendered":"Via muda c\u00f3digo na bolsa para VIIA3 a partir desta segunda-feira"},"content":{"rendered":"\n<p>A <strong>Via<\/strong> (antiga Via Varejo) <strong>mudou seu <a href=\"https:\/\/investnews.com.br\/guias\/ticker-codigos-das-acoes\/\">ticker<\/a><\/strong> negociado na bolsa brasileira de <a class=\"rank-math-link\" href=\"https:\/\/investnews.com.br\/cotacao\/vvar3-via-varejo\/\">VVAR3<\/a> para <strong><a href=\"https:\/\/investnews.com.br\/cotacao\/viia3-via-varejo\/\" class=\"rank-math-link\">VIIA3<\/a><\/strong>. A altera\u00e7\u00e3o passa a valer a partir desta segunda-feira (16), quando o nome no preg\u00e3o passa a ser apenas Via. <\/p>\n\n\n\n<p>No come\u00e7o do m\u00eas de agosto, a dona das Casas Bahia e Ponto anunciou que aprovou em assembleia geral extraordin\u00e1ria a <a href=\"https:\/\/investnews.com.br\/negocios\/via-varejo-muda-de-nome-e-passa-a-se-chamar-via\/\" class=\"rank-math-link\">mudan\u00e7a oficial do nome da marca para Via<\/a>. O novo nome foi anunciado em abril, como parte de uma reestrutura\u00e7\u00e3o do logo, identidade e cores da varejista.<\/p>\n\n\n\n<p> \u201cO novo posicionamento da marca institucional, nova assinatura corporativa e agora a altera\u00e7\u00e3o do ticker para VIIA3, refor\u00e7am a estrat\u00e9gia de ser reconhecida como \u2018a melhor Via de compras de todos os brasileiros, onde, quando e como eles quiserem\u2019 e ir muito al\u00e9m do varejo\u201d, informou a companhia em comunicado ao mercado. <\/p>\n\n\n\n<p><strong>Leia tamb\u00e9m:<\/strong><\/p>\n\n\n\n<ul class=\"wp-block-list\"><li><a href=\"https:\/\/investnews.com.br\/negocios\/via-varejo-quer-encerrar-2021-com-120-novas-lojas-fisicas\/\" class=\"rank-math-link\">Via quer encerrar 2021 com 120 novas lojas f\u00edsicas<\/a><\/li><li>Veja mais <a href=\"https:\/\/investnews.com.br\/cotacao\/\" class=\"rank-math-link\">cota\u00e7\u00f5es da bolsa de valores<\/a><\/li><\/ul>\n","protected":false},"excerpt":{"rendered":"<p>Nome no preg\u00e3o tamb\u00e9m muda para apenas Via, ap\u00f3s empresa ter reestruturado sua marca.<\/p>\n","protected":false},"author":5,"featured_media":1654,"comment_status":"closed","ping_status":"open","sticky":false,"template":"","format":"standard","meta":{"_acf_changed":false,"inline_featured_image":false,"footnotes":""},"categories":[4],"tags":[376],"autor-wsj":[],"coauthors":[1495],"class_list":["post-269029","post","type-post","status-publish","format-standard","has-post-thumbnail","hentry","category-financas","tag-varejo"],"acf":[],"amp_enabled":true,"_links":{"self":[{"href":"https:\/\/investnews.com.br\/inv-api\/wp\/v2\/posts\/269029","targetHints":{"allow":["GET"]}}],"collection":[{"href":"https:\/\/investnews.com.br\/inv-api\/wp\/v2\/posts"}],"about":[{"href":"https:\/\/investnews.com.br\/inv-api\/wp\/v2\/types\/post"}],"author":[{"embeddable":true,"href":"https:\/\/investnews.com.br\/inv-api\/wp\/v2\/users\/5"}],"replies":[{"embeddable":true,"href":"https:\/\/investnews.com.br\/inv-api\/wp\/v2\/comments?post=269029"}],"version-history":[{"count":2,"href":"https:\/\/investnews.com.br\/inv-api\/wp\/v2\/posts\/269029\/revisions"}],"predecessor-version":[{"id":269594,"href":"https:\/\/investnews.com.br\/inv-api\/wp\/v2\/posts\/269029\/revisions\/269594"}],"wp:featuredmedia":[{"embeddable":true,"href":"https:\/\/investnews.com.br\/inv-api\/wp\/v2\/media\/1654"}],"wp:attachment":[{"href":"https:\/\/investnews.com.br\/inv-api\/wp\/v2\/media?parent=269029"}],"wp:term":[{"taxonomy":"category","embeddable":true,"href":"https:\/\/investnews.com.br\/inv-api\/wp\/v2\/categories?post=269029"},{"taxonomy":"post_tag","embeddable":true,"href":"https:\/\/investnews.com.br\/inv-api\/wp\/v2\/tags?post=269029"},{"taxonomy":"autor-wsj","embeddable":true,"href":"https:\/\/investnews.com.br\/inv-api\/wp\/v2\/autor-wsj?post=269029"},{"taxonomy":"author","embeddable":true,"href":"https:\/\/investnews.com.br\/inv-api\/wp\/v2\/coauthors?post=269029"}],"curies":[{"name":"wp","href":"https:\/\/api.w.org\/{rel}","templated":true}]}}