{"id":26934,"date":"2020-12-07T08:58:18","date_gmt":"2020-12-07T11:58:18","guid":{"rendered":"https:\/\/investnews.com.br\/?p=26934"},"modified":"2024-06-26T12:16:11","modified_gmt":"2024-06-26T15:16:11","slug":"5-fatos-para-hoje-stf-barra-reeleicao-no-legislativo-igp-di-desacelera-alta","status":"publish","type":"post","link":"https:\/\/investnews.com.br\/economia\/5-fatos-para-hoje-stf-barra-reeleicao-no-legislativo-igp-di-desacelera-alta\/","title":{"rendered":"5 fatos para hoje: STF barra reelei\u00e7\u00e3o no legislativo; IGP-DI desacelera alta"},"content":{"rendered":"\n<h2 class=\"wp-block-heading\">1 &#8211; STF\u00a0barra possibilidade de reelei\u00e7\u00e3o de Maia e Alcolumbre<\/h2>\n\n\n\n<p><strong>O Supremo Tribunal Federal decidiu na noite de domingo barrar a <a class=\"rank-math-link\" href=\"https:\/\/investnews.com.br\/flash\/eletrobras-sobe-apos-ministro-citar-venda-em-2021-stf-e-reeleicao-no-congresso\/\">possibilidade de reelei\u00e7\u00e3o<\/a> de Rodrigo Maia (DEM-RJ) e Davi Alcolumbre (DEM-AP) \u00e0s presid\u00eancias da C\u00e2mara dos Deputados e do Senado<\/strong>, depois de seis dos 11 ministros da corte confirmaram o entendimento de que a Constitui\u00e7\u00e3o pro\u00edbe a reelei\u00e7\u00e3o dos chefes das casas legislativas na mesma legislatura.<\/p>\n\n\n\n<p>Os ministros Marco Aur\u00e9lio Mello, Lu\u00eds Roberto Barroso, Edson Fachin, Rosa Weber e C\u00e1rmen L\u00facia entenderam, durante julgamento realizado no plen\u00e1rio virtual da corte, que <strong>o texto constitucional \u00e9 expl\u00edcito ao afirmar que<\/strong> <strong>&#8220;\u00e9 vedada a recondu\u00e7\u00e3o&#8221; dos presidentes da C\u00e2mara e do Senado na mesma legislatura<\/strong>.<\/p>\n\n\n\n<p>O relator da A\u00e7\u00e3o Direta de Inconstitucionalidade (ADI), Gilmar Mendes, entendeu que havia a possibilidade de reelei\u00e7\u00e3o, apesar do texto constitucional, e foi acompanhado por Dias Toffoli, Ricardo Lewandowski e Alexandre de Moraes. J\u00e1 o ministro Nunes Marques estabeleceu uma terceira via, apontando que a reelei\u00e7\u00e3o seria poss\u00edvel no caso de Alcolumbre, mas n\u00e3o para Maia.<\/p>\n\n\n\n<h2 class=\"wp-block-heading\">2 &#8211; Avan\u00e7o de pre\u00e7os no atacado tem al\u00edvio e IGP-DI desacelera alta a 2,64% em novembro, diz FGV<\/h2>\n\n\n\n<p><strong>O \u00cdndice Geral de Pre\u00e7os-Disponibilidade Interna (IGP-DI) teve alta de 2,64% em novembro depois de subir 3,68% no m\u00eas anterior<\/strong>, com o al\u00edvio da alta no atacado compensando a maior press\u00e3o do varejo, informou a Funda\u00e7\u00e3o Getulio Vargas (FGV) nesta segunda-feira.<\/p>\n\n\n\n<p>Com este resultado, o \u00edndice acumula alta de 22,16% no ano e de 24,28% em 12 meses.<\/p>\n\n\n\n<p><strong>O \u00cdndice de Pre\u00e7os ao Produtor Amplo (IPA-DI), que responde por 60% do indicador, subiu no m\u00eas 3,31%, depois de alta de 4,86% em outubro<\/strong>.<\/p>\n\n\n\n<p>\u201cA contribui\u00e7\u00e3o do IPA para a desacelera\u00e7\u00e3o do IGP foi generalizada. Os tr\u00eas grupos componentes da <a href=\"https:\/\/investnews.com.br\/sos-financas\/como-obter-retorno-acima-da-inflacao-investindo-em-renda-fixa\/\" class=\"rank-math-link\"><strong>infla\u00e7\u00e3o<\/strong><\/a> ao produtor apresentaram decr\u00e9scimos em suas taxas de varia\u00e7\u00e3o&#8221;, explicou Andr\u00e9 Braz, coordenador dos \u00edndices de pre\u00e7os.<\/p>\n\n\n\n<p>Os <strong>Bens Finais<\/strong> tiveram alta de 2,61% em novembro, de 2,95% no m\u00eas anterior, enquanto os Bens Intermedi\u00e1rios desaceleraram a alta a 3,38% de 4,43% e as <strong>Mat\u00e9rias-Primas<\/strong> Brutas subiram 3,80% de 6,78%.<\/p>\n\n\n\n<h2 class=\"wp-block-heading\">3 &#8211; Volta da chuva deve aliviar setor el\u00e9trico<\/h2>\n\n\n\n<p><strong>O longo per\u00edodo de estiagem, que derrubou as represas das hidrel\u00e9tricas a n\u00edveis preocupantes, associado \u00e0 retomada da economia, que aumentou o consumo de energia, obrigou o governo a acionar as termel\u00e9tricas, que geram uma energia mais cara<\/strong>. O resultado foi o aumento das conta de luz, com ado\u00e7\u00e3o da bandeira vermelha n\u00edvel 2 &#8211; com cobran\u00e7a adicional de R$ 6,24 a cada 100 quilowatts-hora (kWh) consumidos. E tamb\u00e9m uma preocupa\u00e7\u00e3o com a possibilidade de apag\u00f5es no Pa\u00eds em 2021.<\/p>\n\n\n\n<p><strong>LEIA MAIS: <a class=\"rank-math-link\" href=\"https:\/\/investnews.com.br\/economia\/bandeira-vermelha-vai-puxar-inflacao-mas-tendencia-e-retorno-diz-funchal\/\">Bandeira vermelha vai puxar infla\u00e7\u00e3o, mas tend\u00eancia \u00e9 retorno, diz Funchal<\/a><\/strong><\/p>\n\n\n\n<p>Os \u00faltimos dados do Operador Nacional do Sistema El\u00e9trico (ONS), por\u00e9m, mostram que as preocupa\u00e7\u00f5es com um eventual desabastecimento &#8211; como chegou a expressar o pr\u00f3prio presidente <strong>Jair Bolsonaro<\/strong> na semana passada &#8211; podem ficar para tr\u00e1s. A previs\u00e3o do \u00f3rg\u00e3o para dezembro era que as vaz\u00f5es (quantidade de \u00e1gua que chega aos reservat\u00f3rios) atingissem 47% da m\u00e9dia hist\u00f3rica no Sudeste e 64% no Sul. Na primeira revis\u00e3o de dezembro, a proje\u00e7\u00e3o subiu para 60% no Sudeste e 143% no Sul.<\/p>\n\n\n\n<p>&#8220;\u00c9 necess\u00e1rio muito cuidado nas an\u00e1lises para o suprimento da energia no ano que vem&#8221;, diz Luiz Barroso, diretor-presidente da PSR, uma das maiores consultorias de energia do Pa\u00eds. <strong>&#8220;Estamos na transi\u00e7\u00e3o para o per\u00edodo \u00famido e, como o setor sempre faz, \u00e9 necess\u00e1rio monitorar a situa\u00e7\u00e3o de perto.&#8221;<\/strong> <\/p>\n\n\n\n<h2 class=\"wp-block-heading\">4 &#8211; Exporta\u00e7\u00f5es da China sobem em novembro no ritmo mais forte em quase 3 anos<\/h2>\n\n\n\n<p><strong>As <a class=\"rank-math-link\" href=\"https:\/\/investnews.com.br\/economia\/minerio-de-ferro-tem-novo-recorde-na-china-apos-previsoes-mais-baixas-da-vale\/\">exporta\u00e7\u00f5es da China<\/a> aumentaram no ritmo mais forte em quase tr\u00eas anos em novembro<\/strong>, uma vez que a forte demanda global por produtos necess\u00e1rios para enfrentar a pandemia garantiu \u00e0 segunda maior economia do mundo um super\u00e1vit comercial recorde.<\/p>\n\n\n\n<p><strong>As exporta\u00e7\u00f5es subiram em novembro 21,1% em rela\u00e7\u00e3o ao ano anterior, mostraram dados da alf\u00e2ndega nesta segunda-feira<\/strong>, o crescimento mais forte desde fevereiro de 2018. O resultado tamb\u00e9m superou com for\u00e7a a expectativa de analistas de expans\u00e3o de 12,0% e acelerou ante a alta de 11,4% em outubro.<\/p>\n\n\n\n<p>A for\u00e7a das exporta\u00e7\u00f5es aconteceu apesar de o iuan rondar m\u00e1ximas de v\u00e1rios anos contra o d\u00f3lar, o que pode ser boa not\u00edcia para as autoridades preocupadas com o impacto do enfraquecimento da moeda norte-americana na competitividade comercial da China.<\/p>\n\n\n\n<p>As importa\u00e7\u00f5es avan\u00e7aram 4,5% em novembro na compara\u00e7\u00e3o com o mesmo m\u00eas do ano anterior, contra crescimento de 4,7% em outubro e abaixo da expectativa de aumento de 6,1%, mas ainda registrando o terceiro m\u00eas seguido de aumento.<\/p>\n\n\n\n<h2 class=\"wp-block-heading\">5 &#8211; Petrobras cancela projeto de infraestrutura em unidade de g\u00e1s em Caraguatatuba<\/h2>\n\n\n\n<p><strong>A Petrobras decidiu interromper o desenvolvimento do projeto de adequa\u00e7\u00e3o de infraestrutura da Unidade de Tratamento de G\u00e1s Monteiro Lobato (UTGCA), em Caraguatatuba (SP)<\/strong>, informou a empresa em fato relevante nesta sexta-feira.<\/p>\n\n\n\n<p>A estatal citou uma perda na atratividade econ\u00f4mica do projeto, afirmando que a avalia\u00e7\u00e3o seguiu premissas de seu novo plano estrat\u00e9gico 2021-2025, anunciado na semana passada, no qual cortou perspectivas de investimentos em 27% frente ao plano anterior.<\/p>\n\n\n\n<p><strong>Com a decis\u00e3o, as licita\u00e7\u00f5es associadas que atenderiam ao projeto tamb\u00e9m foram canceladas<\/strong>, afirmou a petroleira.<\/p>\n\n\n\n<p>&#8220;A Petrobras refor\u00e7a seu compromisso com a gera\u00e7\u00e3o de valor de seu portf\u00f3lio e com sua estrat\u00e9gia&#8221;, acrescentou.<\/p>\n\n\n\n<p><em>*Com Estad\u00e3o Conte\u00fado e Reuters<\/em><\/p>\n","protected":false},"excerpt":{"rendered":"<p>A elei\u00e7\u00e3o do Senado e da C\u00e2mara ir\u00e3o ajudar a decidir os rumos da pol\u00edtica econ\u00f4mica em 2021.<\/p>\n","protected":false},"author":17,"featured_media":26935,"comment_status":"closed","ping_status":"open","sticky":false,"template":"","format":"standard","meta":{"_acf_changed":false,"inline_featured_image":false,"footnotes":""},"categories":[5],"tags":[244,824,52,21,83],"autor-wsj":[],"coauthors":[1498],"class_list":["post-26934","post","type-post","status-publish","format-standard","has-post-thumbnail","hentry","category-economia","tag-china","tag-energia","tag-inflacao","tag-petrobras","tag-stf"],"acf":[],"amp_enabled":true,"_links":{"self":[{"href":"https:\/\/investnews.com.br\/inv-api\/wp\/v2\/posts\/26934","targetHints":{"allow":["GET"]}}],"collection":[{"href":"https:\/\/investnews.com.br\/inv-api\/wp\/v2\/posts"}],"about":[{"href":"https:\/\/investnews.com.br\/inv-api\/wp\/v2\/types\/post"}],"author":[{"embeddable":true,"href":"https:\/\/investnews.com.br\/inv-api\/wp\/v2\/users\/17"}],"replies":[{"embeddable":true,"href":"https:\/\/investnews.com.br\/inv-api\/wp\/v2\/comments?post=26934"}],"version-history":[{"count":3,"href":"https:\/\/investnews.com.br\/inv-api\/wp\/v2\/posts\/26934\/revisions"}],"predecessor-version":[{"id":26939,"href":"https:\/\/investnews.com.br\/inv-api\/wp\/v2\/posts\/26934\/revisions\/26939"}],"wp:featuredmedia":[{"embeddable":true,"href":"https:\/\/investnews.com.br\/inv-api\/wp\/v2\/media\/26935"}],"wp:attachment":[{"href":"https:\/\/investnews.com.br\/inv-api\/wp\/v2\/media?parent=26934"}],"wp:term":[{"taxonomy":"category","embeddable":true,"href":"https:\/\/investnews.com.br\/inv-api\/wp\/v2\/categories?post=26934"},{"taxonomy":"post_tag","embeddable":true,"href":"https:\/\/investnews.com.br\/inv-api\/wp\/v2\/tags?post=26934"},{"taxonomy":"autor-wsj","embeddable":true,"href":"https:\/\/investnews.com.br\/inv-api\/wp\/v2\/autor-wsj?post=26934"},{"taxonomy":"author","embeddable":true,"href":"https:\/\/investnews.com.br\/inv-api\/wp\/v2\/coauthors?post=26934"}],"curies":[{"name":"wp","href":"https:\/\/api.w.org\/{rel}","templated":true}]}}