{"id":26948,"date":"2020-12-07T08:00:00","date_gmt":"2020-12-07T11:00:00","guid":{"rendered":"https:\/\/investnews.com.br\/?p=26948"},"modified":"2020-12-08T07:57:55","modified_gmt":"2020-12-08T10:57:55","slug":"bolsa-fecha-nos-113-mil-pontos-com-novos-ruidos-sobre-cenario-fiscal-brasileiro","status":"publish","type":"post","link":"https:\/\/investnews.com.br\/financas\/bolsa-fecha-nos-113-mil-pontos-com-novos-ruidos-sobre-cenario-fiscal-brasileiro\/","title":{"rendered":"Bolsa fecha nos 113 mil pontos com novos ru\u00eddos sobre cen\u00e1rio fiscal brasileiro"},"content":{"rendered":"\n<p>Ap\u00f3s cinco semanas consecutivas de valoriza\u00e7\u00e3o, o Ibovespa conseguiu superar os 114 mil pontos nesta segunda-feira (7), mas perdeu os ganhos no final do preg\u00e3o por preocupa\u00e7\u00f5es com as contas p\u00fablicas, com a not\u00edcia de que as despesas financiadas com receita vinculadas ficar\u00e3o fora do teto de gastos por um ano.<\/p>\n\n\n\n<p>O mercado recebeu muito mal a informa\u00e7\u00e3o, interpretando como mais uma tentativa de furar o teto de gastos. <strong>O Ibovespa chegou a despencar 2 mil pontos em apenas 20 minutos com a not\u00edcia. <\/strong><\/p>\n\n\n\n<p>Segundo a informa\u00e7\u00e3o divulgada pelo Broadcast Estad\u00e3o, a proposta de abrir caminho para despesas fora do teto de gastos consta na minuta do substitutivo da PEC Emergencial enviada hoje pelo senador M\u00e1rcio Bittar (MDB-AC). Contudo, a not\u00edcia caiu minutos depois no esquecimento ao ser desmentida pelo relator da PEC e com o Minist\u00e9rio da Economia refutando qualquer flexibiliza\u00e7\u00e3o do teto, mesmo que de forma tempor\u00e1ria.. <\/p>\n\n\n\n<p><strong>O Ibovespa fechou em queda de 0,14% aos 113.589,77 pontos. <\/strong><\/p>\n\n\n\n<p>No cen\u00e1rio dom\u00e9stico, impulsionaram os ganhos do \u00edndice durante o dia: a decis\u00e3o do Supremo Tribunal Federal de banir a reelei\u00e7\u00e3o dos l\u00edderes da C\u00e2mara e o Senado; o maior fluxo de d\u00f3lar no pa\u00eds e o an\u00fancio de Jo\u00e3o D\u00f3ria de que a vacina\u00e7\u00e3o inicia no dia 25 de janeiro em S\u00e3o Paulo, apesar do receio da Anvisa. <\/p>\n\n\n\n<p>No cen\u00e1rio externo, foi um dia de pessimismo com aumento de casos de coronav\u00edrus nos Estados Unidos. Segundo dados da Universidade John Hopkins, os casos ultrapassaram 14,5 milh\u00f5es no pa\u00eds e as mortes somaram 281.799.<\/p>\n\n\n\n<p>Wall Street tamb\u00e9m foi contaminada pela demora na aprova\u00e7\u00e3o dos est\u00edmulos fiscais, o impasse sem fim entre republicanos e democratas desanima os mercados. <strong>O S&amp;P 500 fechou em queda de 0,20% e Dow Jones desvalorizou 0,49%. <\/strong><\/p>\n\n\n\n<p><strong>Na contram\u00e3o, o \u00edndice Nasdaq fechou em m\u00e1xima recorde, com ganhos de 0,45%.<\/strong> Os investidores compraram a\u00e7\u00f5es de crescimento de mega-caps, mesmo com uma nova rodada de restri\u00e7\u00f5es \u00e0 Covid-19 ressaltando o cont\u00ednuo impacto econ\u00f4mico da pandemia nos EUA.<\/p>\n\n\n\n<p>Na Europa tamb\u00e9m foi um dia ruim, todas as bolsas fecharam em queda com exce\u00e7\u00e3o da <strong>bolsa de Londres, que teve alta modesta de 0,08% aos 6.555,39 pontos<\/strong>, ainda repercutindo o in\u00edcio da vacina\u00e7\u00e3o no Reino Unido. <\/p>\n\n\n\n<p>O d\u00f3lar fechou est\u00e1vel contra o real nesta segunda-feira, conforme uma onda de compras perto do fim da sess\u00e3o tirou a moeda da rota de m\u00ednimas em quase seis meses, com o mercado adotando postura mais defensiva em meio a receios de ordem fiscal. <\/p>\n\n\n\n<p><strong>O <a href=\"https:\/\/investnews.com.br\/guias\/tipos-de-dolar\/\">d\u00f3lar comercial<\/a> fechou cotado a R$ 5,123, com desvaloriza\u00e7\u00e3o de 0,02%. <\/strong>Na m\u00e1xima do dia, a moeda americana chegou a R$ 5,170.<\/p>\n\n\n\n<p><strong>LEIA MAIS: <\/strong><\/p>\n\n\n\n<ul class=\"wp-block-list\"><li><strong><a href=\"https:\/\/investnews.com.br\/analise\/resumo-dos-analistas-mercados-cautelosos-de-olho-no-brexit-e-nas-vacinas\/\" class=\"rank-math-link\">Resumo dos Analistas: mercados cautelosos de olho no Brexit e nas vacinas<\/a><\/strong><\/li><li><strong><a class=\"rank-math-link\" href=\"https:\/\/investnews.com.br\/cafeina\/fundos-imobiliarios-de-shoppings-e-hora-de-apostar-em-hgbs11-xpml11-e-visc11\/\">Fundos imobili\u00e1rios de shoppings: \u00e9 hora de apostar em HGBS11, XPML11 e VISC11?<\/a><\/strong><\/li><\/ul>\n\n\n\n<h2 class=\"wp-block-heading\">Destaques da Bolsa<\/h2>\n\n\n\n<p>A maior alta do dia foi da <strong>B2W <a href=\"https:\/\/investnews.com.br\/cotacao\/btow3-b2w-digital\/\" target=\"_blank\" aria-label=\"(BTOW3)  (opens in a new tab)\" rel=\"noreferrer noopener\" class=\"rank-math-link\">(BTOW3) <\/a><\/strong>que avan\u00e7ou <strong>7,73%<\/strong>. Segundo Murilo Breder, analista da Easynvest, a companhia que estava sofrendo com a rota\u00e7\u00e3o de setores e n\u00fameros operacionais abaixo dos concorrentes finalmente se recuperou nesta segunda-feira. <\/p>\n\n\n\n<p>Subiram tamb\u00e9m<strong> IRB Brasil <\/strong><a href=\"https:\/\/investnews.com.br\/cotacao\/irbr3-irb-brasil-2\/\" target=\"_blank\" aria-label=\"(IRBR3)  (opens in a new tab)\" rel=\"noreferrer noopener\" class=\"rank-math-link\"><strong>(IRBR3)<\/strong> <\/a>que valorizou 6,82%, seguida de <strong>Cemig <a href=\"https:\/\/investnews.com.br\/cotacao\/cmig4-cemig\/\" target=\"_blank\" aria-label=\"(CMIG4) (opens in a new tab)\" rel=\"noreferrer noopener\" class=\"rank-math-link\">(CMIG4)<\/a> <\/strong>com alta de <strong>4,50%.<\/strong><\/p>\n\n\n\n<p>Ainda entre os destaques positivos, a <strong>Gol <a href=\"https:\/\/investnews.com.br\/cotacao\/goll4-gol-linhas-aereas-inteligentes\/\" target=\"_blank\" aria-label=\"(GOLL4) (opens in a new tab)\" rel=\"noreferrer noopener\" class=\"rank-math-link\">(GOLL4)<\/a><\/strong> avan\u00e7ou <strong>3,29%<\/strong> ap\u00f3s a not\u00edcia de uma nova proposta para incorporar as a\u00e7\u00f5es da Smiles. A companhia a\u00e9rea informou hoje que o m\u00eas de novembro foi o primeiro de gera\u00e7\u00e3o l\u00edquida desde o come\u00e7o da pandemia, no patamar di\u00e1rio de R$ 3 milh\u00f5es. <\/p>\n\n\n\n<p>No lado oposto do Ibovespa recuaram: <strong>Cosan <a aria-label=\"(CSAN3)  (opens in a new tab)\" rel=\"noreferrer noopener\" href=\"https:\/\/investnews.com.br\/cotacao\/csan3-cosan\/\" target=\"_blank\" class=\"rank-math-link\">(CSAN3) <\/a><\/strong>que caiu <strong>5,95%<\/strong>, seguida de <strong>Rumo <a aria-label=\"(RAIL3)  (opens in a new tab)\" rel=\"noreferrer noopener\" href=\"https:\/\/investnews.com.br\/cotacao\/rail3-rumo-sa\/\" target=\"_blank\" class=\"rank-math-link\">(RAIL3) <\/a><\/strong>e <strong>Localiza <\/strong><a aria-label=\"(RENT3)  (opens in a new tab)\" rel=\"noreferrer noopener\" href=\"https:\/\/investnews.com.br\/cotacao\/rent3-localiza-rent\/\" target=\"_blank\" class=\"rank-math-link\"><strong>(RENT3)<\/strong> <\/a>que desvalorizaram <strong>3,20<\/strong>% e <strong>3,07%<\/strong>, respectivamente. <\/p>\n\n\n\n<figure class=\"wp-block-embed-youtube wp-block-embed is-type-video is-provider-youtube wp-embed-aspect-16-9 wp-has-aspect-ratio\"><div class=\"wp-block-embed__wrapper\">\nhttps:\/\/www.youtube.com\/watch?v=dlXVi561EPQ&#038;feature=youtu.be\n<\/div><\/figure>\n\n\n\n<h2 class=\"wp-block-heading\">Boletim Focus<\/h2>\n\n\n\n<p>Com a ado\u00e7\u00e3o da <strong>bandeira vermelha nas contas de energia el\u00e9trica<\/strong> em dezembro, os economistas do <a href=\"https:\/\/investnews.com.br\/guias\/como-funciona-o-mercado-financeiro\/\">mercado financeiro<\/a> alteraram de forma relevante a previs\u00e3o para o \u00cdndice Nacional de Pre\u00e7os ao Consumidor Amplo (<a href=\"https:\/\/investnews.com.br\/guias\/o-que-e-ipca\/\">IPCA<\/a>), o indicador oficial de pre\u00e7os em 2020. <strong>O Relat\u00f3rio de Mercado Focus, divulgado nesta segunda-feira (7), pelo Banco Central, mostra que a mediana para o IPCA neste ano foi de alta de 3,54% para 4,21%<\/strong>.<\/p>\n\n\n\n<p>Outras proje\u00e7\u00f5es:<\/p>\n\n\n\n<ul class=\"wp-block-list\"><li><strong>PIB (Produto Interno Bruto)<\/strong>:  a expectativa para a economia este ano passou de retra\u00e7\u00e3o de 4,50% para queda de 4,40%;<\/li><li><strong>Selic <\/strong>(a taxa b\u00e1sica da economia): seguiu em 2,00% ao ano;<\/li><li><strong>C\u00e2mbio<\/strong>: a mediana das expectativas para o c\u00e2mbio no fim do ano foi de R$ 5,36 para R$ 5,22;     <\/li><\/ul>\n\n\n\n<h2 class=\"wp-block-heading\">Bolsas Americanas<\/h2>\n\n\n\n<p>&nbsp;O \u00edndice Nasdaq fechou em m\u00e1xima recorde nesta segunda-feira, depois que investidores compraram a\u00e7\u00f5es de crescimento de mega-caps, mesmo com uma nova rodada de restri\u00e7\u00f5es \u00e0 Covid-19 ressaltando o cont\u00ednuo impacto econ\u00f4mico da pandemia nos Estados Unidos.<\/p>\n\n\n\n<p>O Nasdaq, \u00edndice com forte peso de pap\u00e9is tecnol\u00f3gicos, fechou em uma m\u00e1xima recorde, com v\u00e1rios de seus maiores integrantes, incluindo Apple e Facebook Inc, em alta. Ainda assim, um decl\u00ednio em nomes como Alphabet e Microsoft conteve os \u00edndices.<\/p>\n\n\n\n<p>Segundo dados preliminares, o \u00edndice Dow Jones teve queda de 0,5%, aos 30.068,67 pontos, o S&amp;P 500 perdeu 0,17%, aos 3.692,72 pontos, e o Nasdaq registrou alta de 0,45%, aos 12.520,25 pontos.<\/p>\n\n\n\n<h2 class=\"wp-block-heading\">Bolsas na Europa<\/h2>\n\n\n\n<p> As bolsas da Europa fecharam na maioria em baixa nesta segunda-feira (7), com o avan\u00e7o da covid-19 e as negocia\u00e7\u00f5es pelo Brexit no radar. O cont\u00ednuo patamar alto da doen\u00e7a, levando a novos lockdowns, traz pessimismo quanto a uma r\u00e1pida recupera\u00e7\u00e3o econ\u00f4mica, afetando a\u00e7\u00f5es como as de petroleiras. Em momento decisivo, a negocia\u00e7\u00e3o pela sa\u00edda do Reino Unido da Uni\u00e3o Europeia trouxe especial volatilidade \u00e0 bolsa de Londres. <strong>O \u00edndice pan-europeu Stoxx 600 fechou em baixa de 0,30%, a 392,84 pontos.<\/strong><\/p>\n\n\n\n<p>A indefini\u00e7\u00e3o em torno do Brexit pesa nos mercados, sobretudo ap\u00f3s o&nbsp;<em>The Sun<\/em>&nbsp;informar que o premi\u00ea brit\u00e2nico, Boris Johnson, pode desistir das negocia\u00e7\u00f5es caso um consenso n\u00e3o seja alcan\u00e7ado at\u00e9 hoje. Ao longo do dia, o FTSE em Londres oscilou na medida em que apareciam not\u00edcias sobre o tema. Ao final da sess\u00e3o, o \u00edndice fechou em alta de 0,08%, a 6.555,39, com expectativas pelo resultado do telefonema entre Johnson e a presidente da Comiss\u00e3o Europeia, Ursula von der Leyen, al\u00e9m do foco no in\u00edcio da vacina\u00e7\u00e3o da covid-19 no Reino Unido.<\/p>\n\n\n\n<p>Outro ponto indutor de cautela \u00e9 a segunda onda da covid-19 e a imin\u00eancia de novos lockdowns para cont\u00ea-la. Ontem, a regi\u00e3o da Baviera, na Alemanha, anunciou o endurecimento de medidas restritivas. Portugal, por sua vez, ultrapassou hoje a marca simb\u00f3lica de 5 mil mortos pela doen\u00e7a. O F\u00f3rum Econ\u00f4mico Mundial, realizado tradicionalmente em Davos, na Su\u00ed\u00e7a, anunciou que sua vers\u00e3o de 2021 ser\u00e1 em Cingapura, em virtude dos avan\u00e7os da doen\u00e7a na Europa.<\/p>\n\n\n\n<p>A cautela levou petroleiras a operarem em baixa ao redor do continente. BP (-1,14%), Repsol (-0,70%), Galp (-1,97%) pressionaram alguns \u00edndices. A queda de 1,39% da Total, em Paris, ajudou o CAC 40 a ter o pior desempenho entre as principais bolsas, recuando 0,64%, a 5.573,38 pontos.<\/p>\n\n\n\n<p>Com desempenho ligado ao avan\u00e7o do v\u00edrus e \u00e0 mobilidade, a Lufthansa teve baixa de 0,40% em Frankfurt, ajudando na queda de 0,21% do DAX, a 13.271,00 pontos. Em Madri, a Inditex, que controla a Zara, teve queda de 0,50%, e ajudou a pressionar o IBEX 35, que teve baixa de 0,57%, a 8.275,60 pontos.<\/p>\n\n\n\n<p>Em Mil\u00e3o, o setor financeiro teve algumas das quedas mais importantes, com Unicredit (-1,18%) e Mediobanca (-1,25%) recuando. O FTSE MIB teve baixa de 0,32%, a 5.573,38 pontos. J\u00e1 em Lisboa, em meio ao notici\u00e1rio sobre socorros banc\u00e1rios, o BCP Millenium fechou em alta de 0,57% e ajudou o PSI 20 a terminar o preg\u00e3o com leve avan\u00e7o, de 0,02%, a 4.703,77 pontos.<\/p>\n\n\n\n<p><em>*Com Estad\u00e3o Conte\u00fado e Reuters<\/em><\/p>\n","protected":false},"excerpt":{"rendered":"<p>O Ibovespa chegou a despencar 2 mil pontos em apenas 20 minutos ap\u00f3s not\u00edcias sobre o Or\u00e7amento de 2021<\/p>\n","protected":false},"author":18,"featured_media":5891,"comment_status":"closed","ping_status":"open","sticky":false,"template":"","format":"standard","meta":{"_acf_changed":false,"inline_featured_image":false,"footnotes":""},"categories":[4],"tags":[226,722,26],"autor-wsj":[],"coauthors":[1500],"class_list":["post-26948","post","type-post","status-publish","format-standard","has-post-thumbnail","hentry","category-financas","tag-bolsa-de-valores","tag-bolsas-asiaticas","tag-dolar"],"acf":[],"amp_enabled":true,"_links":{"self":[{"href":"https:\/\/investnews.com.br\/inv-api\/wp\/v2\/posts\/26948","targetHints":{"allow":["GET"]}}],"collection":[{"href":"https:\/\/investnews.com.br\/inv-api\/wp\/v2\/posts"}],"about":[{"href":"https:\/\/investnews.com.br\/inv-api\/wp\/v2\/types\/post"}],"author":[{"embeddable":true,"href":"https:\/\/investnews.com.br\/inv-api\/wp\/v2\/users\/18"}],"replies":[{"embeddable":true,"href":"https:\/\/investnews.com.br\/inv-api\/wp\/v2\/comments?post=26948"}],"version-history":[{"count":18,"href":"https:\/\/investnews.com.br\/inv-api\/wp\/v2\/posts\/26948\/revisions"}],"predecessor-version":[{"id":27041,"href":"https:\/\/investnews.com.br\/inv-api\/wp\/v2\/posts\/26948\/revisions\/27041"}],"wp:featuredmedia":[{"embeddable":true,"href":"https:\/\/investnews.com.br\/inv-api\/wp\/v2\/media\/5891"}],"wp:attachment":[{"href":"https:\/\/investnews.com.br\/inv-api\/wp\/v2\/media?parent=26948"}],"wp:term":[{"taxonomy":"category","embeddable":true,"href":"https:\/\/investnews.com.br\/inv-api\/wp\/v2\/categories?post=26948"},{"taxonomy":"post_tag","embeddable":true,"href":"https:\/\/investnews.com.br\/inv-api\/wp\/v2\/tags?post=26948"},{"taxonomy":"autor-wsj","embeddable":true,"href":"https:\/\/investnews.com.br\/inv-api\/wp\/v2\/autor-wsj?post=26948"},{"taxonomy":"author","embeddable":true,"href":"https:\/\/investnews.com.br\/inv-api\/wp\/v2\/coauthors?post=26948"}],"curies":[{"name":"wp","href":"https:\/\/api.w.org\/{rel}","templated":true}]}}