{"id":269526,"date":"2021-08-16T12:13:07","date_gmt":"2021-08-16T15:13:07","guid":{"rendered":"https:\/\/investnews.com.br\/?p=269526"},"modified":"2025-11-13T16:49:08","modified_gmt":"2025-11-13T19:49:08","slug":"alliar-dispara-apos-rede-dor-fazer-oferta-de-aquisicao","status":"publish","type":"post","link":"https:\/\/investnews.com.br\/financas\/alliar-dispara-apos-rede-dor-fazer-oferta-de-aquisicao\/","title":{"rendered":"Alliar dispara ap\u00f3s Rede D&#8217;Or fazer oferta de aquisi\u00e7\u00e3o"},"content":{"rendered":"\n<figure class=\"wp-block-embed is-type-video is-provider-youtube wp-block-embed-youtube wp-embed-aspect-16-9 wp-has-aspect-ratio\"><div class=\"wp-block-embed__wrapper\">\n<iframe loading=\"lazy\" title=\"AALR3 dispara ap\u00f3s Rede D\u00b4Or fazer oferta de aquisi\u00e7\u00e3o por at\u00e9 R$ 1,36 bi\" width=\"500\" height=\"281\" src=\"https:\/\/www.youtube.com\/embed\/vhBX-XiPrBU?feature=oembed\" frameborder=\"0\" allow=\"accelerometer; autoplay; clipboard-write; encrypted-media; gyroscope; picture-in-picture; web-share\" referrerpolicy=\"strict-origin-when-cross-origin\" allowfullscreen><\/iframe>\n<\/div><\/figure>\n\n\n\n<p>A a\u00e7\u00e3o <a href=\"https:\/\/investnews.com.br\/cotacao\/aalr3-alliar\/\" class=\"rank-math-link\">AALR3<\/a> saltou mais de 18% depois de a <a href=\"https:\/\/investnews.com.br\/negocios\/rede-dor-oferece-compra-alliar-por-ate-r136-bi\/\" class=\"rank-math-link\">Rede D\u2019Or oferecer compra da Alliar<\/a>. A Rede D\u2019Or (<a href=\"https:\/\/investnews.com.br\/cotacao\/rdor3-rede-dor\/\" class=\"rank-math-link\">RDOR3<\/a>) anunciou que seu conselho de administra\u00e7\u00e3o aprovou no domingo uma oferta p\u00fablica (OPA) para <strong>comprar a empresa de diagn\u00f3sticos m\u00e9dicos Alliar por at\u00e9 R$ 1,36 bilh\u00e3o<\/strong>. <\/p>\n\n\n\n<p>A OPA visa a compra de at\u00e9 todas as 118.292.816 a\u00e7\u00f5es da Alliar, a R$ 11,50 cada. <\/p>\n\n\n\n<p>E mais: <strong>Ultrapar <\/strong>(<a href=\"https:\/\/investnews.com.br\/cotacao\/ugpa3-ultrapar\/\" class=\"rank-math-link\">UGPA3<\/a>) vende Oxiteno; <strong>Viveo <\/strong>(<a href=\"https:\/\/investnews.com.br\/cotacao\/vveo3-viveo\/\" class=\"rank-math-link\">VVEO3<\/a>) anuncia aquisi\u00e7\u00f5es e <a href=\"https:\/\/investnews.com.br\/guias\/como-funciona-o-mercado-financeiro\/\">mercado financeiro<\/a> eleva proje\u00e7\u00f5es para infla\u00e7\u00e3o e <a href=\"https:\/\/investnews.com.br\/guias\/taxa-selic\/\">taxa selic<\/a>. <\/p>\n\n\n\n<p>As principais not\u00edcias para quem acompanha o mercado financeiro, no Flash InvestNews, com Fabiana Ortega. Os destaques da bolsa nesta manh\u00e3, a cota\u00e7\u00e3o do Ibovespa e d\u00f3lar, al\u00e9m de outras informa\u00e7\u00f5es da economia brasileira que podem influenciar seus investimentos e <a href=\"https:\/\/investnews.com.br\/guias\/rentabilidade\/\">rentabilidade<\/a>.  <\/p>\n\n\n\n<p><strong>Veja tamb\u00e9m<\/strong><\/p>\n\n\n\n<ul class=\"wp-block-list\">\n<li><a href=\"https:\/\/investnews.com.br\/investnews-explica\/tragedia-dos-comuns-e-possivel-viver-sem-cair-nela\/\" target=\"_blank\" rel=\"noreferrer noopener\">Trag\u00e9dia dos comuns<\/a>: \u00e9 poss\u00edvel viver sem cair nela?<\/li>\n\n\n\n<li>Quero vender meu im\u00f3vel e\u00a0<a href=\"https:\/\/investnews.com.br\/colunistas\/sos-financas\/quero-vender-meu-imovel-e-investir-em-fiis-para-ter-uma-renda-e-bom-negocio\/\" target=\"_blank\" rel=\"noreferrer noopener\">investir em FIIs<\/a>\u00a0para ter uma renda. \u00c9 bom neg\u00f3cio?<\/li>\n\n\n\n<li><a href=\"https:\/\/investnews.com.br\/boletim-investnews\/cogn3-em-alta-e-mais-balancos-que-mexeram-com-ibovespa-hoje\/\" target=\"_blank\" rel=\"noreferrer noopener\">Cogna<\/a>\u00a0em alta e mais balan\u00e7os que mexeram com Ibovespa hoje<\/li>\n\n\n\n<li><a href=\"https:\/\/investnews.com.br\/negocios\/rede-dor-oferece-compra-alliar-por-ate-r136-bi\/\" target=\"_blank\" rel=\"noreferrer noopener\">Rede D\u2019Or<\/a>\u00a0oferece compra Alliar por at\u00e9 R$1,36 bi<\/li>\n\n\n\n<li><a href=\"https:\/\/investnews.com.br\/negocios\/viveo-compra-profarma-specialty-e-cirurgica-mafra-por-cerca-de-r900-milhoes\/\" target=\"_blank\" rel=\"noreferrer noopener\">Viveo<\/a>\u00a0compra Profarma Specialty e Cir\u00fargica Mafra por cerca de R$900 milh\u00f5es<\/li>\n\n\n\n<li><a href=\"https:\/\/investnews.com.br\/economia\/meta-de-inflacao-mais-alta-pode-desencadear-boom-de-empregos-dizem-ex-membros\/\" target=\"_blank\" rel=\"noreferrer noopener\">Meta de infla\u00e7\u00e3o<\/a>\u00a0mais alta pode desencadear \u201cboom\u201d de empregos, dizem ex-membros do FED<\/li>\n<\/ul>\n","protected":false},"excerpt":{"rendered":"<p>Opera\u00e7\u00e3o pode atingir at\u00e9 R$ 1,36 bi.<\/p>\n","protected":false},"author":7,"featured_media":269529,"comment_status":"closed","ping_status":"open","sticky":false,"template":"","format":"standard","meta":{"_acf_changed":false,"inline_featured_image":false,"footnotes":""},"categories":[4],"tags":[206,2170],"autor-wsj":[],"coauthors":[1494],"class_list":["post-269526","post","type-post","status-publish","format-standard","has-post-thumbnail","hentry","category-financas","tag-ultrapar","tag-rede-dor"],"acf":[],"amp_enabled":true,"_links":{"self":[{"href":"https:\/\/investnews.com.br\/inv-api\/wp\/v2\/posts\/269526","targetHints":{"allow":["GET"]}}],"collection":[{"href":"https:\/\/investnews.com.br\/inv-api\/wp\/v2\/posts"}],"about":[{"href":"https:\/\/investnews.com.br\/inv-api\/wp\/v2\/types\/post"}],"author":[{"embeddable":true,"href":"https:\/\/investnews.com.br\/inv-api\/wp\/v2\/users\/7"}],"replies":[{"embeddable":true,"href":"https:\/\/investnews.com.br\/inv-api\/wp\/v2\/comments?post=269526"}],"version-history":[{"count":3,"href":"https:\/\/investnews.com.br\/inv-api\/wp\/v2\/posts\/269526\/revisions"}],"predecessor-version":[{"id":734691,"href":"https:\/\/investnews.com.br\/inv-api\/wp\/v2\/posts\/269526\/revisions\/734691"}],"wp:featuredmedia":[{"embeddable":true,"href":"https:\/\/investnews.com.br\/inv-api\/wp\/v2\/media\/269529"}],"wp:attachment":[{"href":"https:\/\/investnews.com.br\/inv-api\/wp\/v2\/media?parent=269526"}],"wp:term":[{"taxonomy":"category","embeddable":true,"href":"https:\/\/investnews.com.br\/inv-api\/wp\/v2\/categories?post=269526"},{"taxonomy":"post_tag","embeddable":true,"href":"https:\/\/investnews.com.br\/inv-api\/wp\/v2\/tags?post=269526"},{"taxonomy":"autor-wsj","embeddable":true,"href":"https:\/\/investnews.com.br\/inv-api\/wp\/v2\/autor-wsj?post=269526"},{"taxonomy":"author","embeddable":true,"href":"https:\/\/investnews.com.br\/inv-api\/wp\/v2\/coauthors?post=269526"}],"curies":[{"name":"wp","href":"https:\/\/api.w.org\/{rel}","templated":true}]}}