{"id":270457,"date":"2021-08-19T09:04:18","date_gmt":"2021-08-19T12:04:18","guid":{"rendered":"https:\/\/investnews.com.br\/?p=270457"},"modified":"2021-08-19T09:44:47","modified_gmt":"2021-08-19T12:44:47","slug":"prazo-para-privatizar-correios-e-impossivel-diz-braga","status":"publish","type":"post","link":"https:\/\/investnews.com.br\/economia\/prazo-para-privatizar-correios-e-impossivel-diz-braga\/","title":{"rendered":"Prazo para privatizar Correios \u00e9 &#8216;imposs\u00edvel&#8217;, diz Braga"},"content":{"rendered":"\n<p><strong>L\u00edder da maior bancada no Senado, Eduardo Braga (MDB-AM) disse ser &#8220;imposs\u00edvel&#8221; aprovar o projeto que abre caminho para a <a href=\"https:\/\/investnews.com.br\/economia\/entenda-o-projeto-de-privatizacao-dos-correios\/\" class=\"rank-math-link\">venda dos Correios<\/a> at\u00e9 o in\u00edcio de setembro <\/strong>como quer o governo <a href=\"https:\/\/investnews.com.br\/economia\/bolsonaro-assinara-mp-sobre-venda-direta-de-etanol-e-nova-regra-para-postos\/\" class=\"rank-math-link\">Bolsonaro<\/a>. A proposta passou pela C\u00e2mara no dia 5, e a expectativa do Minist\u00e9rio da Economia era de realizar o leil\u00e3o entre mar\u00e7o e abril de 2022.<\/p>\n\n\n\n<p>Para manter essa previs\u00e3o, no entanto, o governo conta com um aval r\u00e1pido dos senadores ao texto. Ap\u00f3s a delibera\u00e7\u00e3o na C\u00e2mara, o secret\u00e1rio especial de Desestatiza\u00e7\u00e3o, Desinvestimento e Mercados da pasta, Diogo Mac Cord, afirmou que o cronograma ficaria comprometido caso o Senado n\u00e3o aprove a proposta at\u00e9 no &#8220;m\u00e1ximo&#8221; o in\u00edcio do m\u00eas que vem.<\/p>\n\n\n\n<p>A tarefa, no entanto, pode se mostrar dif\u00edcil. Os senadores decidiram primeiramente tramitar o texto na Comiss\u00e3o de Assuntos Econ\u00f4micos (CAE) da Casa. O trajeto \u00e9 diferente do escolhido pela C\u00e2mara, que votou o projeto direto no plen\u00e1rio.<\/p>\n\n\n\n<p>&#8220;Imposs\u00edvel (o prazo estimado no governo). A proposta tem de tramitar na CAE, as comiss\u00f5es est\u00e3o funcionando&#8221;, disse Braga. Por isso, e pelo fato de o tema ser novo para o Senado e j\u00e1 encontrar focos de resist\u00eancia, Braga afirmou que o prazo previsto pelo governo \u00e9 &#8220;inexequ\u00edvel&#8221;.<\/p>\n\n\n\n<p>&#8220;Porque, na d\u00favida, voc\u00ea vota contra. Quer votar amanh\u00e3? Ok, se Rodrigo Pacheco (presidente do Senado) pautar, como n\u00f3s temos d\u00favidas, votamos contra&#8221;, disse o l\u00edder do MDB, que conta com 15 cadeiras no Senado, de um total de 81.<\/p>\n\n\n\n<p>Al\u00e9m de questionar o cronograma, Braga apontou que guarda &#8220;graves d\u00favidas&#8221; sobre o projeto. A preocupa\u00e7\u00e3o \u00e9 a mesma apontada por partidos de oposi\u00e7\u00e3o ao governo na C\u00e2mara: a entrega de cartas em localidades distantes dos centros urbanos. Eleito pelo Amazonas, Braga afirmou que o futuro do atendimento em alguns munic\u00edpios de seu Estado o preocupa.<\/p>\n\n\n\n<p><strong>O projeto aprovado pela C\u00e2mara obriga a empresa que arrematar a estatal a manter os servi\u00e7os universalizados. O senador, no entanto, diz ter receio quanto ao pre\u00e7o que a popula\u00e7\u00e3o de cidades remotas vai pagar<\/strong>. O texto define que as tarifas poder\u00e3o ser diferenciadas geograficamente, com base no custo do servi\u00e7o.<\/p>\n\n\n\n<p>&#8220;Problema \u00e9 o custo. A carta pode at\u00e9 chegar. Mas e o custo? Tenho graves d\u00favidas. Em algumas regi\u00f5es do meu Estado, ainda n\u00e3o temos 3G, 2G. Privatizar os Correios \u00e9 n\u00e3o reconhecer essa diversidade que existe no Brasil&#8221;, disse Braga.<\/p>\n\n\n\n<h4 class=\"wp-block-heading\">Veja tamb\u00e9m<\/h4>\n\n\n\n<ul class=\"wp-block-list\"><li>Investir em mulheres estimula o&nbsp;<a target=\"_blank\" href=\"https:\/\/investnews.com.br\/colunistas\/fin4she\/investir-em-mulheres-estimula-o-crescimento-economico-e-social\/\" rel=\"noreferrer noopener\">crescimento econ\u00f4mico<\/a>&nbsp;e social<\/li><li>Como diversificar na <a href=\"https:\/\/investnews.com.br\/guias\/renda-fixa-o-que-e\/\">renda fixa<\/a> com&nbsp;<a target=\"_blank\" href=\"https:\/\/investnews.com.br\/cafeina\/como-diversificar-na-renda-fixa-com-debentures\/\" rel=\"noreferrer noopener\">deb\u00eantures<\/a>?<\/li><li><a target=\"_blank\" href=\"https:\/\/investnews.com.br\/boletim-investnews\/ibovespa-agora-cai-2-no-ano-veja-5-coisas-que-voce-precisa-saber\/\" rel=\"noreferrer noopener\">Ibovespa<\/a>&nbsp;agora cai 2% no ano; veja 5 coisas que voc\u00ea precisa saber<\/li><li><a target=\"_blank\" href=\"https:\/\/investnews.com.br\/geral\/amazon-lanca-book-friday-com-ate-70-de-desconto-em-milhares-de-leituras\/\" rel=\"noreferrer noopener\">Amazon<\/a>&nbsp;lan\u00e7a \u2018Book Friday\u2019 com at\u00e9 70% de desconto em milhares de leituras<\/li><li>Use o nosso&nbsp;<a target=\"_blank\" href=\"https:\/\/investnews.com.br\/planilhas-simuladores\/simulador-investimento\/\" rel=\"noreferrer noopener\">simulador de investimento<\/a>&nbsp;e saiba qual a melhor aplica\u00e7\u00e3o para o seu perfil<\/li><\/ul>\n","protected":false},"excerpt":{"rendered":"<p>A proposta passou pela C\u00e2mara no dia 5, e a expectativa do Minist\u00e9rio da Economia era de realizar o leil\u00e3o entre mar\u00e7o e abril de 2022.<\/p>\n","protected":false},"author":7,"featured_media":17135,"comment_status":"closed","ping_status":"open","sticky":false,"template":"","format":"standard","meta":{"_acf_changed":false,"inline_featured_image":false,"footnotes":""},"categories":[5],"tags":[1876],"autor-wsj":[],"coauthors":[1494],"class_list":["post-270457","post","type-post","status-publish","format-standard","has-post-thumbnail","hentry","category-economia","tag-correios"],"acf":[],"amp_enabled":true,"_links":{"self":[{"href":"https:\/\/investnews.com.br\/inv-api\/wp\/v2\/posts\/270457","targetHints":{"allow":["GET"]}}],"collection":[{"href":"https:\/\/investnews.com.br\/inv-api\/wp\/v2\/posts"}],"about":[{"href":"https:\/\/investnews.com.br\/inv-api\/wp\/v2\/types\/post"}],"author":[{"embeddable":true,"href":"https:\/\/investnews.com.br\/inv-api\/wp\/v2\/users\/7"}],"replies":[{"embeddable":true,"href":"https:\/\/investnews.com.br\/inv-api\/wp\/v2\/comments?post=270457"}],"version-history":[{"count":2,"href":"https:\/\/investnews.com.br\/inv-api\/wp\/v2\/posts\/270457\/revisions"}],"predecessor-version":[{"id":270476,"href":"https:\/\/investnews.com.br\/inv-api\/wp\/v2\/posts\/270457\/revisions\/270476"}],"wp:featuredmedia":[{"embeddable":true,"href":"https:\/\/investnews.com.br\/inv-api\/wp\/v2\/media\/17135"}],"wp:attachment":[{"href":"https:\/\/investnews.com.br\/inv-api\/wp\/v2\/media?parent=270457"}],"wp:term":[{"taxonomy":"category","embeddable":true,"href":"https:\/\/investnews.com.br\/inv-api\/wp\/v2\/categories?post=270457"},{"taxonomy":"post_tag","embeddable":true,"href":"https:\/\/investnews.com.br\/inv-api\/wp\/v2\/tags?post=270457"},{"taxonomy":"autor-wsj","embeddable":true,"href":"https:\/\/investnews.com.br\/inv-api\/wp\/v2\/autor-wsj?post=270457"},{"taxonomy":"author","embeddable":true,"href":"https:\/\/investnews.com.br\/inv-api\/wp\/v2\/coauthors?post=270457"}],"curies":[{"name":"wp","href":"https:\/\/api.w.org\/{rel}","templated":true}]}}