{"id":27049,"date":"2020-12-08T09:01:04","date_gmt":"2020-12-08T12:01:04","guid":{"rendered":"https:\/\/investnews.com.br\/?p=27049"},"modified":"2024-06-26T12:16:09","modified_gmt":"2024-06-26T15:16:09","slug":"5-fatos-para-hoje-governo-negocia-doses-da-pfizer-sem-novo-programa-de-renda","status":"publish","type":"post","link":"https:\/\/investnews.com.br\/economia\/5-fatos-para-hoje-governo-negocia-doses-da-pfizer-sem-novo-programa-de-renda\/","title":{"rendered":"5 fatos para hoje: governo negocia doses da Pfizer; sem novo programa de renda"},"content":{"rendered":"\n<h2 class=\"wp-block-heading\">1 &#8211; Governo diz que avan\u00e7ou em negocia\u00e7\u00e3o com Pfizer por 70 milh\u00f5es de doses de vacina contra Covid<\/h2>\n\n\n\n<p><strong>O governo brasileiro avan\u00e7ou nas tratativas com a Pfizer na inten\u00e7\u00e3o de compra de 70 milh\u00f5es de doses da <a class=\"rank-math-link\" href=\"https:\/\/investnews.com.br\/geral\/ficou-sabendo-vacinacao-em-sp-supersoldados-chineses-e-bob-dylan-vende-cancoes\/\">vacina<\/a> desenvolvida pela farmac\u00eautica em parceria com a BioNTtech contra a Covid-19<\/strong>, e um documento pode ser assinado ainda nesta semana, afirmou o Minist\u00e9rio da Sa\u00fade nesta segunda-feira.<\/p>\n\n\n\n<p><strong>LEIA MAIS: <a class=\"rank-math-link\" href=\"https:\/\/investnews.com.br\/geral\/reino-unido-aprova-vacina-pfizer-biontech-contra-covid-19\/\">Reino Unido aprova vacina Pfizer\/BioNTech contra covid-19<\/a><\/strong><\/p>\n\n\n\n<p>&#8220;O governo brasileiro e a Pfizer avan\u00e7am nas tratativas na inten\u00e7\u00e3o de compra de 70 milh\u00f5es de doses da vacina da Pfizer e BioNTtech contra a Covid-19, a ser fornecido em 2021. Os termos j\u00e1 est\u00e3o bem avan\u00e7ados e devem ser finalizados ainda no in\u00edcio desta semana com a assinatura do memorando de inten\u00e7\u00e3o&#8221;, disse a pasta em breve comunicado.<\/p>\n\n\n\n<p>At\u00e9 o momento, no entanto, <strong>a principal aposta do governo federal para enfrentar o novo coronav\u00edrus era o imunizante da AstraZeneca em parceira com a Universidade de Oxford, que ser\u00e1 produzido nacionalmente pela Funda\u00e7\u00e3o Oswaldo Cruz (Fiocruz)<\/strong>, ligada ao Minist\u00e9rio da Sa\u00fade.<\/p>\n\n\n\n<p>A decis\u00e3o de ampliar a possibilidade de vacinas a ser oferecida no enfrentamento ao novo coronav\u00edrus tamb\u00e9m \u00e9 <strong>uma tentativa de fazer frente ao governo de S\u00e3o Paulo, uma vez que o governador paulista, Jo\u00e3o Doria, tenta emplacar a CoronaVac<\/strong>, vacina da chinesa Sinovac que no pa\u00eds est\u00e1 sendo desenvolvida em parceria com o Instituto Butantan, como integrante do plano nacional de imuniza\u00e7\u00e3o.<\/p>\n\n\n\n<p>Desafeto de Bolsonaro, Doria anunciou nesta segunda-feira o in\u00edcio da vacina\u00e7\u00e3o contra Covid-19 no Estado a partir de 25 de janeiro, mesmo sem ter sequer pedido o registro da CoronaVac na Ag\u00eancia Nacional de Vigil\u00e2ncia Sanit\u00e1ria (Anvisa).<\/p>\n\n\n\n<h2 class=\"wp-block-heading\">2 &#8211; Novo programa de renda fica fora de PEC<\/h2>\n\n\n\n<p>A cria\u00e7\u00e3o de um <strong>novo programa de renda m\u00ednima<\/strong> \u00e0 popula\u00e7\u00e3o mais vulner\u00e1vel, em substitui\u00e7\u00e3o ao Bolsa Fam\u00edlia, deve ficar de fora da vers\u00e3o final da PEC emergencial, que trata de medidas de conten\u00e7\u00e3o de despesas. De olho no <strong><a class=\"rank-math-link\" href=\"https:\/\/investnews.com.br\/financas\/auxilio-emergencial-de-r-300-comeca-nesta-quarta-feira-veja-datas-de-pagamento\/\">fim do aux\u00edlio emergencial<\/a><\/strong>, marcado a princ\u00edpio para este m\u00eas, lideran\u00e7as vinham negociando a inclus\u00e3o dessa proposta na PEC, justamente para dar garantia constitucional \u00e0 transfer\u00eancia de renda aos mais pobres.<\/p>\n\n\n\n<p><strong>LEIA MAIS: <a class=\"rank-math-link\" href=\"https:\/\/investnews.com.br\/economia\/governo-ira-flexibilizar-teto-mas-sem-estender-auxilio-diz-morgan-stanley\/\">Governo ir\u00e1 flexibilizar teto, mas sem estender aux\u00edlio, diz Morgan Stanley<\/a><\/strong><\/p>\n\n\n\n<p>O relator da PEC emergencial, senador Marcio Bittar (MDB-AC), lamentou a interlocutores a falta de um consenso para incluir a cria\u00e7\u00e3o de um novo programa de renda m\u00ednima &#8211; demanda que era uma bandeira principalmente dos parlamentares das regi\u00f5es Norte e Nordeste do Pa\u00eds. Enquanto isso, como o\u00a0&#8220;Estad\u00e3o&#8221;\u00a0antecipou, <strong>o senador Tasso Jereissatti (PSDB-CE) apresentou um projeto para ampliar as transfer\u00eancias de renda e criar metas de redu\u00e7\u00e3o da pobreza e da extrema pobreza no Pa\u00eds<\/strong>.<\/p>\n\n\n\n<p>&#8220;<strong>N\u00e3o conseguimos chegar a um consenso<\/strong>. Eu acho um equ\u00edvoco, um erro. Voc\u00ea tem uma conta. Tem 10 milh\u00f5es de pessoas a mais desempregadas e que n\u00e3o est\u00e3o no Bolsa Fam\u00edlia. Vai fazer o que com essas pessoas?&#8221;, questionou Bittar, tamb\u00e9m vice-l\u00edder do governo no Congresso. &#8220;Acho um erro, mas n\u00e3o quero culpar ningu\u00e9m. \u00c9 da pol\u00edtica, \u00e9 da democracia. Acho que houve exageros, incompreens\u00f5es.&#8221;<\/p>\n\n\n\n<h2 class=\"wp-block-heading\">3 &#8211; Risco de paralisa\u00e7\u00e3o de f\u00e1bricas por falta de insumos \u00e9 alto, diz Anfavea<\/h2>\n\n\n\n<p>Diante da <strong>falta de pe\u00e7as nas linhas de montagem<\/strong>, a Associa\u00e7\u00e3o Nacional dos Fabricantes de Ve\u00edculos Automotores (Anfavea) alertou ontem para o <strong>&#8216;risco imediato&#8217; de paralisa\u00e7\u00e3o de f\u00e1bricas de ve\u00edculos<\/strong>. Conforme a dire\u00e7\u00e3o da associa\u00e7\u00e3o que representa as montadoras instaladas no Pa\u00eds, existe a possibilidade de linhas pararem nesta semana, o que afetaria o desempenho do setor no fim do ano.<\/p>\n\n\n\n<p>&#8220;O risco de paralisa\u00e7\u00e3o \u00e9 muito alto agora para dezembro, inclusive, talvez, para esta semana&#8221;, afirmou o presidente da Anfavea, Luiz Carlos Moraes, que considerou a situa\u00e7\u00e3o atual como preocupante. <strong>&#8220;Esse \u00e9 um risco imediato, n\u00e3o \u00e9 te\u00f3rico&#8221;<\/strong>, acrescentou o dirigente da associa\u00e7\u00e3o de fabricantes, citando, em entrevista coletiva, <strong>problemas de abastecimento em insumos como a\u00e7o, borracha, pneus e materiais pl\u00e1sticos<\/strong>.<\/p>\n\n\n\n<p>Moraes, que no m\u00eas passado j\u00e1 tinha relatado a ocorr\u00eancia de pequenas paradas na cadeia de suprimentos, informou que as montadoras seguem dando apoio a seus fornecedores, o que inclui, al\u00e9m de ajuda log\u00edstica, a compra de mat\u00e9rias-primas que est\u00e3o em falta e que tiveram aumento de pre\u00e7os.<\/p>\n\n\n\n<h2 class=\"wp-block-heading\">4 &#8211; Jap\u00e3o anuncia US$708 bi em novos est\u00edmulos de olho em crescimento p\u00f3s-Covid<\/h2>\n\n\n\n<p><strong>O Jap\u00e3o anunciou um novo pacote de est\u00edmulo econ\u00f4mico de US$ 708 bilh\u00f5es<\/strong> nesta ter\u00e7a-feira para acelerar a recupera\u00e7\u00e3o diante da crise causada pelo coronav\u00edrus no pa\u00eds, enquanto visa o investimento em novas \u00e1reas de crescimento, como inova\u00e7\u00e3o verde e digital.<\/p>\n\n\n\n<p>O novo pacote incluir\u00e1 cerca de <strong>40 trilh\u00f5es de ienes (US$ 384,54 bilh\u00f5es) em gastos fiscais diretos e iniciativas destinadas a reduzir as emiss\u00f5es de carbono e impulsionar a ado\u00e7\u00e3o de tecnologia digital<\/strong>.<\/p>\n\n\n\n<p>No Jap\u00e3o, a pandemia for\u00e7ou o governo a colocar sua agenda de reforma fiscal em segundo plano, apesar de manter a maior d\u00edvida p\u00fablica do mundo industrial, que \u00e9 o dobro do tamanho de sua economia.<\/p>\n\n\n\n<h2 class=\"wp-block-heading\">5 &#8211; PIB da zona do euro sobe 12,5% no 3\u00ba tri ante 2\u00ba tri e cai 4,3% no ano<\/h2>\n\n\n\n<p><strong>O Produto Interno Bruto (PIB) da zona do euro avan\u00e7ou 12,5% ante o anterior e caiu 4,3% no ano<\/strong>, publicou nesta ter\u00e7a-feira (8), a Eurostat, ag\u00eancia de estat\u00edsticas do bloco, na leitura final do indicador.<\/p>\n\n\n\n<p><strong>A leitura preliminar &#8211; e esperada por analistas &#8211; apontava para alta ligeiramente maior no per\u00edodo, de 12,6% na compara\u00e7\u00e3o trimestral<\/strong>, mas queda um pouco mais acentuada no ano, de 4,4%.<\/p>\n\n\n\n<p>A Eurostat ainda revisou para cima ainda dados sobre o PIB do segundo trimestre: de -11,8% para -11,7% na compara\u00e7\u00e3o trimestral e de -4,4% para -4,3% na compara\u00e7\u00e3o anual.<\/p>\n\n\n\n<p><em>*Com Estad\u00e3o Conte\u00fado e Reuters<\/em><\/p>\n","protected":false},"excerpt":{"rendered":"<p>Com a vacina da Coronavac avan\u00e7ando pelo estado de S\u00e3o Paulo, governo tenta garantir doses da vacina da Pfizer.<\/p>\n","protected":false},"author":17,"featured_media":27050,"comment_status":"closed","ping_status":"open","sticky":false,"template":"","format":"standard","meta":{"_acf_changed":false,"inline_featured_image":false,"footnotes":""},"categories":[5],"tags":[1004,1032],"autor-wsj":[],"coauthors":[1498],"class_list":["post-27049","post","type-post","status-publish","format-standard","has-post-thumbnail","hentry","category-economia","tag-japao","tag-veiculos"],"acf":[],"amp_enabled":true,"_links":{"self":[{"href":"https:\/\/investnews.com.br\/inv-api\/wp\/v2\/posts\/27049","targetHints":{"allow":["GET"]}}],"collection":[{"href":"https:\/\/investnews.com.br\/inv-api\/wp\/v2\/posts"}],"about":[{"href":"https:\/\/investnews.com.br\/inv-api\/wp\/v2\/types\/post"}],"author":[{"embeddable":true,"href":"https:\/\/investnews.com.br\/inv-api\/wp\/v2\/users\/17"}],"replies":[{"embeddable":true,"href":"https:\/\/investnews.com.br\/inv-api\/wp\/v2\/comments?post=27049"}],"version-history":[{"count":2,"href":"https:\/\/investnews.com.br\/inv-api\/wp\/v2\/posts\/27049\/revisions"}],"predecessor-version":[{"id":27057,"href":"https:\/\/investnews.com.br\/inv-api\/wp\/v2\/posts\/27049\/revisions\/27057"}],"wp:featuredmedia":[{"embeddable":true,"href":"https:\/\/investnews.com.br\/inv-api\/wp\/v2\/media\/27050"}],"wp:attachment":[{"href":"https:\/\/investnews.com.br\/inv-api\/wp\/v2\/media?parent=27049"}],"wp:term":[{"taxonomy":"category","embeddable":true,"href":"https:\/\/investnews.com.br\/inv-api\/wp\/v2\/categories?post=27049"},{"taxonomy":"post_tag","embeddable":true,"href":"https:\/\/investnews.com.br\/inv-api\/wp\/v2\/tags?post=27049"},{"taxonomy":"autor-wsj","embeddable":true,"href":"https:\/\/investnews.com.br\/inv-api\/wp\/v2\/autor-wsj?post=27049"},{"taxonomy":"author","embeddable":true,"href":"https:\/\/investnews.com.br\/inv-api\/wp\/v2\/coauthors?post=27049"}],"curies":[{"name":"wp","href":"https:\/\/api.w.org\/{rel}","templated":true}]}}