{"id":270668,"date":"2021-08-19T18:02:20","date_gmt":"2021-08-19T21:02:20","guid":{"rendered":"https:\/\/investnews.com.br\/?p=270668"},"modified":"2026-03-26T10:19:16","modified_gmt":"2026-03-26T13:19:16","slug":"lojas-renner-confirma-ataque-cibernetico-que-tirou-site-da-marca-do-ar","status":"publish","type":"post","link":"https:\/\/investnews.com.br\/negocios\/lojas-renner-confirma-ataque-cibernetico-que-tirou-site-da-marca-do-ar\/","title":{"rendered":"Lojas Renner confirma ataque cibern\u00e9tico que tirou site da marca do ar"},"content":{"rendered":"\n<p>A <strong>Lojas Renner (<a rel=\"noreferrer noopener\" href=\"https:\/\/investnews.com.br\/cotacao\/lren3-lojas-renner\/\" target=\"_blank\">LREN3<\/a>)<\/strong> informou no fim da tarde desta quinta-feira (19) que sofreu um ataque cibern\u00e9tico criminoso em seu ambiente de tecnologia da informa\u00e7\u00e3o, que resultou na indisponibilidade em parte de seus sistemas, como o pr\u00f3prio site da marca, que est\u00e1 fora do ar. A companhia destacou que acionou seus protocolos de controle e seguran\u00e7a para bloquear o ataque e minimizar eventuais impactos.<\/p>\n\n\n\n<p>&#8220;Neste momento, a companhia atua de forma diligente e com foco para mitigar os efeitos causados, com a maior parte das opera\u00e7\u00f5es j\u00e1  restabelecidas e tendo sido verificado que os principais bancos de dados permanecem preservados&#8221;, disse a empresa em comunicado. <\/p>\n\n\n\n<p>A varejista disse ainda que em <strong>nenhum momento as lojas f\u00edsicas tiveram  suas atividades interrompidas. <\/strong><\/p>\n\n\n\n<p>&#8220;A companhia ressalta ainda que faz uso de tecnologias e padr\u00f5es r\u00edgidos de seguran\u00e7a, e  continuar\u00e1  aprimorando sua infraestrutura para incorporar cada vez mais protocolos de prote\u00e7\u00e3o de dados e sistemas&#8221;, esclareceu a empresa em nota. <\/p>\n\n\n\n<h4 class=\"wp-block-heading\">Veja tamb\u00e9m<\/h4>\n\n\n\n<ul class=\"wp-block-list\">\n<li><a href=\"https:\/\/investnews.com.br\/negocios\/vale-e-ternium-assinam-memorando-com-foco-na-reducao-de-emissoes-na-siderurgia\/\" target=\"_blank\" rel=\"noreferrer noopener\">Vale<\/a>\u00a0e Ternium assinam memorando com foco na redu\u00e7\u00e3o de emiss\u00f5es na siderurgia<\/li>\n\n\n\n<li><a href=\"https:\/\/investnews.com.br\/negocios\/vittia-suspende-ipo-por-tempo-indeterminado-por-condicoes-adversas-do-mercado\/\" target=\"_blank\" rel=\"noreferrer noopener\">Vittia<\/a>\u00a0suspende <a href=\"https:\/\/investnews.com.br\/guias\/ipo-o-que-e-e-como-funciona\/\">IPO<\/a> por tempo indeterminado por condi\u00e7\u00f5es adversas do mercado<\/li>\n\n\n\n<li><a href=\"https:\/\/investnews.com.br\/negocios\/ambipar-faz-pedido-de-ipo-da-environmental\/\" target=\"_blank\" rel=\"noreferrer noopener\">Ambipar<\/a>\u00a0faz pedido de IPO da Environmental<\/li>\n\n\n\n<li>Prazo para privatizar\u00a0<a href=\"https:\/\/investnews.com.br\/economia\/prazo-para-privatizar-correios-e-impossivel-diz-braga\/\" target=\"_blank\" rel=\"noreferrer noopener\">Correios<\/a>\u00a0\u00e9 \u2018imposs\u00edvel\u2019, diz Braga<\/li>\n\n\n\n<li><a href=\"https:\/\/investnews.com.br\/boletim-investnews\/ibovespa-em-queda-mas-acoes-de-ipos-recentes-sofrem-mais\/\" target=\"_blank\" rel=\"noreferrer noopener\">Ibovespa<\/a>\u00a0em queda, mas a\u00e7\u00f5es de IPOs recentes sofrem mais<\/li>\n<\/ul>\n","protected":false},"excerpt":{"rendered":"<p>Companhia informou que acionou protocolos de controle e seguran\u00e7a para bloquear o ataque e minimizar eventuais impactos.<\/p>\n","protected":false},"author":53,"featured_media":11120,"comment_status":"closed","ping_status":"open","sticky":false,"template":"","format":"standard","meta":{"_acf_changed":false,"inline_featured_image":false,"footnotes":""},"categories":[6],"tags":[189],"autor-wsj":[],"coauthors":[2433],"class_list":["post-270668","post","type-post","status-publish","format-standard","has-post-thumbnail","hentry","category-negocios","tag-lojas-renner"],"acf":[],"amp_enabled":true,"_links":{"self":[{"href":"https:\/\/investnews.com.br\/inv-api\/wp\/v2\/posts\/270668","targetHints":{"allow":["GET"]}}],"collection":[{"href":"https:\/\/investnews.com.br\/inv-api\/wp\/v2\/posts"}],"about":[{"href":"https:\/\/investnews.com.br\/inv-api\/wp\/v2\/types\/post"}],"author":[{"embeddable":true,"href":"https:\/\/investnews.com.br\/inv-api\/wp\/v2\/users\/53"}],"replies":[{"embeddable":true,"href":"https:\/\/investnews.com.br\/inv-api\/wp\/v2\/comments?post=270668"}],"version-history":[{"count":6,"href":"https:\/\/investnews.com.br\/inv-api\/wp\/v2\/posts\/270668\/revisions"}],"predecessor-version":[{"id":773801,"href":"https:\/\/investnews.com.br\/inv-api\/wp\/v2\/posts\/270668\/revisions\/773801"}],"wp:featuredmedia":[{"embeddable":true,"href":"https:\/\/investnews.com.br\/inv-api\/wp\/v2\/media\/11120"}],"wp:attachment":[{"href":"https:\/\/investnews.com.br\/inv-api\/wp\/v2\/media?parent=270668"}],"wp:term":[{"taxonomy":"category","embeddable":true,"href":"https:\/\/investnews.com.br\/inv-api\/wp\/v2\/categories?post=270668"},{"taxonomy":"post_tag","embeddable":true,"href":"https:\/\/investnews.com.br\/inv-api\/wp\/v2\/tags?post=270668"},{"taxonomy":"autor-wsj","embeddable":true,"href":"https:\/\/investnews.com.br\/inv-api\/wp\/v2\/autor-wsj?post=270668"},{"taxonomy":"author","embeddable":true,"href":"https:\/\/investnews.com.br\/inv-api\/wp\/v2\/coauthors?post=270668"}],"curies":[{"name":"wp","href":"https:\/\/api.w.org\/{rel}","templated":true}]}}