{"id":270838,"date":"2021-08-20T12:06:29","date_gmt":"2021-08-20T15:06:29","guid":{"rendered":"https:\/\/investnews.com.br\/?p=270838"},"modified":"2021-08-20T18:07:05","modified_gmt":"2021-08-20T21:07:05","slug":"sabesp-dispara-14-apos-maia-assumir-como-secretario-de-projetos-do-governo","status":"publish","type":"post","link":"https:\/\/investnews.com.br\/financas\/sabesp-dispara-14-apos-maia-assumir-como-secretario-de-projetos-do-governo\/","title":{"rendered":"Sabesp encerra em alta de 10,86% ap\u00f3s fala de Maia sobre privatiza\u00e7\u00e3o da empresa"},"content":{"rendered":"\n<p>As a\u00e7\u00f5es da <strong>Sabesp<\/strong>\u00a0<a rel=\"noreferrer noopener\" href=\"https:\/\/investnews.com.br\/cotacao\/sbsp3-sabesp\/\" target=\"_blank\" class=\"rank-math-link\">(SBSP3)<\/a> dispararam nesta sexta-feira (20) e encerraram o dia em alta de 10,86%, negociadas a R$ 36,55, com volume financeiro de R$ 557,4 milh\u00f5es, mais do que o dobro dos R$ 210,3 milh\u00f5es registrados no preg\u00e3o da v\u00e9spera. A empresa lidera as altas do Ibovespa no acumulado na semana ao saltar 8,81% nos \u00faltimos cinco dias. <\/p>\n\n\n\n<p>A valoriza\u00e7\u00e3o ocorre na esteira da posse de Rodrigo Maia, ex-presidente da C\u00e2mara dos Deputados, para o cargo de secret\u00e1rio de projetos e a\u00e7\u00f5es estrat\u00e9gicas do governo de S\u00e3o Paulo. Ele ser\u00e1 respons\u00e1vel por agilizar os projetos de desestatiza\u00e7\u00e3o; as parcerias p\u00fablico-privadas e as concess\u00f5es em andamento. <\/p>\n\n\n\n<p>Ao ser questionado sobre suas prioridades na pasta, durante coletiva de imprensa da posse, Maia disse que tratou mais cedo sobre a Sabesp com o vice-governador do estado, Rodrigo Garcia.  <\/p>\n\n\n\n<p>\u201cOrganizar a privatiza\u00e7\u00e3o, a concess\u00e3o, deixar isso organizado at\u00e9 o final da minha gest\u00e3o junto com o governador Jo\u00e3o Doria e o vice Rodrigo Garcia, eu acho que ser\u00e1 uma marca importante da minha gest\u00e3o. Fora outros processos que est\u00e3o sendo executados como dois leil\u00f5es que v\u00e3o acontecer no segundo semestre. A minha inten\u00e7\u00e3o \u00e9 ajudar a colaborar com aquilo que est\u00e1 acontecendo e tentar trazer novos projetos para o governo de S\u00e3o Paulo&#8221;, disse Maia. <\/p>\n\n\n\n<p>Em relat\u00f3rio,  a Ativa Investimentos, disse que ainda n\u00e3o reuniu argumentos para afirmar que a privatiza\u00e7\u00e3o ou capitaliza\u00e7\u00e3o da companhia caminhar\u00e1 desta vez, &#8220;dado a proximidade com o pr\u00f3ximo per\u00edodo eleitoral, a complexidade da opera\u00e7\u00e3o, a divis\u00e3o de opini\u00f5es que o tema re\u00fane perante as mais variadas esferas da sociedade e diante do fato das falas iniciais n\u00e3o convergirem para tons mais concretos&#8221;. <br><br>Ainda assim, a corretora classificou a fala de Maia como positiva e que, independentemente da privatiza\u00e7\u00e3o,a Sabesp segue negociando com &#8220;excessivo desconto&#8221;,  j\u00e1 que enfrenta um cen\u00e1rio &#8220;regulat\u00f3rio mais benigno que seus pares de mercado e apresenta desde j\u00e1 um cen\u00e1rio mais resoluto perante o alcance das metas de universaliza\u00e7\u00e3o propostas pelo novo marco do saneamento&#8221;. <\/p>\n\n\n\n<p>A Ativa tamb\u00e9m informou que embora os papeis tenham avan\u00e7ado durante o preg\u00e3o, o atual patamar ainda \u00e9 atrativo, considerando um desconto m\u00e9dio de 27% entre o valor patrimonial da base de ativos da companhia e a cota\u00e7\u00e3o.  <\/p>\n\n\n\n<p>Os pap\u00e9is da Sabesp chegaram a bater R$ 37,85 pr\u00f3ximo ao meio dia, uma alta de 14,8% em rela\u00e7\u00e3o ao preg\u00e3o de ontem. <\/p>\n","protected":false},"excerpt":{"rendered":"<p>Ex-presidente da C\u00e2mara dos Deputados foi nomeado para o cargo de secret\u00e1rio de projetos e a\u00e7\u00f5es estrat\u00e9gicas do governo de S\u00e3o Paulo. <\/p>\n","protected":false},"author":53,"featured_media":13261,"comment_status":"closed","ping_status":"open","sticky":false,"template":"","format":"standard","meta":{"_acf_changed":false,"inline_featured_image":false,"footnotes":""},"categories":[4],"tags":[201],"autor-wsj":[],"coauthors":[2433],"class_list":["post-270838","post","type-post","status-publish","format-standard","has-post-thumbnail","hentry","category-financas","tag-sabesp"],"acf":[],"amp_enabled":true,"_links":{"self":[{"href":"https:\/\/investnews.com.br\/inv-api\/wp\/v2\/posts\/270838","targetHints":{"allow":["GET"]}}],"collection":[{"href":"https:\/\/investnews.com.br\/inv-api\/wp\/v2\/posts"}],"about":[{"href":"https:\/\/investnews.com.br\/inv-api\/wp\/v2\/types\/post"}],"author":[{"embeddable":true,"href":"https:\/\/investnews.com.br\/inv-api\/wp\/v2\/users\/53"}],"replies":[{"embeddable":true,"href":"https:\/\/investnews.com.br\/inv-api\/wp\/v2\/comments?post=270838"}],"version-history":[{"count":12,"href":"https:\/\/investnews.com.br\/inv-api\/wp\/v2\/posts\/270838\/revisions"}],"predecessor-version":[{"id":270935,"href":"https:\/\/investnews.com.br\/inv-api\/wp\/v2\/posts\/270838\/revisions\/270935"}],"wp:featuredmedia":[{"embeddable":true,"href":"https:\/\/investnews.com.br\/inv-api\/wp\/v2\/media\/13261"}],"wp:attachment":[{"href":"https:\/\/investnews.com.br\/inv-api\/wp\/v2\/media?parent=270838"}],"wp:term":[{"taxonomy":"category","embeddable":true,"href":"https:\/\/investnews.com.br\/inv-api\/wp\/v2\/categories?post=270838"},{"taxonomy":"post_tag","embeddable":true,"href":"https:\/\/investnews.com.br\/inv-api\/wp\/v2\/tags?post=270838"},{"taxonomy":"autor-wsj","embeddable":true,"href":"https:\/\/investnews.com.br\/inv-api\/wp\/v2\/autor-wsj?post=270838"},{"taxonomy":"author","embeddable":true,"href":"https:\/\/investnews.com.br\/inv-api\/wp\/v2\/coauthors?post=270838"}],"curies":[{"name":"wp","href":"https:\/\/api.w.org\/{rel}","templated":true}]}}