{"id":271163,"date":"2021-08-23T14:46:29","date_gmt":"2021-08-23T17:46:29","guid":{"rendered":"https:\/\/investnews.com.br\/?p=271163"},"modified":"2026-03-30T14:46:58","modified_gmt":"2026-03-30T17:46:58","slug":"bc-ve-barulho-mas-nao-pressao-direta-do-planalto-contra-autonomia-dizem-fontes","status":"publish","type":"post","link":"https:\/\/investnews.com.br\/economia\/bc-ve-barulho-mas-nao-pressao-direta-do-planalto-contra-autonomia-dizem-fontes\/","title":{"rendered":"BC v\u00ea barulho, mas n\u00e3o press\u00e3o direta do Planalto contra autonomia, dizem fontes"},"content":{"rendered":"\n<p>O <strong>Banco Central<\/strong> v\u00ea barulho quanto ao efetivo <strong>apoio do Planalto \u00e0 sua autonomia formal<\/strong>, sancionada em lei deste ano, mas n\u00e3o movimento ou press\u00e3o do presidente Jair Bolsonaro contra o status rec\u00e9m-adquirido, disseram duas fontes da autoridade monet\u00e1ria \u00e0 Reuters, sob condi\u00e7\u00e3o de anonimato.<\/p>\n\n\n\n<p>&#8220;(N\u00e3o h\u00e1) nada direto conosco&#8221;, afirmou uma das fontes.<\/p>\n\n\n\n<p>O fato de o procurador-geral da Rep\u00fablica, Augusto Aras, ter se manifestado no fim da abril pela inconstitucionalidade da lei de autonomia acendeu internamente o alerta no BC, at\u00e9 pela liga\u00e7\u00e3o entre Aras e o presidente.<\/p>\n\n\n\n<p>Por isso, not\u00edcias de que Bolsonaro estaria arrependido quanto \u00e0 autonomia n\u00e3o foram percebidas como surpresa, prosseguiu a fonte, destacando, por outro lado, que n\u00e3o houve press\u00e3o quanto ao tema e que a expectativa segue sendo de que o Supremo Tribunal Federal (STF) ir\u00e1 chancelar a autonomia.<\/p>\n\n\n\n<p>Na sexta-feira (20), a ag\u00eancia de not\u00edcias Associated Press publicou que <strong>Bolsonaro confidenciou a interlocutores ter se arrependido da lei de autonomia<\/strong>, que assinou em fevereiro.<\/p>\n\n\n\n<p>O STF deve julgar nesta quarta-feira (25) a validade da lei, que estabeleceu mandatos fixos para presidente e diretores do BC. Esses mandatos n\u00e3o coincidem com o do presidente da Rep\u00fablica com o objetivo de resguardar a institui\u00e7\u00e3o de inger\u00eancia pol\u00edtica.<\/p>\n\n\n\n<p>A contesta\u00e7\u00e3o da lei foi apresentada pelo PT e PSOL e o relator no STF da a\u00e7\u00e3o, ministro Ricardo Lewandowski, julgou o pedido procedente. Tanto Lewandowski quanto Aras justificaram que o projeto de lei sobre o tema deveria ter sa\u00eddo do Executivo, e n\u00e3o do Senado, uma vez que somente a Presid\u00eancia da Rep\u00fablica poderia propor a perda de poder sobre um \u00f3rg\u00e3o da administra\u00e7\u00e3o p\u00fablica.<\/p>\n\n\n\n<p>Uma terceira fonte da equipe econ\u00f4mica ponderou que, a despeito dos barulhos pol\u00edticos &#8211; afinal, a autonomia do BC tira da al\u00e7ada do Planalto qualquer influ\u00eancia sobre a gest\u00e3o monet\u00e1ria -, a agenda da autonomia integrou as discuss\u00f5es sobre o plano de Bolsonaro para o governo desde antes da campanha eleitoral de 2018.<\/p>\n\n\n\n<p>&#8220;Est\u00e1 com momento de muito ru\u00eddo&#8221;, disse a fonte, complementando que dentro da equipe econ\u00f4mica a avalia\u00e7\u00e3o \u00e9 de que a infla\u00e7\u00e3o alta deriva em grande parte do aumento nas <a href=\"https:\/\/investnews.com.br\/cafeina\/commodities-e-uma-intrusa-lideram-altas-do-ibovespa-em-julho\/\" class=\"rank-math-link\">commodities<\/a>, sendo tamb\u00e9m influenciada pelo ritmo mais forte da retomada econ\u00f4mica.<\/p>\n\n\n\n<p>No time do ministro Paulo Guedes, h\u00e1 o sentimento de que <strong>a autonomia do BC foi um feito com custo de aprova\u00e7\u00e3o pol\u00edtica<\/strong>, tentado sem sucesso por governos anteriores, e que n\u00e3o h\u00e1 nenhum sentido em retroceder no status conferido \u00e0 autarquia.<\/p>\n\n\n\n<p>Essa leitura tem sido passada a Bolsonaro, apesar de o presidente ter culpado, nos \u00faltimos dias, os governadores e as medidas de lockdown pela alta de pre\u00e7os na economia.<\/p>\n\n\n\n<p>No Twitter, o ministro da Casa Civil, Ciro Nogueira, escreveu na sexta-feira (20) que &#8220;a rela\u00e7\u00e3o do governo com o BC \u00e9 excelente&#8221; e &#8220;que a autonomia da autoridade monet\u00e1ria \u00e9 um avan\u00e7o hist\u00f3rico e irrevers\u00edvel&#8221;.<\/p>\n\n\n\n<p>&#8220;Parem de inventar fagulhas que n\u00e3o existem. Responsabilidade, por favor. N\u00e3o existe nenhuma, repito, nenhuma crise entre o presidente Bolsonaro e o presidente do Banco Central, Roberto Campos Neto&#8221;, disse.<\/p>\n\n\n\n<p>O <strong>BC tem como principal miss\u00e3o combater a infla\u00e7\u00e3o<\/strong> e, nesse sentido, a liberdade para mexer na taxa b\u00e1sica de juros \u00e9 seu principal instrumento.<\/p>\n\n\n\n<p>Campos Neto tem martelado em ocasi\u00f5es recentes que a autoridade monet\u00e1ria far\u00e1 o que for preciso para ancorar as expectativas de infla\u00e7\u00e3o, que t\u00eam se distanciado da meta para 2022 em meio ao expressivo aumento dos pre\u00e7os.<\/p>\n\n\n\n<p>Nos 12 meses at\u00e9 julho, a infla\u00e7\u00e3o medida pelo <a href=\"https:\/\/investnews.com.br\/guias\/o-que-e-ipca\/\">IPCA<\/a> beirou 9%, distante da meta central de 3,75% para este ano, com margem de 1,5 ponto percentual para mais ou menos. Para 2022, as expectativas mais recentes apontam para um IPCA de 3,93%, acima da meta central de 3,50%.<\/p>\n\n\n\n<p>O BC j\u00e1 manifestou a inten\u00e7\u00e3o aberta de levar a Selic &#8211; hoje em 5,25% &#8211; para o patamar restritivo, isto \u00e9, que atua no sentido de desaquecer a economia. No mercado, a expectativa \u00e9 de que 2022, ano de elei\u00e7\u00f5es presidenciais, comece com a taxa em 7,5%.<\/p>\n\n\n\n<p>Procurados, tanto o BC quanto o Pal\u00e1cio do Planalto n\u00e3o se manifestaram at\u00e9 o momento.<\/p>\n\n\n\n<p><strong>Veja tamb\u00e9m<\/strong><\/p>\n\n\n\n<ul class=\"wp-block-list\">\n<li>Batalha de gigantes: na corrida do 2\u00ba tri,\u00a0<a href=\"https:\/\/investnews.com.br\/cafeina\/batalha-de-gigantes-na-corrida-do-2o-tri-qual-banco-se-saiu-melhor\/\" target=\"_blank\" rel=\"noreferrer noopener\">qual banco se saiu melhor<\/a>?<\/li>\n\n\n\n<li>Viver saiu da <a href=\"https:\/\/investnews.com.br\/guias\/recuperacao-judicial\/\">recupera\u00e7\u00e3o judicial<\/a>: vale a pena\u00a0<a href=\"https:\/\/investnews.com.br\/negocios\/viver-saiu-da-recuperacao-judicial-vale-a-pena-investir-na-acao\/\" target=\"_blank\" rel=\"noreferrer noopener\">investir na a\u00e7\u00e3o VIVR3<\/a>?<\/li>\n\n\n\n<li>Por que voc\u00ea n\u00e3o deve procurar \u2018pr\u00f3xima\u00a0<a href=\"https:\/\/investnews.com.br\/analistas-em-acao\/proxima-magalu-mglu3\/\" target=\"_blank\" rel=\"noreferrer noopener\">Magalu<\/a>\u2019 na bolsa de valores<\/li>\n\n\n\n<li><a href=\"https:\/\/investnews.com.br\/geral\/como-tirar-o-passaporte-passo-a-passo\/\" target=\"_blank\" rel=\"noreferrer noopener\">Como tirar o passaporte<\/a>\u00a0em 7 passos simples<\/li>\n\n\n\n<li>As li\u00e7\u00f5es da\u00a0<a href=\"https:\/\/investnews.com.br\/colunistas\/experience-club\/os-aprendizados-da-empresa-mais-sustentavel-do-mundo\/\" target=\"_blank\" rel=\"noreferrer noopener\">empresa mais sustent\u00e1vel do mundo<\/a><\/li>\n\n\n\n<li><a href=\"https:\/\/investnews.com.br\/financas\/mrp-o-que-e-e-quais-seus-beneficios-para-o-investidor\/\" target=\"_blank\" rel=\"noreferrer noopener\">MRP<\/a>: \u2018seguro da bolsa\u2019 devolve at\u00e9 R$ 120 mil ao investidor; saiba mais<\/li>\n\n\n\n<li>Conhe\u00e7a as 7 <a href=\"https:\/\/investnews.com.br\/guias\/criptomoedas\/\">criptomoedas<\/a> que chegam ao\u00a0<a href=\"https:\/\/investnews.com.br\/financas\/conheca-as-7-criptomoedas-que-chegam-ao-mercado-bitcoin-na-proxima-semana\/\" target=\"_blank\" rel=\"noreferrer noopener\">Mercado Bitcoin<\/a>\u00a0na pr\u00f3xima semana<\/li>\n<\/ul>\n","protected":false},"excerpt":{"rendered":"<p>Bolsonaro confidenciou a interlocutores ter se arrependido da lei de autonomia.<\/p>\n","protected":false},"author":51,"featured_media":271165,"comment_status":"closed","ping_status":"open","sticky":false,"template":"","format":"standard","meta":{"_acf_changed":false,"inline_featured_image":false,"footnotes":""},"categories":[5],"tags":[56,52,234],"autor-wsj":[],"coauthors":[2425],"class_list":["post-271163","post","type-post","status-publish","format-standard","has-post-thumbnail","hentry","category-economia","tag-banco-central","tag-inflacao","tag-jair-bolsonaro"],"acf":[],"amp_enabled":true,"_links":{"self":[{"href":"https:\/\/investnews.com.br\/inv-api\/wp\/v2\/posts\/271163","targetHints":{"allow":["GET"]}}],"collection":[{"href":"https:\/\/investnews.com.br\/inv-api\/wp\/v2\/posts"}],"about":[{"href":"https:\/\/investnews.com.br\/inv-api\/wp\/v2\/types\/post"}],"author":[{"embeddable":true,"href":"https:\/\/investnews.com.br\/inv-api\/wp\/v2\/users\/51"}],"replies":[{"embeddable":true,"href":"https:\/\/investnews.com.br\/inv-api\/wp\/v2\/comments?post=271163"}],"version-history":[{"count":2,"href":"https:\/\/investnews.com.br\/inv-api\/wp\/v2\/posts\/271163\/revisions"}],"predecessor-version":[{"id":775176,"href":"https:\/\/investnews.com.br\/inv-api\/wp\/v2\/posts\/271163\/revisions\/775176"}],"wp:featuredmedia":[{"embeddable":true,"href":"https:\/\/investnews.com.br\/inv-api\/wp\/v2\/media\/271165"}],"wp:attachment":[{"href":"https:\/\/investnews.com.br\/inv-api\/wp\/v2\/media?parent=271163"}],"wp:term":[{"taxonomy":"category","embeddable":true,"href":"https:\/\/investnews.com.br\/inv-api\/wp\/v2\/categories?post=271163"},{"taxonomy":"post_tag","embeddable":true,"href":"https:\/\/investnews.com.br\/inv-api\/wp\/v2\/tags?post=271163"},{"taxonomy":"autor-wsj","embeddable":true,"href":"https:\/\/investnews.com.br\/inv-api\/wp\/v2\/autor-wsj?post=271163"},{"taxonomy":"author","embeddable":true,"href":"https:\/\/investnews.com.br\/inv-api\/wp\/v2\/coauthors?post=271163"}],"curies":[{"name":"wp","href":"https:\/\/api.w.org\/{rel}","templated":true}]}}