{"id":271445,"date":"2021-08-24T13:41:33","date_gmt":"2021-08-24T16:41:33","guid":{"rendered":"https:\/\/investnews.com.br\/?p=271445"},"modified":"2021-08-24T13:41:34","modified_gmt":"2021-08-24T16:41:34","slug":"safra-de-cana-do-centro-sul-pode-cair-a-530-mi-t-com-vies-de-baixa-diz-unica","status":"publish","type":"post","link":"https:\/\/investnews.com.br\/negocios\/safra-de-cana-do-centro-sul-pode-cair-a-530-mi-t-com-vies-de-baixa-diz-unica\/","title":{"rendered":"Safra de cana do centro-sul pode cair a 530 mi t, com &#8216;vi\u00e9s de baixa&#8217;, diz Unica"},"content":{"rendered":"\n<p>Uma pesquisa realizada junto a produtores da regi\u00e3o centro-sul constatou que a oferta de cana-de-a\u00e7\u00facar esperada para a safra 2021\/2022 <strong>deve ser reduzida para 530 milh\u00f5es de toneladas, &#8220;com vi\u00e9s de baixa&#8221;<\/strong>, considerando o impacto das geadas e de focos de inc\u00eandio nos \u00faltimos dias, afirmou a <strong>Uni\u00e3o da Ind\u00fastria de Cana-de-a\u00e7\u00facar (Unica)<\/strong> em relat\u00f3rio nesta ter\u00e7a-feira (24).<\/p>\n\n\n\n<p>Caso esse volume se confirme &#8211; uma vez que o setor ainda levanta outros impactos das geadas, em uma safra que sofreu tamb\u00e9m com problemas de seca -, a moagem de cana na principal \u00e1rea do Brasil cairia ao menos cerca de 12,5% na compara\u00e7\u00e3o anual.<\/p>\n\n\n\n<p>No acumulado do ciclo agr\u00edcola atual, a retra\u00e7\u00e3o na produtividade agr\u00edcola \u00e9 de 12,8%, para 75,1 toneladas\/hectare, conforme dados relatados pela associa\u00e7\u00e3o.<\/p>\n\n\n\n<p>O diretor t\u00e9cnico da Unica, Antonio de Padua Rodrigues, explicou que &#8220;<strong>a queda de produtividade mais intensa em julho e agosto j\u00e1 era esperada<\/strong>, pois nesse per\u00edodo foi colhida muita cana impactada pela geada&#8221;.<\/p>\n\n\n\n<p>&#8220;O fen\u00f4meno clim\u00e1tico exigiu uma altera\u00e7\u00e3o significativa na din\u00e2mica da colheita, prejudicando ainda mais o rendimento da lavoura colhida&#8221;, comentou Padua.<\/p>\n\n\n\n<p>A Unica informou ainda que na primeira metade de agosto 46,84% da cana-de-a\u00e7\u00facar foi destinada \u00e0 produ\u00e7\u00e3o de a\u00e7\u00facar, ante 47,69% registrados na mesma data de 2020.<\/p>\n\n\n\n<p>A produ\u00e7\u00e3o do ado\u00e7ante retraiu 7,48% na \u00faltima quinzena e atingiu 2,99 milh\u00f5es de toneladas fabricadas, em meio a um recuo de 4,2% na moagem de cana.<\/p>\n\n\n\n<p>O volume fabricado de etanol alcan\u00e7ou 2,22 bilh\u00f5es de litros na primeira quinzena de agosto, queda de 2,8%.<\/p>\n\n\n\n<h4 class=\"wp-block-heading\"><strong>Veja tamb\u00e9m<\/strong><\/h4>\n\n\n\n<ul class=\"wp-block-list\"><li>O&nbsp;<a target=\"_blank\" href=\"https:\/\/investnews.com.br\/colunistas\/coluna-do-samy-dana\/um-investidor-forjado-na-recessao-vai-melhor-em-crises\/\" rel=\"noreferrer noopener\">investidor<\/a>&nbsp;forjado na recess\u00e3o se d\u00e1 melhor em crises?<\/li><li>GALG11, XPIN11 e SDIL11:&nbsp;<a target=\"_blank\" href=\"https:\/\/investnews.com.br\/cafeina\/galg11-xpin11-e-sdil11-qual-e-o-melhor-fii-de-logistica\/\" rel=\"noreferrer noopener\">qual \u00e9 o melhor FII<\/a>&nbsp;de log\u00edstica?<\/li><li><a target=\"_blank\" href=\"https:\/\/investnews.com.br\/financas\/olimpiadas-paris-2024-quanto-custa-viajar-e-como-se-planejar\/\" rel=\"noreferrer noopener\">Olimp\u00edadas de Paris 2024<\/a>: quanto custa viajar e como se planejar at\u00e9 l\u00e1<\/li><li>Por que est\u00e1 tudo t\u00e3o caro? Veja&nbsp;<a target=\"_blank\" href=\"https:\/\/investnews.com.br\/mais-investnews\/por-que-esta-tudo-tao-caro-veja-como-se-proteger-da-inflacao\/\" rel=\"noreferrer noopener\">como se proteger da infla\u00e7\u00e3o<\/a><\/li><\/ul>\n","protected":false},"excerpt":{"rendered":"<p>Diretor t\u00e9cnico da organiza\u00e7\u00e3o acrescenta que  a queda de produtividade mais intensa em julho e agosto j\u00e1 era esperada.<\/p>\n","protected":false},"author":51,"featured_media":271455,"comment_status":"closed","ping_status":"open","sticky":false,"template":"","format":"standard","meta":{"_acf_changed":false,"inline_featured_image":false,"footnotes":""},"categories":[6],"tags":[780,2385,666],"autor-wsj":[],"coauthors":[2425],"class_list":["post-271445","post","type-post","status-publish","format-standard","has-post-thumbnail","hentry","category-negocios","tag-agronegocio","tag-brasil-agro","tag-commodities"],"acf":[],"amp_enabled":true,"_links":{"self":[{"href":"https:\/\/investnews.com.br\/inv-api\/wp\/v2\/posts\/271445","targetHints":{"allow":["GET"]}}],"collection":[{"href":"https:\/\/investnews.com.br\/inv-api\/wp\/v2\/posts"}],"about":[{"href":"https:\/\/investnews.com.br\/inv-api\/wp\/v2\/types\/post"}],"author":[{"embeddable":true,"href":"https:\/\/investnews.com.br\/inv-api\/wp\/v2\/users\/51"}],"replies":[{"embeddable":true,"href":"https:\/\/investnews.com.br\/inv-api\/wp\/v2\/comments?post=271445"}],"version-history":[{"count":3,"href":"https:\/\/investnews.com.br\/inv-api\/wp\/v2\/posts\/271445\/revisions"}],"predecessor-version":[{"id":271457,"href":"https:\/\/investnews.com.br\/inv-api\/wp\/v2\/posts\/271445\/revisions\/271457"}],"wp:featuredmedia":[{"embeddable":true,"href":"https:\/\/investnews.com.br\/inv-api\/wp\/v2\/media\/271455"}],"wp:attachment":[{"href":"https:\/\/investnews.com.br\/inv-api\/wp\/v2\/media?parent=271445"}],"wp:term":[{"taxonomy":"category","embeddable":true,"href":"https:\/\/investnews.com.br\/inv-api\/wp\/v2\/categories?post=271445"},{"taxonomy":"post_tag","embeddable":true,"href":"https:\/\/investnews.com.br\/inv-api\/wp\/v2\/tags?post=271445"},{"taxonomy":"autor-wsj","embeddable":true,"href":"https:\/\/investnews.com.br\/inv-api\/wp\/v2\/autor-wsj?post=271445"},{"taxonomy":"author","embeddable":true,"href":"https:\/\/investnews.com.br\/inv-api\/wp\/v2\/coauthors?post=271445"}],"curies":[{"name":"wp","href":"https:\/\/api.w.org\/{rel}","templated":true}]}}