{"id":271953,"date":"2021-08-25T22:00:10","date_gmt":"2021-08-26T01:00:10","guid":{"rendered":"https:\/\/investnews.com.br\/?p=271953"},"modified":"2021-08-25T22:05:49","modified_gmt":"2021-08-26T01:05:49","slug":"santander-brasil-tenta-turbinar-credito-ao-consumo-por-avenidas-de-crescimento","status":"publish","type":"post","link":"https:\/\/investnews.com.br\/negocios\/santander-brasil-tenta-turbinar-credito-ao-consumo-por-avenidas-de-crescimento\/","title":{"rendered":"Santander Brasil tenta turbinar cr\u00e9dito ao consumo por avenidas de crescimento"},"content":{"rendered":"\n<p>O Santander Brasil <a href=\"https:\/\/investnews.com.br\/cotacao\/sanb11-santander-brasil\/\" target=\"_blank\" aria-label=\"(SANB11)  (opens in a new tab)\" rel=\"noreferrer noopener\" class=\"rank-math-link\">(SANB11) <\/a>est\u00e1 ampliando parcerias com varejistas em segmentos de crescimento acelerado para tentar acelerar sua carteira de financiamento ao consumo, no momento em que o pa\u00eds come\u00e7a a sair da recess\u00e3o provocada pela pandemia.<\/p>\n\n\n\n<p>Desde dezembro passado, o banco elevou de 9 para 15 <a href=\"https:\/\/investnews.com.br\/negocios\/santander-faz-aquisicoes-e-entra-em-assinatura-de-carros\/\" target=\"_blank\" aria-label=\"os segmentos em que atua (opens in a new tab)\" rel=\"noreferrer noopener\" class=\"rank-math-link\">os segmentos em que atua<\/a> no cr\u00e9dito ao consumo em parcerias com redes, passando a financiar desde a compra de equipamentos agr\u00edcolas e pain\u00e9is solares a tratamentos odontol\u00f3gicos, passando por m\u00f3veis e decora\u00e7\u00e3o.<\/p>\n\n\n\n<p>&#8220;Alguns segmentos come\u00e7aram a acelerar muito na pandemia, nos quais vemos manuten\u00e7\u00e3o de elevados n\u00edveis de crescimento por v\u00e1rios anos&#8221;, disse \u00e0 Reuters o superintendente da Santander Financiamentos, Marcio Giovannini.<\/p>\n\n\n\n<p>Numa dessas frentes, a de constru\u00e7\u00e3o e reforma, o <a href=\"https:\/\/investnews.com.br\/negocios\/santander-brasil-quase-dobra-lucro-no-2o-trimestre\/\" target=\"_blank\" aria-label=\"Santander Brasil (opens in a new tab)\" rel=\"noreferrer noopener\" class=\"rank-math-link\">Santander Brasil<\/a> anunciou nesta quarta-feira (25) parceria com a Leroy Merlin, uma das maiores redes de materiais para constru\u00e7\u00e3o e artigos para o lar no pa\u00eds, com 44 lojas, para financiar compras em at\u00e9 36 meses, incluindo at\u00e9 90 dias de car\u00eancia.<\/p>\n\n\n\n<p>O movimento acontece em meio a um mercado aquecido nas atividades de <a href=\"https:\/\/investnews.com.br\/analistas-em-acao\/setor-de-construcao-civil-e-oportunidade-com-risco-maior-diz-analista\/\" target=\"_blank\" aria-label=\"constru\u00e7\u00e3o civil (opens in a new tab)\" rel=\"noreferrer noopener\" class=\"rank-math-link\">constru\u00e7\u00e3o civil<\/a> e reformas, com institui\u00e7\u00f5es financeiras do pa\u00eds oferecendo taxas ainda abaixo da m\u00e9dia hist\u00f3rica para setores de baixa inadimpl\u00eancia.<\/p>\n\n\n\n<p>Mais cedo, a Associa\u00e7\u00e3o Brasileira das Entidades de Cr\u00e9dito Imobili\u00e1rio e <a href=\"https:\/\/investnews.com.br\/guias\/poupanca-como-funciona-quanto-rende\/\">Poupan\u00e7a<\/a> <a href=\"https:\/\/investnews.com.br\/financas\/financiamento-imobiliario-registra-recorde-em-junho-diz-abecip\/\" target=\"_blank\" aria-label=\"(Abecip) (opens in a new tab)\" rel=\"noreferrer noopener\" class=\"rank-math-link\">(Abecip)<\/a> anunciou que o volume financiado no setor somou R$ 185,64 bilh\u00f5es em 12 meses at\u00e9 julho, alta de 100,8% em rela\u00e7\u00e3o a um ano antes.<\/p>\n\n\n\n<p>O banco tamb\u00e9m quer ampliar as opera\u00e7\u00f5es de financiamento para compra de pain\u00e9is de energia fotovoltaica, segmento que tem crescido ao redor de 60% ao ano, aprofundando a atua\u00e7\u00e3o de anos da institui\u00e7\u00e3o em energia renov\u00e1vel em projetos de gera\u00e7\u00e3o de grande porte.<\/p>\n\n\n\n<p>Com o movimento, o <a href=\"https:\/\/investnews.com.br\/cafeina\/batalha-de-gigantes-na-corrida-do-2o-tri-qual-banco-se-saiu-melhor\/\" target=\"_blank\" aria-label=\"Santander (opens in a new tab)\" rel=\"noreferrer noopener\" class=\"rank-math-link\">Santander<\/a> tenta acelerar o passo da divis\u00e3o de financiamento ao consumo, segmento cuja demanda est\u00e1 se normalizando ap\u00f3s um per\u00edodo de procura mais comprimida devido \u00e0 crise econ\u00f4mica provocada pela pandemia.<\/p>\n\n\n\n<p>No fim de junho, a carteira de cr\u00e9dito dessa unidade do Santander somava R$ 62,2 bilh\u00f5es, alta de 9,6% em 12 meses, mas em ritmo inferior ao das linhas de pessoa f\u00edsica (+20,9%) e de pequenas e m\u00e9dias empresas (+29,8%).<\/p>\n\n\n\n<p><strong>Veja tamb\u00e9m<\/strong><\/p>\n\n\n\n<ul class=\"wp-block-list\"><li><a target=\"_blank\" href=\"https:\/\/investnews.com.br\/colunistas\/primeira-marcha\/marcas-de-luxo-batem-recordes-de-venda-e-parecem-imunes-a-crise-no-brasil\/\" rel=\"noreferrer noopener\">Marcas de luxo<\/a>&nbsp;batem recordes de venda e parecem imunes \u00e0 crise no Brasil<\/li><li>BDRs para gringos? Veja o que s\u00e3o&nbsp;<a target=\"_blank\" href=\"https:\/\/investnews.com.br\/cafeina\/bdrs-para-gringos-veja-o-que-sao-adrs-e-sua-relacao-com-as-acoes\/\" rel=\"noreferrer noopener\">ADRs<\/a>&nbsp;e sua rela\u00e7\u00e3o com as a\u00e7\u00f5es<\/li><li>\u2018Quem n\u00e3o comprar IRB vai se arrepender\u2019, diz&nbsp;<a target=\"_blank\" href=\"https:\/\/investnews.com.br\/financas\/quem-nao-comprar-irb-vai-se-arrepender-diz-barsi-apos-criticas-da-squadra\/\" rel=\"noreferrer noopener\">Barsi<\/a>&nbsp;ap\u00f3s cr\u00edticas da Squadra<\/li><li>Programa de&nbsp;<a target=\"_blank\" href=\"https:\/\/investnews.com.br\/economia\/programa-de-corte-de-salarios-e-jornada-termina-nesta-quarta-veja-o-que-muda\/\" rel=\"noreferrer noopener\">corte de sal\u00e1rios<\/a>&nbsp;e jornada termina nesta quarta; veja o que muda<\/li><li><a target=\"_blank\" href=\"https:\/\/investnews.com.br\/boletim-investnews\/vale-americanas-e-cyrela-retomam-forca-vai-durar\/\" rel=\"noreferrer noopener\">Vale<\/a>, Americanas e Cyrela retomam for\u00e7a; vai durar?<\/li><\/ul>\n","protected":false},"excerpt":{"rendered":"<p>Nesta quarta-feira (25), banco anunciou parceria com a Leroy Merlin para financiar compras da loja em at\u00e9 36 meses. <\/p>\n","protected":false},"author":7,"featured_media":284,"comment_status":"closed","ping_status":"open","sticky":false,"template":"","format":"standard","meta":{"_acf_changed":false,"inline_featured_image":false,"footnotes":""},"categories":[6],"tags":[608,42,200],"autor-wsj":[],"coauthors":[1494],"class_list":["post-271953","post","type-post","status-publish","format-standard","has-post-thumbnail","hentry","category-negocios","tag-construcao-civil","tag-credito","tag-santander"],"acf":[],"amp_enabled":true,"_links":{"self":[{"href":"https:\/\/investnews.com.br\/inv-api\/wp\/v2\/posts\/271953","targetHints":{"allow":["GET"]}}],"collection":[{"href":"https:\/\/investnews.com.br\/inv-api\/wp\/v2\/posts"}],"about":[{"href":"https:\/\/investnews.com.br\/inv-api\/wp\/v2\/types\/post"}],"author":[{"embeddable":true,"href":"https:\/\/investnews.com.br\/inv-api\/wp\/v2\/users\/7"}],"replies":[{"embeddable":true,"href":"https:\/\/investnews.com.br\/inv-api\/wp\/v2\/comments?post=271953"}],"version-history":[{"count":3,"href":"https:\/\/investnews.com.br\/inv-api\/wp\/v2\/posts\/271953\/revisions"}],"predecessor-version":[{"id":271956,"href":"https:\/\/investnews.com.br\/inv-api\/wp\/v2\/posts\/271953\/revisions\/271956"}],"wp:featuredmedia":[{"embeddable":true,"href":"https:\/\/investnews.com.br\/inv-api\/wp\/v2\/media\/284"}],"wp:attachment":[{"href":"https:\/\/investnews.com.br\/inv-api\/wp\/v2\/media?parent=271953"}],"wp:term":[{"taxonomy":"category","embeddable":true,"href":"https:\/\/investnews.com.br\/inv-api\/wp\/v2\/categories?post=271953"},{"taxonomy":"post_tag","embeddable":true,"href":"https:\/\/investnews.com.br\/inv-api\/wp\/v2\/tags?post=271953"},{"taxonomy":"autor-wsj","embeddable":true,"href":"https:\/\/investnews.com.br\/inv-api\/wp\/v2\/autor-wsj?post=271953"},{"taxonomy":"author","embeddable":true,"href":"https:\/\/investnews.com.br\/inv-api\/wp\/v2\/coauthors?post=271953"}],"curies":[{"name":"wp","href":"https:\/\/api.w.org\/{rel}","templated":true}]}}