{"id":272560,"date":"2021-08-30T08:52:06","date_gmt":"2021-08-30T11:52:06","guid":{"rendered":"https:\/\/investnews.com.br\/?p=272560"},"modified":"2024-04-23T18:10:26","modified_gmt":"2024-04-23T21:10:26","slug":"meis-devem-regularizar-dividas-ate-terca-feira","status":"publish","type":"post","link":"https:\/\/investnews.com.br\/financas\/meis-devem-regularizar-dividas-ate-terca-feira\/","title":{"rendered":"MEIs devem regularizar d\u00edvidas at\u00e9 ter\u00e7a-feira"},"content":{"rendered":"\n<p>Os microempreendedores individuais (<a href=\"https:\/\/investnews.com.br\/colunistas\/sos-financas\/sou-mei-como-investir-sem-ter-ganhos-fixos\/\" class=\"rank-math-link\">MEI<\/a>) que est\u00e3o em d\u00edvida no pagamento dos tributos podem contar com os N\u00facleos de Apoio Cont\u00e1bil e Fiscal (NAF) para ajudar na regulariza\u00e7\u00e3o, de forma gratuita. <strong>O prazo para que as contas sejam regularizadas \u00e9 ter\u00e7a-feira (31)<\/strong>. Caso n\u00e3o quitem os impostos e as obriga\u00e7\u00f5es em atraso, ser\u00e3o inclu\u00eddos na D\u00edvida Ativa da Uni\u00e3o e estar\u00e3o sujeitos a cobran\u00e7a judicial.<\/p>\n\n\n\n<p>O NAF \u00e9 um programa de cidadania fiscal da Receita Federal que estabelece uma parceria com institui\u00e7\u00f5es de ensino superior, unindo conhecimentos t\u00e9cnicos \u00e0 pr\u00e1tica cont\u00e1bil. Durante a pandemia, h\u00e1 n\u00facleos que est\u00e3o operando de forma remota. Em julho, a&nbsp;Receita Federal divulgou uma lista com os<a href=\"https:\/\/www.gov.br\/receitafederal\/pt-br\/assuntos\/educacao-fiscal\/educacao-fiscal\/naf\/nucleos\/arquivos-e-imagens\/relacao-de-naf-com-atendimento-remoto-1207.pdf\/view\" class=\"rank-math-link\" target=\"_blank\" rel=\"noopener\"> NAF em atendimento remoto<\/a>&nbsp;e os respectivos contatos.<\/p>\n\n\n\n<p>A partir de setembro, a Receita Federal enviar\u00e1 para inscri\u00e7\u00e3o em D\u00edvida Ativa da Uni\u00e3o as d\u00edvidas de impostos de <strong>microempreendedores individuais que estejam devendo desde 2016 ou h\u00e1 mais tempo<\/strong>. Segundo a Receita, a a\u00e7\u00e3o \u00e9 necess\u00e1ria para que os d\u00e9bitos n\u00e3o prescrevam.<\/p>\n\n\n\n<p>O \u00f3rg\u00e3o explica que <strong>os MEI que tiverem apenas d\u00edvidas recentes, em raz\u00e3o das dificuldades trazidas pela pandemia, n\u00e3o ser\u00e3o afetados<\/strong>. Tamb\u00e9m n\u00e3o ser\u00e3o inscritas as d\u00edvidas de quem realizou parcelamento neste ano, mesmo que haja alguma parcela em atraso ou que o parcelamento tenha sido rescindido.<\/p>\n\n\n\n<p>O MEI, que tiver d\u00edvidas em aberto com a Receita Federal, pode fazer o parcelamento acessando o e-CAC ou o Portal do <a href=\"https:\/\/investnews.com.br\/guias\/simples-nacional\/\">Simples Nacional<\/a>. As&nbsp;orienta\u00e7\u00f5es est\u00e3o dispon\u00edveis na internet. Ap\u00f3s a inscri\u00e7\u00e3o, as d\u00edvidas poder\u00e3o ser pagas ou parceladas junto \u00e0 Procuradoria-Geral da Fazenda Nacional pelo portal de servi\u00e7os, por meio do&nbsp;<a rel=\"noreferrer noopener\" class=\"rank-math-link\" href=\"https:\/\/www.regularize.pgfn.gov.br\/\" target=\"_blank\">Regularize<\/a>.&nbsp;<\/p>\n\n\n\n<p>Segundo a Receita, <strong>existem 4,3 milh\u00f5es de microempreendedores inadimplentes, que devem R$ 5,5 bilh\u00f5es ao governo<\/strong>. Isso equivale a quase um ter\u00e7o dos 12,4 milh\u00f5es de MEI registrados no pa\u00eds.&nbsp;No entanto, a inscri\u00e7\u00e3o na d\u00edvida ativa s\u00f3 vale para d\u00edvidas n\u00e3o quitadas superiores a R$ 1 mil, somando principal, multa, juros e demais encargos. Atualmente,&nbsp;1,8 milh\u00e3o de MEI nessa situa\u00e7\u00e3o devem R$ 4,5 bilh\u00f5es.<\/p>\n\n\n\n<p>Os <a href=\"https:\/\/investnews.com.br\/web-stories\/como-abrir-um-mei\/\" class=\"rank-math-link\">MEI<\/a> est\u00e3o sujeitos a um regime simplificado de tributa\u00e7\u00e3o, recolhem apenas a contribui\u00e7\u00e3o para a Previd\u00eancia Social e pagam, dependendo do ramo de atua\u00e7\u00e3o, o Imposto sobre a Circula\u00e7\u00e3o de Mercadorias e Servi\u00e7os (<a href=\"https:\/\/investnews.com.br\/guias\/o-que-e-icms\/\">ICMS<\/a>) ou o Imposto sobre Servi\u00e7os (ISS). O ICMS \u00e9 recolhido aos estados; e o ISS, \u00e0s prefeituras.<\/p>\n\n\n\n<h4 class=\"wp-block-heading\">Veja tamb\u00e9m<\/h4>\n\n\n\n<ul class=\"wp-block-list\">\n<li>Confira <a href=\"https:\/\/investnews.com.br\/guias\/simples-nacional\/\">o que \u00e9 Simples Nacional<\/a> e como consultar<\/li>\n\n\n\n<li>Qual investimento em&nbsp;<a href=\"https:\/\/investnews.com.br\/cafeina\/qual-investimento-em-renda-fixa-paga-o-maior-juro-real\/\" target=\"_blank\" rel=\"noreferrer noopener\">renda fixa<\/a>&nbsp;paga o maior juro real?<\/li>\n\n\n\n<li>Brisanet, Desktop ou Unifique: qual a\u00e7\u00e3o ganha a corrida da<a target=\"_blank\" href=\"https:\/\/investnews.com.br\/financas\/brisanet-desktop-ou-unifique-qual-acao-ganha-a-corrida-da-fibra-otica\/\" rel=\"noreferrer noopener\">&nbsp;fibra \u00f3tica<\/a>?<\/li>\n\n\n\n<li>Ita\u00fa ou Ita\u00fasa?&nbsp;<a target=\"_blank\" href=\"https:\/\/investnews.com.br\/analistas-em-acao\/acao-do-itau-ou-itausa\/\" rel=\"noreferrer noopener\">Qual a\u00e7\u00e3o \u00e9 melhor<\/a>&nbsp;para investir com a cis\u00e3o na XP<\/li>\n\n\n\n<li>Qual o gasto energ\u00e9tico para&nbsp;<a target=\"_blank\" href=\"https:\/\/investnews.com.br\/investnews-explica\/qual-o-gasto-energetico-para-minerar-bitcoin\/\" rel=\"noreferrer noopener\">minerar bitcoin<\/a>?<\/li>\n\n\n\n<li><a target=\"_blank\" href=\"https:\/\/investnews.com.br\/espaco-nubank\/nubank-para-investidores-fernando-miranda-explica-o-que-muda-com-o-nu-invest\/\" rel=\"noreferrer noopener\">Nubank<\/a>&nbsp;para investidores: Fernando Miranda explica o que muda com o Nu invest<\/li>\n\n\n\n<li>Azul e Gol:\u00a0<a href=\"https:\/\/investnews.com.br\/boletim-investnews\/azul-e-gol-aereas-voltam-a-subir-agora-decola-de-vez\/\" target=\"_blank\" rel=\"noreferrer noopener\">a\u00e7\u00f5es de a\u00e9reas<\/a>\u00a0voltam a subir; agora decola de vez?<\/li>\n\n\n\n<li><a href=\"https:\/\/investnews.com.br\/guias\/gmv\/\">GMV<\/a>: o que \u00e9 e como calcular<\/li>\n<\/ul>\n","protected":false},"excerpt":{"rendered":"<p>Microempreendedores que tiverem apenas d\u00edvidas recentes provocadas pandemia n\u00e3o ser\u00e3o afetados.<\/p>\n","protected":false},"author":7,"featured_media":8875,"comment_status":"closed","ping_status":"open","sticky":false,"template":"","format":"standard","meta":{"_acf_changed":false,"inline_featured_image":false,"footnotes":""},"categories":[4],"tags":[82],"autor-wsj":[],"coauthors":[1494],"class_list":["post-272560","post","type-post","status-publish","format-standard","has-post-thumbnail","hentry","category-financas","tag-dividas"],"acf":[],"amp_enabled":true,"_links":{"self":[{"href":"https:\/\/investnews.com.br\/inv-api\/wp\/v2\/posts\/272560","targetHints":{"allow":["GET"]}}],"collection":[{"href":"https:\/\/investnews.com.br\/inv-api\/wp\/v2\/posts"}],"about":[{"href":"https:\/\/investnews.com.br\/inv-api\/wp\/v2\/types\/post"}],"author":[{"embeddable":true,"href":"https:\/\/investnews.com.br\/inv-api\/wp\/v2\/users\/7"}],"replies":[{"embeddable":true,"href":"https:\/\/investnews.com.br\/inv-api\/wp\/v2\/comments?post=272560"}],"version-history":[{"count":5,"href":"https:\/\/investnews.com.br\/inv-api\/wp\/v2\/posts\/272560\/revisions"}],"predecessor-version":[{"id":572870,"href":"https:\/\/investnews.com.br\/inv-api\/wp\/v2\/posts\/272560\/revisions\/572870"}],"wp:featuredmedia":[{"embeddable":true,"href":"https:\/\/investnews.com.br\/inv-api\/wp\/v2\/media\/8875"}],"wp:attachment":[{"href":"https:\/\/investnews.com.br\/inv-api\/wp\/v2\/media?parent=272560"}],"wp:term":[{"taxonomy":"category","embeddable":true,"href":"https:\/\/investnews.com.br\/inv-api\/wp\/v2\/categories?post=272560"},{"taxonomy":"post_tag","embeddable":true,"href":"https:\/\/investnews.com.br\/inv-api\/wp\/v2\/tags?post=272560"},{"taxonomy":"autor-wsj","embeddable":true,"href":"https:\/\/investnews.com.br\/inv-api\/wp\/v2\/autor-wsj?post=272560"},{"taxonomy":"author","embeddable":true,"href":"https:\/\/investnews.com.br\/inv-api\/wp\/v2\/coauthors?post=272560"}],"curies":[{"name":"wp","href":"https:\/\/api.w.org\/{rel}","templated":true}]}}