{"id":272600,"date":"2021-08-30T11:13:22","date_gmt":"2021-08-30T14:13:22","guid":{"rendered":"https:\/\/investnews.com.br\/?p=272600"},"modified":"2025-10-23T08:37:37","modified_gmt":"2025-10-23T11:37:37","slug":"alliar-dispara-4-apos-fleury-iniciar-estudos-para-possivel-compra-cyrela-cai","status":"publish","type":"post","link":"https:\/\/investnews.com.br\/financas\/alliar-dispara-4-apos-fleury-iniciar-estudos-para-possivel-compra-cyrela-cai\/","title":{"rendered":"Cyrela fecha em queda de mais de 4%; Alliar sobe quase 3%"},"content":{"rendered":"\n<p>Ap\u00f3s encerrar a \u00faltima semana em alta, o <strong>Ibovespa, principal \u00edndice da B3,<\/strong> iniciou a segunda-feira (30) em queda em meio a divulga\u00e7\u00e3o do&nbsp;<a rel=\"noreferrer noopener\" href=\"https:\/\/investnews.com.br\/economia\/focus-perspectiva-para-inflacao\/\" target=\"_blank\">Boletim Focus<\/a>.&nbsp;<strong>O mercado elevou as proje\u00e7\u00f5es para a infla\u00e7\u00e3o e o d\u00f3lar neste ano<\/strong>, ao mesmo tempo em que&nbsp;<strong>passou a ver menor crescimento econ\u00f4mico<\/strong>.O preg\u00e3o terminou o dia com somente oito pap\u00e9is em alta. A<strong> Alliar<\/strong>, que n\u00e3o est\u00e1 no Ibovespa, subiu ap\u00f3s o <strong>Fleury <\/strong>anunciar estudos para poss\u00edvel compra da empresa, enquanto <strong>Cyrela<\/strong> caiu forte e liderou as perdas do \u00edndice. Veja os destaques do dia:<\/p>\n\n\n\n<h2 class=\"wp-block-heading\">Alliar<\/h2>\n\n\n\n<p>A empresa <strong>de diagn\u00f3sticos m\u00e9dicos<\/strong> <strong>Alliar<\/strong>&nbsp;(<a rel=\"noreferrer noopener\" href=\"https:\/\/investnews.com.br\/cotacao\/aalr3-alliar\/\" target=\"_blank\">AALR3<\/a>) encerrou em alta de 2,97%, negociada a R$ 15,25, ap\u00f3s o grupo de medicina diagn\u00f3stica&nbsp;<strong>Fleury<\/strong>&nbsp;(<a rel=\"noreferrer noopener\" href=\"https:\/\/investnews.com.br\/cotacao\/flry3-fleury\/\" target=\"_blank\" class=\"rank-math-link\">FLRY3<\/a>) afirmar que&nbsp;<strong><a href=\"https:\/\/investnews.com.br\/negocios\/fleury-avalia-transacao-com-alliar\/\" class=\"rank-math-link\">iniciou estudos preliminares<\/a> para avaliar uma potencial transa\u00e7\u00e3o envolvendo a empresa. <\/strong>Enquanto isso, o <strong>Fleury<\/strong> caiu 0,59% negociado a R$ 23,76.<\/p>\n\n\n\n<h2 class=\"wp-block-heading\">Cyrela<\/h2>\n\n\n\n<p>Ap\u00f3s encerrar a \u00faltima semana com um avan\u00e7o de 14,94%, a construtora <strong>Cyrela<\/strong>&nbsp;(<a rel=\"noreferrer noopener\" href=\"https:\/\/investnews.com.br\/cotacao\/cyre3-cyrela-brazil-realty\/\" target=\"_blank\">CYRE3<\/a>) fechou o dia com recuo de 4,04%, para R$ 20,45. Na \u00faltima semana o <strong>Bradesco BBI<\/strong>&nbsp;escolheu, em seu relat\u00f3rio de in\u00edcio de cobertura, a&nbsp;<strong>empresa<\/strong>&nbsp;como a top pick (preferida) entre as construtoras de renda m\u00e9dia-alta do Brasil. <\/p>\n\n\n\n<h2 class=\"wp-block-heading\">Petrobras<\/h2>\n\n\n\n<p>A <strong>Petrobras&nbsp;<\/strong><a rel=\"noreferrer noopener\" href=\"https:\/\/investnews.com.br\/cotacao\/petr3-petr4-petrobras\/\" target=\"_blank\">&nbsp;(PETR4<\/a>) recuou 0,67%, cotada a R$ 28,30. A estatal informou na sexta-feira (29) que assinou contrato <a href=\"https:\/\/investnews.com.br\/negocios\/petrobras-vende-participacao-na-breitener-energetica-por-r-304-milhoes\/\" class=\"rank-math-link\">para a venda de sua participa\u00e7\u00e3o<\/a> de 93,7% na Breitener Energ\u00e9tica, localizada no estado do Amazonas, para a Breitener <a href=\"https:\/\/investnews.com.br\/guias\/holding\/\">Holding<\/a> Participa\u00e7\u00f5es, subsidi\u00e1ria da Ceiba Energy, no valor de R$ 304 milh\u00f5es. <\/p>\n\n\n\n<h2 class=\"wp-block-heading\">BR Distribuidora<\/h2>\n\n\n\n<p>A <strong>Vibra Energia<\/strong>&nbsp;(<a rel=\"noreferrer noopener\" href=\"https:\/\/investnews.com.br\/cotacao\/brdt3-br-distribuidora\/\" target=\"_blank\">BRDT3<\/a>),&nbsp;<strong>antiga BR Distribuidora<\/strong>, caiu 0,44%, negociada a R$ 27. A companhia anunciou que&nbsp;<strong><a href=\"https:\/\/investnews.com.br\/negocios\/vibra-energia-com-copersucar\/\" class=\"rank-math-link\">celebrou acordo com a Copersucar<\/a> para a forma\u00e7\u00e3o de uma joint venture<\/strong>&nbsp;que atuar\u00e1 como comercializadora de etanol (ECE), com estrutura de gest\u00e3o independente. A&nbsp;<a rel=\"noreferrer noopener\" href=\"https:\/\/investnews.com.br\/negocios\/br-distribuidora-adotara-nova-marca-e-identidade-corporativa-vibra-energia\/\" target=\"_blank\" class=\"rank-math-link\">Vibra Energia<\/a>&nbsp;ir\u00e1 adquirir da Copersucar a\u00e7\u00f5es representativas de 49,99% do capital social da ECE por R$ 4,99 milh\u00f5es, enquanto a empresa do setor sucroalcooleiro manter\u00e1 fatia de 50,01%.<\/p>\n\n\n\n<h2 class=\"wp-block-heading\">Allied<\/h2>\n\n\n\n<p>A&nbsp;<strong>Allied Tecnologia<\/strong>&nbsp;(<a rel=\"noreferrer noopener\" href=\"https:\/\/investnews.com.br\/cotacao\/alld3-allied-tecnologia-s-a\/\" target=\"_blank\">ALLD3<\/a>) subiu 1,72%, negociada a R$ 29,64. A companhia <a href=\"https:\/\/investnews.com.br\/negocios\/allied-compra-plataforma-de-eletronicos-seminovos-brused\/\" class=\"rank-math-link\">anunicou a &nbsp;<strong>aquisi\u00e7\u00e3o da plataforma <\/strong><\/a><strong>de compra e venda de aparelhos eletr\u00f4nicos seminovos<\/strong>&nbsp;<strong>BrUsed<\/strong>. A opera\u00e7\u00e3o n\u00e3o teve valor divulgado. <\/p>\n\n\n\n<p><strong>Veja tamb\u00e9m<\/strong><\/p>\n\n\n\n<ul class=\"wp-block-list\">\n<li>Qual&nbsp;<a rel=\"noreferrer noopener\" class=\"rank-math-link\" target=\"_blank\" href=\"https:\/\/investnews.com.br\/cafeina\/qual-investimento-em-renda-fixa-paga-o-maior-juro-real\/\">investimento em&nbsp;renda fixa<\/a>&nbsp;paga o maior juro real?<\/li>\n\n\n\n<li>Brisanet, Desktop ou Unifique: qual&nbsp;<a rel=\"noreferrer noopener\" target=\"_blank\" href=\"https:\/\/investnews.com.br\/financas\/brisanet-desktop-ou-unifique-qual-acao-ganha-a-corrida-da-fibra-otica\/\">a\u00e7\u00e3o do nicho<\/a>&nbsp;ganha a corrida da&nbsp;fibra \u00f3tica?<\/li>\n\n\n\n<li><a rel=\"noreferrer noopener\" target=\"_blank\" href=\"https:\/\/investnews.com.br\/analistas-em-acao\/acao-do-itau-ou-itausa\/\">A\u00e7\u00e3o do Ita\u00fa<\/a>&nbsp;ou da Ita\u00fasa?&nbsp;Qual \u00e9 melhor&nbsp;para investir com a cis\u00e3o na XP<\/li>\n\n\n\n<li>Qual o gasto energ\u00e9tico para&nbsp;<a rel=\"noreferrer noopener\" target=\"_blank\" href=\"https:\/\/investnews.com.br\/investnews-explica\/qual-o-gasto-energetico-para-minerar-bitcoin\/\">minerar bitcoin<\/a>?<\/li>\n\n\n\n<li><a rel=\"noreferrer noopener\" target=\"_blank\" href=\"https:\/\/investnews.com.br\/espaco-nubank\/nubank-para-investidores-fernando-miranda-explica-o-que-muda-com-o-nu-invest\/\">Nubank<\/a>&nbsp;para investidores: Fernando Miranda explica o que muda com o Nu invest<\/li>\n\n\n\n<li>Azul e Gol:&nbsp;<a rel=\"noreferrer noopener\" target=\"_blank\" href=\"https:\/\/investnews.com.br\/boletim-investnews\/azul-e-gol-aereas-voltam-a-subir-agora-decola-de-vez\/\">a\u00e7\u00f5es de a\u00e9reas<\/a>&nbsp;voltam a subir; agora decola de vez?<\/li>\n<\/ul>\n\n\n\n<p><\/p>\n","protected":false},"excerpt":{"rendered":"<p>Ap\u00f3s encerrar a \u00faltima semana com um avan\u00e7o de 14,94%, construtora registrava queda de 3,85%.<\/p>\n","protected":false},"author":53,"featured_media":265492,"comment_status":"closed","ping_status":"open","sticky":false,"template":"","format":"standard","meta":{"_acf_changed":false,"inline_featured_image":false,"footnotes":""},"categories":[4],"tags":[112750,2439],"autor-wsj":[],"coauthors":[2433],"class_list":["post-272600","post","type-post","status-publish","format-standard","has-post-thumbnail","hentry","category-financas","tag-cyrela","tag-fleury"],"acf":[],"amp_enabled":true,"_links":{"self":[{"href":"https:\/\/investnews.com.br\/inv-api\/wp\/v2\/posts\/272600","targetHints":{"allow":["GET"]}}],"collection":[{"href":"https:\/\/investnews.com.br\/inv-api\/wp\/v2\/posts"}],"about":[{"href":"https:\/\/investnews.com.br\/inv-api\/wp\/v2\/types\/post"}],"author":[{"embeddable":true,"href":"https:\/\/investnews.com.br\/inv-api\/wp\/v2\/users\/53"}],"replies":[{"embeddable":true,"href":"https:\/\/investnews.com.br\/inv-api\/wp\/v2\/comments?post=272600"}],"version-history":[{"count":15,"href":"https:\/\/investnews.com.br\/inv-api\/wp\/v2\/posts\/272600\/revisions"}],"predecessor-version":[{"id":592720,"href":"https:\/\/investnews.com.br\/inv-api\/wp\/v2\/posts\/272600\/revisions\/592720"}],"wp:featuredmedia":[{"embeddable":true,"href":"https:\/\/investnews.com.br\/inv-api\/wp\/v2\/media\/265492"}],"wp:attachment":[{"href":"https:\/\/investnews.com.br\/inv-api\/wp\/v2\/media?parent=272600"}],"wp:term":[{"taxonomy":"category","embeddable":true,"href":"https:\/\/investnews.com.br\/inv-api\/wp\/v2\/categories?post=272600"},{"taxonomy":"post_tag","embeddable":true,"href":"https:\/\/investnews.com.br\/inv-api\/wp\/v2\/tags?post=272600"},{"taxonomy":"autor-wsj","embeddable":true,"href":"https:\/\/investnews.com.br\/inv-api\/wp\/v2\/autor-wsj?post=272600"},{"taxonomy":"author","embeddable":true,"href":"https:\/\/investnews.com.br\/inv-api\/wp\/v2\/coauthors?post=272600"}],"curies":[{"name":"wp","href":"https:\/\/api.w.org\/{rel}","templated":true}]}}