{"id":272682,"date":"2021-08-30T14:52:20","date_gmt":"2021-08-30T17:52:20","guid":{"rendered":"https:\/\/investnews.com.br\/?p=272682"},"modified":"2021-08-30T15:01:05","modified_gmt":"2021-08-30T18:01:05","slug":"precatorios-reuniao-de-pacheco-fux-e-lira","status":"publish","type":"post","link":"https:\/\/investnews.com.br\/economia\/precatorios-reuniao-de-pacheco-fux-e-lira\/","title":{"rendered":"Precat\u00f3rios: Pacheco diz que se reunir\u00e1 com Lira e Fux para discutir solu\u00e7\u00e3o"},"content":{"rendered":"\n<p>Ap\u00f3s se reunir com o ministro da Economia, <a href=\"https:\/\/investnews.com.br\/negocios\/guedes-caixa-e-bb-sobre-saida-da-febraban\/\" class=\"rank-math-link\">Paulo Guedes<\/a>, o presidente do Senado, <strong>Rodrigo Pacheco (DEM-MG), afirmou nesta segunda-feira (30) que vai se encontrar at\u00e9 a ter\u00e7a com os presidentes da C\u00e2mara<\/strong>, Arthur Lira (PP-AL), <strong>e do Supremo Tribunal Federal<\/strong> (STF), Luiz Fux, <strong>para conversar sobre uma sa\u00edda para o pagamento dos precat\u00f3rios do pr\u00f3ximo ano<\/strong> que passaria pelo Conselho Nacional de Justi\u00e7a (CNJ).<\/p>\n\n\n\n<p>&#8220;H\u00e1 uma possibilidade desde sempre ventilada e que agora tem evolu\u00eddo que \u00e9 a possibilidade de, considerando que houve uma decis\u00e3o do STF relativamente \u00e0 imposi\u00e7\u00e3o da obrigatoriedade do pagamento de R$ 89 bilh\u00f5es de precat\u00f3rios no ano de 2022, que se fa\u00e7a uma composi\u00e7\u00e3o, uma <a href=\"https:\/\/investnews.com.br\/economia\/pec-dos-precatorios-pode-incluir-aval-do-cnj-em-nova-formula-diz-fux\/\" class=\"rank-math-link\">media\u00e7\u00e3o pelo Conselho Nacional de Justi\u00e7a<\/a>, CNJ, presidido pelo ministro Luiz Fux&#8221;, disse.<\/p>\n\n\n\n<p>&#8220;\u00c9 uma solu\u00e7\u00e3o que reputamos inteligente, poss\u00edvel, de modo que o CNJ poderia realmente dar esse encaminhamento&#8221;, acrescentou ele, em pronunciamento na sa\u00edda do encontro com Guedes na resid\u00eancia oficial do Senado.<\/p>\n\n\n\n<p>Segundo Pacheco, a conversa com Lira e Fux \u00e9 para alinhar a solu\u00e7\u00e3o.<\/p>\n\n\n\n<p>Desde a semana passada, uma articula\u00e7\u00e3o liderada inicialmente pelos presidentes da C\u00e2mara e do Supremo busca limitar o crescimento do espa\u00e7o de pagamento dos precat\u00f3rio \u00e0 regra do teto de gastos, solu\u00e7\u00e3o essa que passaria pelo CNJ.<\/p>\n\n\n\n<p>Essa movimenta\u00e7\u00e3o ocorreu ap\u00f3s o governo ter enviado ao Congresso uma proposta de altera\u00e7\u00e3o no formato do pagamento das d\u00edvidas da Uni\u00e3o reconhecidas judicialmente.<\/p>\n\n\n\n<p><strong>O presidente do Senado destacou que a solu\u00e7\u00e3o do pagamento dos precat\u00f3rios vai ajudar no incremento do programa social que vai substituir o Bolsa Fam\u00edlia<\/strong>. Segundo ele, isso permitiria uma atualiza\u00e7\u00e3o no valor do benef\u00edcio especialmente no momento em que h\u00e1 infla\u00e7\u00e3o.<\/p>\n\n\n\n<p>&#8220;S\u00e3o solu\u00e7\u00f5es que se complementam&#8221;, ressaltou ele.<\/p>\n\n\n\n<h2 class=\"wp-block-heading\">Correios<\/h2>\n\n\n\n<p>Pacheco disse tamb\u00e9m que espera que a Comiss\u00e3o de Assuntos Econ\u00f4micos (CAE) do Senado aprecie em setembro a proposta de <a href=\"https:\/\/investnews.com.br\/economia\/prazo-para-privatizar-correios-e-impossivel-diz-braga\/\" class=\"rank-math-link\">privatiza\u00e7\u00e3o dos Correios<\/a>, que j\u00e1 passou pela C\u00e2mara. Ap\u00f3s passar pela CAE, ele disse que o plen\u00e1rio do Senado poder\u00e1 votar a mat\u00e9ria.<\/p>\n\n\n\n<p>Em meio a embates entre Poderes, em especial entre o presidente Jair Bolsonaro e ministros do STF, o presidente do Senado afirmou que conversou sobre outras pautas importantes, como a <a href=\"https:\/\/investnews.com.br\/economia\/reforma-do-ir-nao-estara-na-pauta-desta-semana-diz-presidente-da-camara\/\" class=\"rank-math-link\">reforma tribut\u00e1ria<\/a>, e destacou que n\u00e3o se pode interromper o di\u00e1logo no Brasil.<\/p>\n\n\n\n<h4 class=\"wp-block-heading\">Veja tamb\u00e9m<\/h4>\n\n\n\n<ul class=\"wp-block-list\"><li><a href=\"https:\/\/investnews.com.br\/flash\/pib-de-2021-vai-surpreender-ou-desapontar\/\" target=\"_blank\" rel=\"noreferrer noopener\">PIB de 2021<\/a>&nbsp;vai surpreender ou desapontar?<\/li><li>Cartaz chama&nbsp;<a rel=\"noreferrer noopener\" href=\"https:\/\/investnews.com.br\/economia\/cartaz-chama-paulo-guedes-de-faria-loser-em-avenida-de-sao-paulo\/\" target=\"_blank\">Paulo Guedes<\/a>&nbsp;de \u2018Faria Loser\u2019 em avenida de S\u00e3o Paulo<\/li><li><a rel=\"noreferrer noopener\" href=\"https:\/\/investnews.com.br\/financas\/meis-devem-regularizar-dividas-ate-terca-feira\/\" target=\"_blank\">MEIs<\/a>&nbsp;devem regularizar d\u00edvidas at\u00e9 ter\u00e7a-feira<\/li><li><a rel=\"noreferrer noopener\" href=\"https:\/\/investnews.com.br\/financas\/china-planeja-restringir-ipos-no-exterior-diz-fonte\/\" target=\"_blank\">China<\/a>&nbsp;planeja restringir IPOs no exterior, diz fonte<\/li><li><a rel=\"noreferrer noopener\" href=\"https:\/\/investnews.com.br\/negocios\/nubank-compra-plataforma-de-pagamentos-spin-pay\/\" target=\"_blank\">Nubank<\/a>&nbsp;compra plataforma de pagamentos Spin Pay<\/li><li>Por que Caixa e Banco do Brasil deixaram a&nbsp;<a rel=\"noreferrer noopener\" href=\"https:\/\/investnews.com.br\/economia\/por-que-caixa-e-banco-do-brasil-deixaram-a-febraban\/\" target=\"_blank\">Febraban<\/a>&nbsp;e qual a vis\u00e3o do mercado?<\/li><\/ul>\n","protected":false},"excerpt":{"rendered":"<p>Eles devem se encontrar at\u00e9 ter\u00e7a para conversar sobre proposta que passaria pelo CNJ.<\/p>\n","protected":false},"author":7,"featured_media":228575,"comment_status":"closed","ping_status":"open","sticky":false,"template":"","format":"standard","meta":{"_acf_changed":false,"inline_featured_image":false,"footnotes":""},"categories":[5],"tags":[2346],"autor-wsj":[],"coauthors":[1494],"class_list":["post-272682","post","type-post","status-publish","format-standard","has-post-thumbnail","hentry","category-economia","tag-arthur-lira"],"acf":[],"amp_enabled":true,"_links":{"self":[{"href":"https:\/\/investnews.com.br\/inv-api\/wp\/v2\/posts\/272682","targetHints":{"allow":["GET"]}}],"collection":[{"href":"https:\/\/investnews.com.br\/inv-api\/wp\/v2\/posts"}],"about":[{"href":"https:\/\/investnews.com.br\/inv-api\/wp\/v2\/types\/post"}],"author":[{"embeddable":true,"href":"https:\/\/investnews.com.br\/inv-api\/wp\/v2\/users\/7"}],"replies":[{"embeddable":true,"href":"https:\/\/investnews.com.br\/inv-api\/wp\/v2\/comments?post=272682"}],"version-history":[{"count":3,"href":"https:\/\/investnews.com.br\/inv-api\/wp\/v2\/posts\/272682\/revisions"}],"predecessor-version":[{"id":272695,"href":"https:\/\/investnews.com.br\/inv-api\/wp\/v2\/posts\/272682\/revisions\/272695"}],"wp:featuredmedia":[{"embeddable":true,"href":"https:\/\/investnews.com.br\/inv-api\/wp\/v2\/media\/228575"}],"wp:attachment":[{"href":"https:\/\/investnews.com.br\/inv-api\/wp\/v2\/media?parent=272682"}],"wp:term":[{"taxonomy":"category","embeddable":true,"href":"https:\/\/investnews.com.br\/inv-api\/wp\/v2\/categories?post=272682"},{"taxonomy":"post_tag","embeddable":true,"href":"https:\/\/investnews.com.br\/inv-api\/wp\/v2\/tags?post=272682"},{"taxonomy":"autor-wsj","embeddable":true,"href":"https:\/\/investnews.com.br\/inv-api\/wp\/v2\/autor-wsj?post=272682"},{"taxonomy":"author","embeddable":true,"href":"https:\/\/investnews.com.br\/inv-api\/wp\/v2\/coauthors?post=272682"}],"curies":[{"name":"wp","href":"https:\/\/api.w.org\/{rel}","templated":true}]}}