{"id":273044,"date":"2021-08-31T18:40:12","date_gmt":"2021-08-31T21:40:12","guid":{"rendered":"https:\/\/investnews.com.br\/?p=273044"},"modified":"2021-09-15T09:45:50","modified_gmt":"2021-09-15T12:45:50","slug":"embraer-salta-mais-de-25-e-csn-lidera-quedas-em-agosto-confira-destaques","status":"publish","type":"post","link":"https:\/\/investnews.com.br\/financas\/embraer-salta-mais-de-25-e-csn-lidera-quedas-em-agosto-confira-destaques\/","title":{"rendered":"Embraer salta mais de 25% e CSN lidera quedas em agosto; confira destaques"},"content":{"rendered":"\n<p>Agosto finalmente chegou ao fim, um m\u00eas complicado para o Ibovespa. Apesar dos resultados trimestrais considerados bons pelo mercado, pesaram no desempenho do \u00edndice as <a href=\"https:\/\/investnews.com.br\/guias\/commodities-o-que-sao\/\">commodities<\/a> e os ru\u00eddos pol\u00edticos. O principal \u00edndice da B3 fechou agosto em queda de  <strong>2,48% <\/strong>aos<strong> 118.781 pontos.<\/strong> <\/p>\n\n\n\n<p>Segundo Enrico Cozzolino, analista da Levante Investimentos, a corre\u00e7\u00e3o nos pre\u00e7os do min\u00e9rio de ferro, bastante pressionados pela China, acabou impactando nas commodities que integram boa parte do Ibovespa. No entanto, a queda foi compensada pelo petr\u00f3leo que se recuperou em agosto, fortalecendo a Petrobras e outras petrol\u00edferas listadas. <\/p>\n\n\n\n<p>Para Felipe Fernandes, chefe de an\u00e1lise da Flip Investimentos, o cen\u00e1rio pol\u00edtico tamb\u00e9m impactou no desempenho do \u00edndice, com o desentendimento entre os tr\u00eas poderes criando um cen\u00e1rio de avers\u00e3o ao risco. <\/p>\n\n\n\n<p>Cozzolino cita no \u00e2mbito pol\u00edtico a discuss\u00e3o da Lei de Or\u00e7amento Anual (LOA) cujo prazo para ser enviada conclui hoje e a d\u00favida do mercado sobre a PEC dos precat\u00f3rios que poderiam quebrar o teto de gastos. <\/p>\n\n\n\n<p>No cen\u00e1rio externo, o Federal Reserve (FED) eliminou o receio do mercado de iniciar uma redu\u00e7\u00e3o de medidas da pol\u00edtica monet\u00e1ria expansiva (tapering) antes de tempo e descartou a possibilidade de um aumento de juros. &#8220;Isso tranquilizou o mercado e fez com que o Ibovespa n\u00e3o tivesse um desempenho pior&#8221;, aponta Cozzolino.<\/p>\n\n\n\n<p>O analista da Levante acredita que no m\u00eas de setembro, pegando como base os 118 mil pontos, o Ibovespa deve experimentar uma recupera\u00e7\u00e3o com tend\u00eancia de alta no longo prazo. &#8220;Em um cen\u00e1rio positivo com corre\u00e7\u00e3o de pre\u00e7os ver\u00edamos os 123 mil pontos no curto prazo&#8221;, defende. <\/p>\n\n\n\n<p> J\u00e1 Fernandes, da Flip Investimentos, enxerga que essa press\u00e3o da China com as commodities deve diminuir em setembro, gerando um movimento positivo para o setor na bolsa. <\/p>\n\n\n\n<p>Contudo, ele destaca a lentid\u00e3o da vacina\u00e7\u00e3o e a variante delta como empecilhos para a retomada do Brasil. &#8220;O estado de S\u00e3o Paulo confirmou a primeira morte pela variante delta hoje&#8221;, comenta. <\/p>\n\n\n\n<h2 class=\"wp-block-heading\">Maiores altas<\/h2>\n\n\n\n<p>A maior alta do m\u00eas foi da <strong>Embraer<\/strong> <a aria-label=\"(EMBR3)  (opens in a new tab)\" rel=\"noreferrer noopener\" href=\"https:\/\/investnews.com.br\/cotacao\/embr3-embraer\/\" target=\"_blank\" class=\"rank-math-link\">(EMBR3)<\/a>, as a\u00e7\u00f5es da companhia valorizaram<strong> 25,98%<\/strong>. Segundo Cozzolino, da Levante Investimentos, a nova linha de neg\u00f3cios da a\u00e9rea com a produ\u00e7\u00e3o de &#8216;carros voadores&#8217; acabou refletindo no pre\u00e7o da a\u00e7\u00e3o. <\/p>\n\n\n\n<p>O analista cita que a companhia finalmente conseguiu reverter o preju\u00edzo que teve desde 2018 e no segundo trimestre de 2021 mostrou uma importante virada, com lucro de R$ 212,8 milh\u00f5es. &#8220;Os investidores gostaram muito desta nova linha de neg\u00f3cios que tende a aumentar bastante a receita da Embraer&#8221;, cita Cozzolino.<\/p>\n\n\n\n<p>Ele tamb\u00e9m refor\u00e7a que o presidente da companhia foi mais agressivo nas suas coloca\u00e7\u00f5es de mercado e apontou que pretende dobrar o faturamento da empresa, o que acabou repercutindo tamb\u00e9m no pre\u00e7o da a\u00e7\u00e3o. <\/p>\n\n\n\n<p>A segunda maior alta do m\u00eas foi da distribuidora <strong>CPFL Energia<\/strong> <a aria-label=\"(CPFE3) (opens in a new tab)\" href=\"https:\/\/investnews.com.br\/cotacao\/cpfe3-cpfl-energia\/\" target=\"_blank\" rel=\"noreferrer noopener\" class=\"rank-math-link\">(CPFE3)<\/a>, os pap\u00e9is subiram <strong>14,69%<\/strong> no m\u00eas. Cozzolino cita que o projeto de lei 414, que debatia um novo marco regulat\u00f3rio para o setor, trouxe clareza para a fun\u00e7\u00e3o das distribuidoras e comercializadoras de energia. <\/p>\n\n\n\n<p>&#8220;O setor de energia estava descontado e melhora ap\u00f3s ter clareza no entendimento de gerenciamento de receitas e custos com este projeto de lei&#8221;, defende. <\/p>\n\n\n\n<p>Al\u00e9m deste fator, o analista comenta que por se tratar de uma distribuidora, a companhia n\u00e3o sofre tanto os impactos da <a aria-label=\"crise h\u00eddrica (opens in a new tab)\" href=\"https:\/\/investnews.com.br\/financas\/crise-hidrica-quais-acoes-sao-impactadas-pela-pior-seca-em-quase-100-anos\/\" target=\"_blank\" rel=\"noreferrer noopener\" class=\"rank-math-link\">crise h\u00eddrica<\/a> e tem se beneficiado com o aumento de pre\u00e7os das <a href=\"https:\/\/investnews.com.br\/economia\/aneel-mantem-bandeira-vermelha-patamar-2-em-setembro\/\" target=\"_blank\" aria-label=\"tarifas de luz (opens in a new tab)\" rel=\"noreferrer noopener\" class=\"rank-math-link\">tarifas de luz<\/a> nas \u00faltimas semanas. <\/p>\n\n\n\n<p>Na terceira posi\u00e7\u00e3o est\u00e1 a <strong>Braskem<\/strong> <a aria-label=\"(BRKM5) (opens in a new tab)\" rel=\"noreferrer noopener\" href=\"https:\/\/investnews.com.br\/cotacao\/brkm3-brkm5-braskem\/\" target=\"_blank\" class=\"rank-math-link\">(BRKM5)<\/a> que fechou agosto em alta de <strong>14,27%.<\/strong> Segundo Cozzolino, a companhia foi favorecida pelo aumento de spread nos produtos petroqu\u00edmicos em virtude da demanda do mercado. <\/p>\n\n\n\n<p>O analista explica que isso tende a precificar um<strong> ebitda<\/strong> <em>(lucro antes dos juros, impostos, deprecia\u00e7\u00e3o e amortiza\u00e7\u00f5es)<\/em> <strong>recorde<\/strong> para a companhia e a <a href=\"https:\/\/investnews.com.br\/negocios\/braskem-tem-lucro-liquido-de-r-74-bilhoes-no-2o-trimestre\/\" target=\"_blank\" aria-label=\"Braskem (opens in a new tab)\" rel=\"noreferrer noopener\" class=\"rank-math-link\">Braskem<\/a> teria a possibilidade de reverter isso em <a href=\"https:\/\/investnews.com.br\/guias\/dividendos-o-que-sao-como-funcionam\/\">dividendos<\/a>, em consequ\u00eancia mais investidores se interessam pela a\u00e7\u00e3o. <\/p>\n\n\n\n<p>Ele tamb\u00e9m menciona que algumas paradas operacionais em fun\u00e7\u00e3o de riscos clim\u00e1ticos ou manuten\u00e7\u00e3o de plataformas devem diminuir no curto prazo, impactando positivamente a receita. <\/p>\n\n\n\n<p>Ainda entre as maiores altas a <strong>Cemig<\/strong> <a href=\"https:\/\/investnews.com.br\/cotacao\/cmig4-cemig\/\" class=\"rank-math-link\">(CMIG4) <\/a>valorizou <strong>13,15%<\/strong> ap\u00f3s reportar um lucro de R$ 1,94 bilh\u00e3o no segundo trimestre, <a href=\"https:\/\/investnews.com.br\/negocios\/cemig-tem-lucro-80-maior-no-2o-tri-para-r-194-bi-na-comparacao-anual\/\" target=\"_blank\" aria-label=\"um salto de 80% na compara\u00e7\u00e3o anual (opens in a new tab)\" rel=\"noreferrer noopener\" class=\"rank-math-link\">um salto de 80% na compara\u00e7\u00e3o anual<\/a>. Cozzolino destaca que embora seja um lucro n\u00e3o recorrente, beneficiado pelo c\u00e2mbio, este comprova que a companhia conseguiu superar o cen\u00e1rio de avers\u00e3o na crise h\u00eddrica.<\/p>\n\n\n\n<p>&#8220;Este \u00e9 um bom momento para a <a href=\"https:\/\/investnews.com.br\/negocios\/cemig-pretende-investir-r-225-bilhoes-em-minas-gerais-ate-2025\/\" target=\"_blank\" aria-label=\"Cemig (opens in a new tab)\" rel=\"noreferrer noopener\" class=\"rank-math-link\">Cemig<\/a> ter caixa e capital para enfrentar um cen\u00e1rio setorial n\u00e3o muito favor\u00e1vel&#8221;, destaca. O analista refor\u00e7a que por se tratar de uma distribuidora, a Cemig acaba sofrendo menos impacto do que as <a aria-label=\"geradoras (opens in a new tab)\" href=\"https:\/\/investnews.com.br\/financas\/cesp-omega-geracao-ou-aes-tiete-compare-acoes-do-setor-de-energia\/\" target=\"_blank\" rel=\"noreferrer noopener\" class=\"rank-math-link\">geradoras<\/a>. <\/p>\n\n\n\n<h3 class=\"wp-block-heading\">Veja as 10 maiores altas do m\u00eas de agosto*<\/h3>\n\n\n\n<figure class=\"wp-block-table\"><table class=\"has-subtle-pale-green-background-color has-fixed-layout has-background\"><tbody><tr><td><strong>A\u00e7\u00e3o <\/strong><\/td><td><strong>Valoriza\u00e7\u00e3o agosto<\/strong><\/td><\/tr><tr><td>Embraer (EMBR3)<\/td><td>25,98%<\/td><\/tr><tr><td>CPFL Energia (CPFE3)<\/td><td>14,69%<\/td><\/tr><tr><td>Braskem (BRKM5)<\/td><td>14,27%<\/td><\/tr><tr><td>Cemig (CMIG4)<\/td><td>13,15%<\/td><\/tr><tr><td>Suzano (SUZB3)<\/td><td>12,82%<\/td><\/tr><tr><td>Totvs (TOTS3)<\/td><td>12,22%<\/td><\/tr><tr><td>Copel (CPLE6) <\/td><td>11,76%<\/td><\/tr><tr><td>Tim (TIMS3)<\/td><td>10,07%<\/td><\/tr><tr><td>EDP Energias (ENBR3)<\/td><td>7,65%<\/td><\/tr><tr><td>Klabin (KLBN11)<\/td><td>7,56%<\/td><\/tr><\/tbody><\/table><\/figure>\n\n\n\n<p><strong>*Fonte: Valor Pro<\/strong><\/p>\n\n\n\n<h2 class=\"wp-block-heading\">Maiores quedas<\/h2>\n\n\n\n<p>A maior queda do m\u00eas de agosto foi da <strong>CSN <\/strong><a aria-label=\"(CSNA3)  (opens in a new tab)\" rel=\"noreferrer noopener\" href=\"https:\/\/investnews.com.br\/cotacao\/csna3-companhia-siderurgica-nacional\/\" target=\"_blank\" class=\"rank-math-link\">(CSNA3)<\/a>, as a\u00e7\u00f5es da companhia acumularam perdas de <strong>23,35%<\/strong>. Segundo Felipe Fernandes, chefe de an\u00e1lise da Flip Investimentos, o papel sofreu alguns cortes de recomenda\u00e7\u00e3o por parte de alguns bancos, mas o que mais pressionou a a\u00e7\u00e3o foi a queda do <a href=\"https:\/\/investnews.com.br\/economia\/minerio-de-ferro-tem-minima-de-quase-5-meses-na-china\/\" target=\"_blank\" aria-label=\"min\u00e9rio de ferro (opens in a new tab)\" rel=\"noreferrer noopener\" class=\"rank-math-link\">min\u00e9rio de ferro<\/a> ap\u00f3s restri\u00e7\u00f5es do governo chin\u00eas.<\/p>\n\n\n\n<p>Nesta ter\u00e7a-feira (31), a tonelada de min\u00e9rio de ferro fechou cotada a US$ 153,67 no porto de Qingd\u00e3o. &#8220;O controle das cota\u00e7\u00f5es no mercado futuro provocou limita\u00e7\u00f5es para as pessoas f\u00edsicas negociarem no exterior e um cen\u00e1rio pessimista para a companhia&#8221;, aponta. <\/p>\n\n\n\n<p>A segunda maior baixa de agosto foi da <strong>Via <\/strong><a aria-label=\"(VIIA3)  (opens in a new tab)\" rel=\"noreferrer noopener\" href=\"https:\/\/investnews.com.br\/cotacao\/viia3-via-varejo\/\" target=\"_blank\" class=\"rank-math-link\">(VIIA3)<\/a> que recuou <strong>17,47%<\/strong>. Para Fernandes a <a href=\"https:\/\/investnews.com.br\/financas\/via-muda-codigo-na-bolsa-para-viia3-a-partir-desta-segunda-feira\/\" target=\"_blank\" aria-label=\"companhia  (opens in a new tab)\" rel=\"noreferrer noopener\" class=\"rank-math-link\">companhia <\/a>teve um resultado bom no segundo trimestre, dobrando praticamente seu lucro na compara\u00e7\u00e3o anual, somado as metas ambiciosas de dar cr\u00e9dito para desbancarizados, no entanto isso n\u00e3o foi suficiente para superar os impactos da retomada lenta da economia brasileira e os efeitos da variante delta da covid-19. <\/p>\n\n\n\n<p>Na terceira posi\u00e7\u00e3o, a <strong>Ultrapar<\/strong> <a aria-label=\"(UGPA3) (opens in a new tab)\" rel=\"noreferrer noopener\" href=\"https:\/\/investnews.com.br\/cotacao\/ugpa3-ultrapar\/\" target=\"_blank\" class=\"rank-math-link\">(UGPA3)<\/a> caiu <strong>17,25%<\/strong>. A <a href=\"https:\/\/investnews.com.br\/negocios\/ultrapar-deve-terminar-ano-com-novo-portfolio-de-ativos\/\" target=\"_blank\" aria-label=\"companhia (opens in a new tab)\" rel=\"noreferrer noopener\" class=\"rank-math-link\">companhia<\/a> teve preju\u00edzo de R$ 18 milh\u00f5es no segundo trimestre de 2021, revertendo lucro de R$ 50 milh\u00f5es no mesmo per\u00edodo em 2020. <\/p>\n\n\n\n<p>Fernandes aponta que com margens menores do que as concorrentes <strong>Vibra<\/strong> <a aria-label=\"(BRDT3) (opens in a new tab)\" rel=\"noreferrer noopener\" href=\"https:\/\/investnews.com.br\/cotacao\/brdt3-br-distribuidora\/\" target=\"_blank\" class=\"rank-math-link\">(BRDT3)<\/a> e <strong>Cosan<\/strong> <a aria-label=\"(CSAN3) (opens in a new tab)\" rel=\"noreferrer noopener\" href=\"https:\/\/investnews.com.br\/cotacao\/csan3-cosan\/\" target=\"_blank\" class=\"rank-math-link\">(CSAN3)<\/a>, a companhia acaba sendo pressionada pelo mercado, que optou por penalizar a a\u00e7\u00e3o. <\/p>\n\n\n\n<p>Ainda entre as baixas, a <strong>Qualicorp<\/strong> <a aria-label=\"(QUAL3)  (opens in a new tab)\" rel=\"noreferrer noopener\" class=\"rank-math-link\" href=\"https:\/\/investnews.com.br\/cotacao\/qual3-qualicorp\/\" target=\"_blank\">(QUAL3)<\/a> acumulou desvaloriza\u00e7\u00e3o de<strong> 17,01%<\/strong> em agosto. A empresa foi impactada pela perda dos clientes ap\u00f3s repassar reajuste de pre\u00e7os por conta da infla\u00e7\u00e3o nos planos. Fernandes cita tamb\u00e9m a diminui\u00e7\u00e3o de margens da companhia em fun\u00e7\u00e3o dos gastos da <a href=\"https:\/\/investnews.com.br\/boletim-investnews\/qualicorp-por-que-a-acao-desabou-apos-balanco\/\" target=\"_blank\" aria-label=\"Qualicorp  (opens in a new tab)\" rel=\"noreferrer noopener\" class=\"rank-math-link\">Qualicorp <\/a>com marketing, custo que \u00e9 questionado pelo mercado e preocupa os investidores. <\/p>\n\n\n\n<h3 class=\"wp-block-heading\">Veja as 10 maiores quedas do m\u00eas de agosto*<\/h3>\n\n\n\n<figure class=\"wp-block-table\"><table class=\"has-subtle-pale-pink-background-color has-fixed-layout has-background\"><tbody><tr><td><strong>A\u00e7\u00e3o<\/strong><\/td><td><strong>Queda<\/strong><\/td><\/tr><tr><td>CSN (CSNA3)<\/td><td>-23,35%<\/td><\/tr><tr><td>Via (VIIA3)<\/td><td>-17,47%<\/td><\/tr><tr><td>Ultrapar (UGPA3)<\/td><td>-17,25%<\/td><\/tr><tr><td>Qualicorp (QUAL3)<\/td><td>-17,01%<\/td><\/tr><tr><td>Iguatemi (IGTA3)<\/td><td>-16,26%<\/td><\/tr><tr><td>Lojas Americanas (LAME4)<\/td><td>-15,94%<\/td><\/tr><tr><td>Americanas SA (AMER3)<\/td><td>-15,76%<\/td><\/tr><tr><td>Bradespar (BRAP4)<\/td><td>-14,62%<\/td><\/tr><tr><td>Cielo (CIEL3)<\/td><td>-14,58%<\/td><\/tr><tr><td>Cosan (CSAN3)<\/td><td>-13,7%<\/td><\/tr><\/tbody><\/table><\/figure>\n\n\n\n<p> <strong>*Fonte: Valor Pro<\/strong> <\/p>\n\n\n\n<ul class=\"wp-block-list\"><li>\u00c9 hora de <a href=\"https:\/\/investnews.com.br\/guias\/como-investir-em-acoes\/\">investir em a\u00e7\u00f5es<\/a> de <a href=\"https:\/\/investnews.com.br\/financas\/crise-hidrica-acoes-de-energia-eolica-e-solar\/\">energia alternativa<\/a>?<\/li><\/ul>\n","protected":false},"excerpt":{"rendered":"<p>Companhia encontrou suporte na sua nova linha de neg\u00f3cios focada em &#8216;carros voadores&#8217;; queda do min\u00e9rio impactou commodities. <\/p>\n","protected":false},"author":18,"featured_media":271132,"comment_status":"closed","ping_status":"open","sticky":false,"template":"","format":"standard","meta":{"_acf_changed":false,"inline_featured_image":false,"footnotes":""},"categories":[4],"tags":[169,177],"autor-wsj":[],"coauthors":[1500],"class_list":["post-273044","post","type-post","status-publish","format-standard","has-post-thumbnail","hentry","category-financas","tag-csn","tag-embraer"],"acf":[],"amp_enabled":true,"_links":{"self":[{"href":"https:\/\/investnews.com.br\/inv-api\/wp\/v2\/posts\/273044","targetHints":{"allow":["GET"]}}],"collection":[{"href":"https:\/\/investnews.com.br\/inv-api\/wp\/v2\/posts"}],"about":[{"href":"https:\/\/investnews.com.br\/inv-api\/wp\/v2\/types\/post"}],"author":[{"embeddable":true,"href":"https:\/\/investnews.com.br\/inv-api\/wp\/v2\/users\/18"}],"replies":[{"embeddable":true,"href":"https:\/\/investnews.com.br\/inv-api\/wp\/v2\/comments?post=273044"}],"version-history":[{"count":22,"href":"https:\/\/investnews.com.br\/inv-api\/wp\/v2\/posts\/273044\/revisions"}],"predecessor-version":[{"id":275977,"href":"https:\/\/investnews.com.br\/inv-api\/wp\/v2\/posts\/273044\/revisions\/275977"}],"wp:featuredmedia":[{"embeddable":true,"href":"https:\/\/investnews.com.br\/inv-api\/wp\/v2\/media\/271132"}],"wp:attachment":[{"href":"https:\/\/investnews.com.br\/inv-api\/wp\/v2\/media?parent=273044"}],"wp:term":[{"taxonomy":"category","embeddable":true,"href":"https:\/\/investnews.com.br\/inv-api\/wp\/v2\/categories?post=273044"},{"taxonomy":"post_tag","embeddable":true,"href":"https:\/\/investnews.com.br\/inv-api\/wp\/v2\/tags?post=273044"},{"taxonomy":"autor-wsj","embeddable":true,"href":"https:\/\/investnews.com.br\/inv-api\/wp\/v2\/autor-wsj?post=273044"},{"taxonomy":"author","embeddable":true,"href":"https:\/\/investnews.com.br\/inv-api\/wp\/v2\/coauthors?post=273044"}],"curies":[{"name":"wp","href":"https:\/\/api.w.org\/{rel}","templated":true}]}}