{"id":273120,"date":"2021-08-31T20:51:47","date_gmt":"2021-08-31T23:51:47","guid":{"rendered":"https:\/\/investnews.com.br\/?p=273120"},"modified":"2024-06-26T11:57:25","modified_gmt":"2024-06-26T14:57:25","slug":"ficou-sabendo-tarifa-de-energia-sobe-678-transferencia-de-jogadores-e-cobra","status":"publish","type":"post","link":"https:\/\/investnews.com.br\/economia\/ficou-sabendo-tarifa-de-energia-sobe-678-transferencia-de-jogadores-e-cobra\/","title":{"rendered":"Ficou Sabendo? Tarifa de energia sobe 6,78%, transfer\u00eancia de jogadores e cobra"},"content":{"rendered":"\n<h2 class=\"wp-block-heading\">Em 10 anos, clubes gastaram US$ 48,5 bi com transfer\u00eancia de jogadores<\/h2>\n\n\n\n<p>O gasto com taxas de&nbsp;transfer\u00eancias&nbsp;internacionais de&nbsp;<a aria-label=\"jogadores de futebol (opens in a new tab)\" rel=\"noreferrer noopener\" class=\"rank-math-link\" href=\"https:\/\/investnews.com.br\/cafeina\/e-a-era-da-tokenizacao-dos-times-de-futebol-cbf-cria-nft-e-criptomoeda-propria\/\" target=\"_blank\">jogadores de futebol<\/a>&nbsp;na \u00faltima d\u00e9cada saltou 180%. <\/p>\n\n\n\n<p>No total,&nbsp;US$&nbsp;48,5 bilh\u00f5es&nbsp;foram despendidos em transfer\u00eancias internacionais neste per\u00edodo, e os&nbsp;30 clubes que mais gastaram s\u00e3o todos da Europa. Os&nbsp;<a aria-label=\"jogadores brasileiros (opens in a new tab)\" rel=\"noreferrer noopener\" class=\"rank-math-link\" href=\"https:\/\/investnews.com.br\/geral\/pele-fara-ipo-humano\/\" target=\"_blank\">jogadores brasileiros<\/a> foram os que mais se transferiram de pa\u00eds. <\/p>\n\n\n\n<h2 class=\"wp-block-heading\">Com bandeira &#8220;Escassez H\u00eddrica&#8221;, tarifa m\u00e9dia de energia deve subir mais 6,78%<\/h2>\n\n\n\n<p>A C\u00e2mara de Regras Excepcionais para Gest\u00e3o Hidroenerg\u00e9tica (Creg) determinou nesta ter\u00e7a-feira que a ag\u00eancia reguladora <a aria-label=\"Aneel  (opens in a new tab)\" rel=\"noreferrer noopener\" class=\"rank-math-link\" href=\"https:\/\/investnews.com.br\/economia\/aneel-mantem-bandeira-vermelha-patamar-2-em-setembro\/\" target=\"_blank\">Aneel <\/a>implemente a bandeira tarif\u00e1ria &#8220;Escassez H\u00eddrica&#8221;, que <strong>trar\u00e1 aumento adicional de 6,78% na tarifa m\u00e9dia dos consumidores regulados<\/strong>, informou o Minist\u00e9rio de Minas e Energia em nota.<\/p>\n\n\n\n<p>O novo patamar da bandeira, segundo a pasta, ter\u00e1 valor de R$ 14,20 a cada 100 kWh consumidos, com vig\u00eancia de 1\u00ba de setembro de 2021 a 30 de abril de 2022.<\/p>\n\n\n\n<p>&#8220;A nova bandeira \u00e9 fruto do custo mais elevado para gera\u00e7\u00e3o de energia&#8221;, pontuou o ministro de Minas e Energia, Bento Albuquerque, durante coletiva de imprensa para detalhar medidas do governo que visam garantir o abastecimento el\u00e9trico do pa\u00eds em meio \u00e0 maior <a aria-label=\"crise h\u00eddrica (opens in a new tab)\" rel=\"noreferrer noopener\" class=\"rank-math-link\" href=\"https:\/\/investnews.com.br\/financas\/crise-hidrica-quais-acoes-sao-impactadas-pela-pior-seca-em-quase-100-anos\/\" target=\"_blank\">crise h\u00eddrica<\/a> em reservat\u00f3rios de hidrel\u00e9tricas em mais de 90 anos.<\/p>\n\n\n\n<p>O custo da bandeira n\u00e3o inclui as revis\u00f5es das tarifas das distribuidoras, por exemplo. Mais cedo neste m\u00eas, o minist\u00e9rio havia estimado que os reajustes das <a aria-label=\"contas de luz (opens in a new tab)\" rel=\"noreferrer noopener\" class=\"rank-math-link\" href=\"https:\/\/investnews.com.br\/financas\/taxa-extra-da-conta-de-luz-pode-ate-dobrar\/\" target=\"_blank\">contas de luz<\/a> ter\u00e3o alta de pouco mais de 8% em 2021, um n\u00edvel que j\u00e1 tem pressionado \u00edndices inflacion\u00e1rios.<\/p>\n\n\n\n<p>A baixa gera\u00e7\u00e3o da principal fonte de energia do pa\u00eds levou o governo elevar gastos com importa\u00e7\u00e3o de energia e acionamento de t\u00e9rmicas mais caras para aumentar a oferta, al\u00e9m de lan\u00e7ar programas que visam reduzir o consumo, em meio a uma recupera\u00e7\u00e3o econ\u00f4mica ap\u00f3s danos mais fortes da pandemia de Covid-19 no ano passado.<\/p>\n\n\n\n<p>A bandeira &#8220;Escassez H\u00eddrica&#8221; representa alta de 49,6% na compara\u00e7\u00e3o com o valor da bandeira vermelha patamar 2, que previa custo extra de 9,49 reais por cada 100 kWh consumidos.<\/p>\n\n\n\n<p>O governo pontuou, no entanto, que consumidores de baixa renda que aderem \u00e0 tarifa social n\u00e3o ser\u00e3o afetados pelas novas regras da bandeira tarif\u00e1ria, sendo mantido o valor atual.<\/p>\n\n\n\n<h2 class=\"wp-block-heading\">Veneno da cobra jararacu\u00e7u inibe coronav\u00edrus<\/h2>\n\n\n\n<p> De acordo com uma pesquisa brasileira publicada na revista cient\u00edfica Molecules, a mol\u00e9cula extra\u00edda do veneno da cobra jararacu\u00e7u inibiu a reprodu\u00e7\u00e3o do&nbsp;<strong>coronav\u00edrus<\/strong>&nbsp;em 75%. <\/p>\n\n\n\n<p>O teste foi realizado em c\u00e9lulas de macaco. Os pesquisadores da USP, Unesp, Unifesp e UFSCar agora v\u00e3o avaliar a efici\u00eancia de diferentes dosagens da mol\u00e9cula, assim como se ela pode exercer outras fun\u00e7\u00f5es nas c\u00e9lulas. <\/p>\n\n\n\n<p><em>*Com informa\u00e7\u00f5es da Reuters<\/em><\/p>\n\n\n\n<h4 class=\"wp-block-heading\">Veja tamb\u00e9m<\/h4>\n\n\n\n<ul class=\"wp-block-list\"><li>\u2018\u00cdndice do medo\u2019 dispara mais de 30% com <a href=\"https:\/\/investnews.com.br\/financas\/indice-do-medo-dispara-mais-de-30-com-nova-variante-da-covid-19\/\" class=\"rank-math-link\">nova variante da covid-19<\/a><\/li><li>\u00c9 hora de <a href=\"https:\/\/investnews.com.br\/guias\/como-investir-em-acoes\/\">investir em a\u00e7\u00f5es<\/a> de <a href=\"https:\/\/investnews.com.br\/financas\/crise-hidrica-acoes-de-energia-eolica-e-solar\/\">energia alternativa<\/a>?<\/li><li><a rel=\"noreferrer noopener\" target=\"_blank\" href=\"https:\/\/investnews.com.br\/cafeina\/como-investir-em-commodities\/\">Como investir em commodities<\/a>?<\/li><li><a rel=\"noreferrer noopener\" target=\"_blank\" href=\"https:\/\/investnews.com.br\/financas\/investir-no-brasil-morando-no-exterior\/\">Investir no Brasil morando no exterior<\/a>? Conhe\u00e7a as regras e saiba como fazer<\/li><li>Por que o\u00a0<a rel=\"noreferrer noopener\" target=\"_blank\" href=\"https:\/\/investnews.com.br\/mais-investnews\/por-que-o-preco-da-gasolina-so-aumenta\/\">pre\u00e7o da gasolina<\/a>\u00a0s\u00f3 aumenta?<\/li><\/ul>\n","protected":false},"excerpt":{"rendered":"<p>Tarifa &#8220;escassez h\u00eddrica&#8221; come\u00e7a em setembro e vai at\u00e9 o final de abril de 2022, o valor \u00e9 de R$ 14,20 a cada 100 kWh consumidos. <\/p>\n","protected":false},"author":7,"featured_media":273121,"comment_status":"closed","ping_status":"open","sticky":false,"template":"","format":"standard","meta":{"_acf_changed":false,"inline_featured_image":false,"footnotes":""},"categories":[5],"tags":[1011,404],"autor-wsj":[],"coauthors":[1494],"class_list":["post-273120","post","type-post","status-publish","format-standard","has-post-thumbnail","hentry","category-economia","tag-conta-de-luz","tag-coronavirus"],"acf":[],"amp_enabled":true,"_links":{"self":[{"href":"https:\/\/investnews.com.br\/inv-api\/wp\/v2\/posts\/273120","targetHints":{"allow":["GET"]}}],"collection":[{"href":"https:\/\/investnews.com.br\/inv-api\/wp\/v2\/posts"}],"about":[{"href":"https:\/\/investnews.com.br\/inv-api\/wp\/v2\/types\/post"}],"author":[{"embeddable":true,"href":"https:\/\/investnews.com.br\/inv-api\/wp\/v2\/users\/7"}],"replies":[{"embeddable":true,"href":"https:\/\/investnews.com.br\/inv-api\/wp\/v2\/comments?post=273120"}],"version-history":[{"count":5,"href":"https:\/\/investnews.com.br\/inv-api\/wp\/v2\/posts\/273120\/revisions"}],"predecessor-version":[{"id":290374,"href":"https:\/\/investnews.com.br\/inv-api\/wp\/v2\/posts\/273120\/revisions\/290374"}],"wp:featuredmedia":[{"embeddable":true,"href":"https:\/\/investnews.com.br\/inv-api\/wp\/v2\/media\/273121"}],"wp:attachment":[{"href":"https:\/\/investnews.com.br\/inv-api\/wp\/v2\/media?parent=273120"}],"wp:term":[{"taxonomy":"category","embeddable":true,"href":"https:\/\/investnews.com.br\/inv-api\/wp\/v2\/categories?post=273120"},{"taxonomy":"post_tag","embeddable":true,"href":"https:\/\/investnews.com.br\/inv-api\/wp\/v2\/tags?post=273120"},{"taxonomy":"autor-wsj","embeddable":true,"href":"https:\/\/investnews.com.br\/inv-api\/wp\/v2\/autor-wsj?post=273120"},{"taxonomy":"author","embeddable":true,"href":"https:\/\/investnews.com.br\/inv-api\/wp\/v2\/coauthors?post=273120"}],"curies":[{"name":"wp","href":"https:\/\/api.w.org\/{rel}","templated":true}]}}