{"id":273490,"date":"2021-09-01T23:03:43","date_gmt":"2021-09-02T02:03:43","guid":{"rendered":"https:\/\/investnews.com.br\/?p=273490"},"modified":"2026-03-30T14:09:41","modified_gmt":"2026-03-30T17:09:41","slug":"empresarios-enviam-novo-pedido-pela-volta-do-horario-de-verao-a-bolsonaro","status":"publish","type":"post","link":"https:\/\/investnews.com.br\/economia\/empresarios-enviam-novo-pedido-pela-volta-do-horario-de-verao-a-bolsonaro\/","title":{"rendered":"Empres\u00e1rios enviam novo pedido pela volta do hor\u00e1rio de ver\u00e3o a Bolsonaro"},"content":{"rendered":"\n<p>Sem uma posi\u00e7\u00e3o oficial do governo h\u00e1 dois meses,<strong> associa\u00e7\u00f5es dos setores de alimenta\u00e7\u00e3o, turismo e com\u00e9rcio<\/strong> enviaram um novo pedido ao presidente Jair Bolsonaro pela volta do hor\u00e1rio de ver\u00e3o. No documento enviado na noite desta quarta-feira (1\u00ba), as entidades argumentam que qualquer economia de energia seria relevante diante da gravidade da<strong> crise h\u00eddrica<\/strong> que o pa\u00eds enfrenta. Tamb\u00e9m alegam que a ado\u00e7\u00e3o do mecanismo pode beneficiar os setores que representam.<\/p>\n\n\n\n<p>O hor\u00e1rio de ver\u00e3o foi extinto por Bolsonaro em 2019. \u00c0 \u00e9poca, estudo do Minist\u00e9rio de Minas e Energia (MME) apontou que n\u00e3o havia mais <strong>economia de energia<\/strong> t\u00e3o relevante. Isso porque como o calor \u00e9 mais intenso no fim da manh\u00e3 e in\u00edcio da tarde, os picos de consumo aumentam nesse hor\u00e1rio durante o ver\u00e3o, pois as pessoas usam mais o ar-condicionado. Com a crise h\u00eddrica, especialistas em setor el\u00e9trico voltaram a defender a medida, sob argumento de que mesmo uma pequena economia de energia pode contribuir.<\/p>\n\n\n\n<p>&#8220;Como \u00e9 sabido, estamos diante de uma intensa crise h\u00eddrica agravada pela escassez de chuvas, situa\u00e7\u00e3o que coloca em risco o fornecimento de energia el\u00e9trica em parte do Brasil. S\u00e3o muitos os desafios para mitigar o problema e qualquer economia energ\u00e9tica se torna agora ainda mais relevante&#8221;, diz o documento. &#8220;O retorno do hor\u00e1rio de ver\u00e3o \u00e9 mais um gesto na dire\u00e7\u00e3o de sinalizar para a sociedade a import\u00e2ncia de cada um dar sua contribui\u00e7\u00e3o na economia de energia.&#8221;<\/p>\n\n\n\n<p>Um pedido semelhante foi enviado ao presidente Jair Bolsonaro no final do m\u00eas de junho, mas n\u00e3o houve retorno. O movimento atraiu at\u00e9 mesmo o apoio do empres\u00e1rio bolsonarista Luciano Hang, dono das lojas Havan. Apoiador do presidente, ele se manifestou favoravelmente ao retorno do hor\u00e1rio de ver\u00e3o pelas redes sociais.<\/p>\n\n\n\n<p>De acordo com o documento, a ado\u00e7\u00e3o do hor\u00e1rio diferenciado pode contribuir para setores ligados ao com\u00e9rcio, servi\u00e7os e turismo, especialmente bares e restaurantes, &#8220;que conseguem aproveitar a hora extra de luz do sol para incrementar o faturamento, com aumento da procura por happy hours&#8221;.<\/p>\n\n\n\n<p>As associa\u00e7\u00f5es alegam que um incremento no faturamento far\u00e1 &#8220;enorme diferen\u00e7a&#8221;, j\u00e1 que as empresas amargaram preju\u00edzos por conta de medidas adotadas durante a pandemia da covid-19. &#8220;As restri\u00e7\u00f5es de funcionamento adotadas por estados e munic\u00edpios durante a pandemia acabaram se prolongando al\u00e9m do imaginado e gerando mais dificuldades para o setor de bares e restaurantes, no qual 37% das empresas est\u00e3o atualmente operando no preju\u00edzo.&#8221;<\/p>\n\n\n\n<p>Veja tamb\u00e9m<\/p>\n\n\n\n<ul class=\"wp-block-list\">\n<li>C\u00e2mara aprova texto-base do projeto de <a class=\"rank-math-link\" href=\"https:\/\/investnews.com.br\/economia\/camara-aprova-texto-base-do-projeto-de-reforma-do-imposto-de-renda\/\">reforma do Imposto de Renda<\/a><\/li>\n\n\n\n<li>Reforma tribut\u00e1ria deixa\u00a0<a href=\"https:\/\/investnews.com.br\/financas\/reforma-tributaria-deixa-dividendos-isentos-em-ate-r-20-mil-nao-e-verdade\/\" target=\"_blank\" rel=\"noreferrer noopener\">dividendos isentos<\/a>\u00a0em at\u00e9 R$ 20 mil? N\u00e3o \u00e9 verdade<\/li>\n\n\n\n<li>\u00c9 hora de <a href=\"https:\/\/investnews.com.br\/guias\/como-investir-em-acoes\/\">investir em a\u00e7\u00f5es<\/a> de <a class=\"rank-math-link\" href=\"https:\/\/investnews.com.br\/financas\/crise-hidrica-acoes-de-energia-eolica-e-solar\/\">energia alternativa<\/a>?<\/li>\n\n\n\n<li><a href=\"https:\/\/investnews.com.br\/economia\/pib-ranking-2-tri-2021\/\" target=\"_blank\" rel=\"noreferrer noopener\">PIB<\/a>: ranking mostra quais pa\u00edses cresceram enquanto Brasil andou de lado<\/li>\n\n\n\n<li><a href=\"https:\/\/investnews.com.br\/financas\/aposentadoria-4-investimentos-indicados-por-analistas-para-planejar-o-futuro\/\" target=\"_blank\" rel=\"noreferrer noopener\">Aposentadoria<\/a>: 4 investimentos indicados por analistas para planejar o futuro<\/li>\n\n\n\n<li>PIB tem agro negativo, mas na bolsa\u00a0<a href=\"https:\/\/investnews.com.br\/boletim-investnews\/pib-tem-agro-negativo-mas-na-bolsa-brasil-agro-e-slc-agricola-disparam-entenda\/\" target=\"_blank\" rel=\"noreferrer noopener\">Brasil Agro\u00a0<\/a>e<a href=\"https:\/\/investnews.com.br\/boletim-investnews\/pib-tem-agro-negativo-mas-na-bolsa-brasil-agro-e-slc-agricola-disparam-entenda\/\" target=\"_blank\" rel=\"noreferrer noopener\">\u00a0SLC Agr\u00edcola<\/a>\u00a0disparam; entenda<\/li>\n\n\n\n<li><a href=\"https:\/\/investnews.com.br\/economia\/balanca-comercial-tem-superavit-recorde-para-agosto-de-us-77-bi\/\" target=\"_blank\" rel=\"noreferrer noopener\">Balan\u00e7a comercial\u00a0<\/a>tem super\u00e1vit recorde para agosto, de US$ 7,7 bi<\/li>\n<\/ul>\n","protected":false},"excerpt":{"rendered":"<p>Entidades argumentam que qualquer economia de energia seria relevante diante da gravidade da crise h\u00eddrica.<\/p>\n","protected":false},"author":7,"featured_media":250299,"comment_status":"closed","ping_status":"open","sticky":false,"template":"","format":"standard","meta":{"_acf_changed":false,"inline_featured_image":false,"footnotes":""},"categories":[5],"tags":[824,234,1520],"autor-wsj":[],"coauthors":[1494],"class_list":["post-273490","post","type-post","status-publish","format-standard","has-post-thumbnail","hentry","category-economia","tag-energia","tag-jair-bolsonaro","tag-ministerio-de-minas-e-energia"],"acf":[],"amp_enabled":true,"_links":{"self":[{"href":"https:\/\/investnews.com.br\/inv-api\/wp\/v2\/posts\/273490","targetHints":{"allow":["GET"]}}],"collection":[{"href":"https:\/\/investnews.com.br\/inv-api\/wp\/v2\/posts"}],"about":[{"href":"https:\/\/investnews.com.br\/inv-api\/wp\/v2\/types\/post"}],"author":[{"embeddable":true,"href":"https:\/\/investnews.com.br\/inv-api\/wp\/v2\/users\/7"}],"replies":[{"embeddable":true,"href":"https:\/\/investnews.com.br\/inv-api\/wp\/v2\/comments?post=273490"}],"version-history":[{"count":3,"href":"https:\/\/investnews.com.br\/inv-api\/wp\/v2\/posts\/273490\/revisions"}],"predecessor-version":[{"id":775128,"href":"https:\/\/investnews.com.br\/inv-api\/wp\/v2\/posts\/273490\/revisions\/775128"}],"wp:featuredmedia":[{"embeddable":true,"href":"https:\/\/investnews.com.br\/inv-api\/wp\/v2\/media\/250299"}],"wp:attachment":[{"href":"https:\/\/investnews.com.br\/inv-api\/wp\/v2\/media?parent=273490"}],"wp:term":[{"taxonomy":"category","embeddable":true,"href":"https:\/\/investnews.com.br\/inv-api\/wp\/v2\/categories?post=273490"},{"taxonomy":"post_tag","embeddable":true,"href":"https:\/\/investnews.com.br\/inv-api\/wp\/v2\/tags?post=273490"},{"taxonomy":"autor-wsj","embeddable":true,"href":"https:\/\/investnews.com.br\/inv-api\/wp\/v2\/autor-wsj?post=273490"},{"taxonomy":"author","embeddable":true,"href":"https:\/\/investnews.com.br\/inv-api\/wp\/v2\/coauthors?post=273490"}],"curies":[{"name":"wp","href":"https:\/\/api.w.org\/{rel}","templated":true}]}}