{"id":273814,"date":"2021-09-02T19:02:26","date_gmt":"2021-09-02T22:02:26","guid":{"rendered":"https:\/\/investnews.com.br\/?p=273814"},"modified":"2026-03-30T14:12:00","modified_gmt":"2026-03-30T17:12:00","slug":"centrais-eolicas-da-engie-na-bahia-iniciam-operacao-comercial","status":"publish","type":"post","link":"https:\/\/investnews.com.br\/negocios\/centrais-eolicas-da-engie-na-bahia-iniciam-operacao-comercial\/","title":{"rendered":"Centrais e\u00f3licas da Engie na Bahia iniciam opera\u00e7\u00e3o comercial"},"content":{"rendered":"\n<p>A<strong> Engie Brasil Energia<\/strong>&nbsp;<a rel=\"noreferrer noopener\" href=\"https:\/\/investnews.com.br\/cotacao\/egie3-engie-brasil\/\" target=\"_blank\">(EGIE3)<\/a> informou na noite desta quinta-feira (02) que a opera\u00e7\u00e3o comercial das tr\u00eas \u00faltimas das 11 centrais e\u00f3licas de Campo Largo II, na Bahia, foi autorizada pela Ag\u00eancia Nacional de Energia El\u00e9trica (Aneel) para funcionamento a partir de hoje.  <\/p>\n\n\n\n<p>\u201cAs sinergias existentes na regi\u00e3o, entre elas a utiliza\u00e7\u00e3o da mesma subesta\u00e7\u00e3o, linha de  transmiss\u00e3o, infraestrutura de canteiro e acesso  internos, possibilitaram a acelera\u00e7\u00e3o da entrega deste empreendimento. Al\u00e9m disso, mesmo diante da pandemia por covid-19, o alto comprometimento e a experi\u00eancia dos nossos times em campo foram diferenciais na gest\u00e3o deste projeto em meio a tantos desafios\u201d, afirmou Eduardo Sattamini, diretor-presidente e de rela\u00e7\u00f5es com investidores da empresa em nota.<\/p>\n\n\n\n<p>O Campo Largo II conta com 361,2 megawatts de capacidade instalada total e est\u00e1 localizada em Umburanas, a aproximadamente 420 km da Cidade de Salvador, na Bahia, mesma regi\u00e3o onde a companhia j\u00e1 opera comercialmente os conjuntos e\u00f3licos Campo Largo e Umburanas.<\/p>\n\n\n\n<p>Segundo a Engie, com a entrada em opera\u00e7\u00e3o comercial da totalidade de Campo Largo II, o parque gerador passou a contar com 1.262,6 megawatts de capacidade instalada de energia e\u00f3lica, somando 49 centrais e\u00f3licas em opera\u00e7\u00e3o comercial.<\/p>\n\n\n\n<p>Veja tamb\u00e9m<\/p>\n\n\n\n<ul class=\"wp-block-list\">\n<li><a href=\"https:\/\/investnews.com.br\/economia\/preco-da-gasolina-acumulado-2021\/\" target=\"_blank\" rel=\"noreferrer noopener\">Pre\u00e7o da gasolina<\/a>\u00a0j\u00e1 subiu mais de 32% nos postos em 2021; veja comparativo<\/li>\n\n\n\n<li>De bons <a href=\"https:\/\/investnews.com.br\/guias\/dividendos-o-que-sao-como-funcionam\/\">dividendos<\/a> a inger\u00eancia pol\u00edtica: pr\u00f3s e contras de\u00a0<a href=\"https:\/\/investnews.com.br\/cafeina\/de-bons-dividendos-a-ingerencia-politica-pros-e-contras-de-investir-em-estatais\/\" target=\"_blank\" rel=\"noreferrer noopener\">investir em estatais<\/a><\/li>\n\n\n\n<li><a href=\"https:\/\/investnews.com.br\/economia\/reforma-ir-ponto-a-ponto-texto-aprovado-na-camara\/\" target=\"_blank\" rel=\"noreferrer noopener\">Reforma do Imposto de Renda<\/a>: veja ponto a ponto o que foi aprovado na C\u00e2mara<\/li>\n\n\n\n<li><a href=\"https:\/\/investnews.com.br\/financas\/conta-de-luz-entenda-nova-bandeira-tarifaria\/\" target=\"_blank\" rel=\"noreferrer noopener\">Conta de luz<\/a>: entenda como funciona a nova bandeira tarif\u00e1ria<\/li>\n\n\n\n<li>Investir em\u00a0<a href=\"https:\/\/www.youtube.com\/watch?v=GKgbvST3MX4&amp;ab_channel=InvestNewsBR\" target=\"_blank\" rel=\"noreferrer noopener\">a\u00e7\u00f5es de estatais<\/a>\u00a0ou de empresas privadas?<\/li>\n<\/ul>\n","protected":false},"excerpt":{"rendered":"<p>Opera\u00e7\u00e3o das tr\u00eas \u00faltimas das 11 centrais e\u00f3licas de Campo Largo II foi autorizada pela Aneel.<\/p>\n","protected":false},"author":53,"featured_media":265208,"comment_status":"closed","ping_status":"open","sticky":false,"template":"","format":"standard","meta":{"_acf_changed":false,"inline_featured_image":false,"footnotes":""},"categories":[6],"tags":[],"autor-wsj":[],"coauthors":[2433],"class_list":["post-273814","post","type-post","status-publish","format-standard","has-post-thumbnail","hentry","category-negocios"],"acf":[],"amp_enabled":true,"_links":{"self":[{"href":"https:\/\/investnews.com.br\/inv-api\/wp\/v2\/posts\/273814","targetHints":{"allow":["GET"]}}],"collection":[{"href":"https:\/\/investnews.com.br\/inv-api\/wp\/v2\/posts"}],"about":[{"href":"https:\/\/investnews.com.br\/inv-api\/wp\/v2\/types\/post"}],"author":[{"embeddable":true,"href":"https:\/\/investnews.com.br\/inv-api\/wp\/v2\/users\/53"}],"replies":[{"embeddable":true,"href":"https:\/\/investnews.com.br\/inv-api\/wp\/v2\/comments?post=273814"}],"version-history":[{"count":8,"href":"https:\/\/investnews.com.br\/inv-api\/wp\/v2\/posts\/273814\/revisions"}],"predecessor-version":[{"id":775134,"href":"https:\/\/investnews.com.br\/inv-api\/wp\/v2\/posts\/273814\/revisions\/775134"}],"wp:featuredmedia":[{"embeddable":true,"href":"https:\/\/investnews.com.br\/inv-api\/wp\/v2\/media\/265208"}],"wp:attachment":[{"href":"https:\/\/investnews.com.br\/inv-api\/wp\/v2\/media?parent=273814"}],"wp:term":[{"taxonomy":"category","embeddable":true,"href":"https:\/\/investnews.com.br\/inv-api\/wp\/v2\/categories?post=273814"},{"taxonomy":"post_tag","embeddable":true,"href":"https:\/\/investnews.com.br\/inv-api\/wp\/v2\/tags?post=273814"},{"taxonomy":"autor-wsj","embeddable":true,"href":"https:\/\/investnews.com.br\/inv-api\/wp\/v2\/autor-wsj?post=273814"},{"taxonomy":"author","embeddable":true,"href":"https:\/\/investnews.com.br\/inv-api\/wp\/v2\/coauthors?post=273814"}],"curies":[{"name":"wp","href":"https:\/\/api.w.org\/{rel}","templated":true}]}}