{"id":274432,"date":"2021-09-06T15:30:30","date_gmt":"2021-09-06T18:30:30","guid":{"rendered":"https:\/\/investnews.com.br\/?p=274432"},"modified":"2025-11-27T14:11:34","modified_gmt":"2025-11-27T17:11:34","slug":"vida-apos-o-bce-comeca-o-debate-sobre-reducao-de-estimulo","status":"publish","type":"post","link":"https:\/\/investnews.com.br\/economia\/vida-apos-o-bce-comeca-o-debate-sobre-reducao-de-estimulo\/","title":{"rendered":"Vida ap\u00f3s o BCE? Come\u00e7a o debate sobre redu\u00e7\u00e3o de est\u00edmulo"},"content":{"rendered":"\n<p>Com a economia da zona do euro voltando \u00e0 vida, o <strong>Banco Central Europeu<\/strong> (BCE) vai debater a redu\u00e7\u00e3o de seu est\u00edmulo na quinta-feira (09), dando in\u00edcio a uma longa discuss\u00e3o sobre como desfazer as medidas de combate \u00e0 crise.<\/p>\n\n\n\n<p>O BCE forneceu suporte monet\u00e1rio recorde para a zona do euro desde o in\u00edcio da pandemia. Mas o crescimento econ\u00f4mico no bloco est\u00e1 agora s\u00f3lido, o desemprego est\u00e1 caindo e a infla\u00e7\u00e3o est\u00e1 em alta, abrindo espa\u00e7o para um debate que vai mapear a trajet\u00f3ria do banco nos pr\u00f3ximos anos.<\/p>\n\n\n\n<p>\u00c0 primeira vista, parece simples: <strong>a economia est\u00e1 de volta aos eixos e, mesmo se a pandemia persistir, a Europa aprendeu a viver com ela.<\/strong> Portanto, a crise acabou.<\/p>\n\n\n\n<p>Mas alguns dizem que essa \u00e9 uma crise sem precedentes e que uma redu\u00e7\u00e3o precipitada do suporte quando a pandemia est\u00e1 longe de acabar pode <strong>desfazer o trabalho do banco.<\/strong><\/p>\n\n\n\n<p>Al\u00e9m disso, o BCE tem ficado abaixo de sua meta para a infla\u00e7\u00e3o h\u00e1 quase uma d\u00e9cada, portanto os investidores j\u00e1 est\u00e3o duvidando de seu compromisso, tornando a retirada do suporte especialmente arriscada.<\/p>\n\n\n\n<p>A primeira decis\u00e3o, corte nas compras de t\u00edtulos, est\u00e1 prevista para quinta-feira e pode ser relativamente f\u00e1cil, mascarando divis\u00f5es mais profundas.<\/p>\n\n\n\n<p>De fato, autoridades conservadoras pressionaram para incluir o corte na agenda, gerando uma rea\u00e7\u00e3o apenas modesta do mercado, com os rendimentos avan\u00e7ando apenas um pouco ante m\u00ednimas de v\u00e1rios meses.<\/p>\n\n\n\n<p>O fato de nenhuma autoridade &#8220;dovish&#8221; &#8212; aqueles a favor do afrouxamento da pol\u00edtica monet\u00e1ria &#8212; ter discordado em p\u00fablico \u00e9 provavelmente uma indica\u00e7\u00e3o de que o movimento em si n\u00e3o ser\u00e1 controverso.<\/p>\n\n\n\n<p>Analistas consultados pela Reuters projetam que as compras sob o Programa de Compras Emergenciais da Pandemia (PEPP, na sigla em ingl\u00eas) devem cair para \u20ac 60 bilh\u00f5es por m\u00eas ante os atuais \u20ac 80 bilh\u00f5es, com nova redu\u00e7\u00e3o no come\u00e7o do pr\u00f3ximo ano e o fim do esquema em mar\u00e7o.<\/p>\n\n\n\n<p>Mas a mensagem que acompanha o movimento pode ser mais crucial. Autoridades &#8220;hawkish&#8221;, que s\u00e3o a favor do aperto monet\u00e1rio, ver\u00e3o isso como um primeiro passo na dire\u00e7\u00e3o da sa\u00edda do est\u00edmulo, enquanto os &#8220;dovish&#8221;, maioria no Conselho formado por 25 membros, v\u00e3o vend\u00ea-lo como um movimento apenas adicional e n\u00e3o o in\u00edcio da redu\u00e7\u00e3o de est\u00edmulos.<\/p>\n\n\n\n<p>Os &#8220;dovish&#8221; tamb\u00e9m devem enfatizar que mesmo que as medidas de emerg\u00eancia acabem em mar\u00e7o, outras ferramentas ser\u00e3o intensificadas, dado o fraco cen\u00e1rio inflacion\u00e1rio e o fato de que o BCE preferiria errar pela cautela com qualquer movimento adicional.<\/p>\n\n\n\n<p><strong>Veja tamb\u00e9m<\/strong><\/p>\n\n\n\n<ul class=\"wp-block-list\">\n<li>O que esperar da\u00a0<a href=\"https:\/\/investnews.com.br\/analise\/o-que-esperar-da-renda-fixa-em-setembro\/\" target=\"_blank\" rel=\"noreferrer noopener\">renda fixa em setembro<\/a>?<\/li>\n\n\n\n<li>O que faz do\u00a0<a href=\"https:\/\/investnews.com.br\/cafeina\/o-que-faz-do-xplg11-o-4o-maior-fii-em-numero-de-cotistas-na-bolsa\/\" target=\"_blank\" rel=\"noreferrer noopener\">XPLG11<\/a>\u00a0o 4\u00ba maior FII em n\u00famero de cotistas na bolsa?<\/li>\n\n\n\n<li><a href=\"https:\/\/investnews.com.br\/analistas-em-acao\/petrobras-meliuz-e-outras-acoes-indicadas-para-setembro\/\" target=\"_blank\" rel=\"noreferrer noopener\">Petrobras<\/a>, M\u00e9liuz e outras a\u00e7\u00f5es indicadas para setembro<\/li>\n\n\n\n<li><a href=\"https:\/\/investnews.com.br\/economia\/iptu-o-que-e-como-e-calculado\/\" target=\"_blank\" rel=\"noreferrer noopener\">IPTU<\/a>: o que \u00e9, como se calcula e qual a melhor forma de pagar?<\/li>\n\n\n\n<li>Como as\u00a0<a href=\"https:\/\/investnews.com.br\/financas\/manifestacoes-de-7-de-setembro-mercado\/\" target=\"_blank\" rel=\"noreferrer noopener\">manifesta\u00e7\u00f5es de 7 de setembro<\/a>\u00a0podem impactar o d\u00f3lar e a bolsa<\/li>\n\n\n\n<li>Quem vai comprar a\u00a0<a href=\"https:\/\/investnews.com.br\/negocios\/quem-vai-comprar-a-alliar-o-que-esta-em-jogo-na-disputa-pela-empresa\/\" target=\"_blank\" rel=\"noreferrer noopener\">Alliar<\/a>? O que est\u00e1 em jogo na disputa pela empresa<\/li>\n<\/ul>\n","protected":false},"excerpt":{"rendered":"<p>Redu\u00e7\u00e3o precipitada do suporte quando a pandemia est\u00e1 longe de acabar pode desfazer o trabalho do banco.<\/p>\n","protected":false},"author":51,"featured_media":274433,"comment_status":"closed","ping_status":"open","sticky":false,"template":"","format":"standard","meta":{"_acf_changed":false,"inline_featured_image":false,"footnotes":""},"categories":[5],"tags":[56,110444,227],"autor-wsj":[],"coauthors":[2425],"class_list":["post-274432","post","type-post","status-publish","format-standard","has-post-thumbnail","hentry","category-economia","tag-banco-central","tag-bce","tag-europa"],"acf":[],"amp_enabled":true,"_links":{"self":[{"href":"https:\/\/investnews.com.br\/inv-api\/wp\/v2\/posts\/274432","targetHints":{"allow":["GET"]}}],"collection":[{"href":"https:\/\/investnews.com.br\/inv-api\/wp\/v2\/posts"}],"about":[{"href":"https:\/\/investnews.com.br\/inv-api\/wp\/v2\/types\/post"}],"author":[{"embeddable":true,"href":"https:\/\/investnews.com.br\/inv-api\/wp\/v2\/users\/51"}],"replies":[{"embeddable":true,"href":"https:\/\/investnews.com.br\/inv-api\/wp\/v2\/comments?post=274432"}],"version-history":[{"count":2,"href":"https:\/\/investnews.com.br\/inv-api\/wp\/v2\/posts\/274432\/revisions"}],"predecessor-version":[{"id":737788,"href":"https:\/\/investnews.com.br\/inv-api\/wp\/v2\/posts\/274432\/revisions\/737788"}],"wp:featuredmedia":[{"embeddable":true,"href":"https:\/\/investnews.com.br\/inv-api\/wp\/v2\/media\/274433"}],"wp:attachment":[{"href":"https:\/\/investnews.com.br\/inv-api\/wp\/v2\/media?parent=274432"}],"wp:term":[{"taxonomy":"category","embeddable":true,"href":"https:\/\/investnews.com.br\/inv-api\/wp\/v2\/categories?post=274432"},{"taxonomy":"post_tag","embeddable":true,"href":"https:\/\/investnews.com.br\/inv-api\/wp\/v2\/tags?post=274432"},{"taxonomy":"autor-wsj","embeddable":true,"href":"https:\/\/investnews.com.br\/inv-api\/wp\/v2\/autor-wsj?post=274432"},{"taxonomy":"author","embeddable":true,"href":"https:\/\/investnews.com.br\/inv-api\/wp\/v2\/coauthors?post=274432"}],"curies":[{"name":"wp","href":"https:\/\/api.w.org\/{rel}","templated":true}]}}