{"id":274695,"date":"2021-09-08T18:19:47","date_gmt":"2021-09-08T21:19:47","guid":{"rendered":"https:\/\/investnews.com.br\/?p=274695"},"modified":"2024-06-24T12:08:06","modified_gmt":"2024-06-24T15:08:06","slug":"ressaca-pos-feriado-ibovespa-despenca-e-vai-aos-113-mil-pontos-o-que-fazer","status":"publish","type":"post","link":"https:\/\/investnews.com.br\/financas\/ressaca-pos-feriado-ibovespa-despenca-e-vai-aos-113-mil-pontos-o-que-fazer\/","title":{"rendered":"Ressaca p\u00f3s-feriado: Ibovespa despenca e vai aos 113 mil pontos; e agora?"},"content":{"rendered":"\n<figure class=\"wp-block-embed-youtube wp-block-embed is-type-video is-provider-youtube wp-embed-aspect-16-9 wp-has-aspect-ratio\"><div class=\"wp-block-embed__wrapper\">\n<iframe loading=\"lazy\" title=\"Ressaca p\u00f3s-feriado: Ibovespa vai aos 113 mil pontos, o que fazer agora?\" width=\"500\" height=\"281\" src=\"https:\/\/www.youtube.com\/embed\/cJt6UMWgL90?feature=oembed\" frameborder=\"0\" allow=\"accelerometer; autoplay; clipboard-write; encrypted-media; gyroscope; picture-in-picture; web-share\" referrerpolicy=\"strict-origin-when-cross-origin\" allowfullscreen><\/iframe>\n<\/div><\/figure>\n\n\n\n<p>Ibovespa afundou nesta quarta-feira (08). O momento \u00e9 bom para comprar a\u00e7\u00f5es ou \u00e9 melhor esperar a turbul\u00eancia passar? Descubra agora no Boletim!<\/p>\n\n\n\n<p>Em meio as falas do presidente Jair Bolsonaro durante as manifesta\u00e7\u00f5es do feriado de 7 de setembro, a bolsa brasileira terminou a quarta-feira aos 113 mil pontos, o patamar mais baixo desde o dia 24 de mar\u00e7o. Foi a maior queda di\u00e1ria desde o preg\u00e3o do dia 8 de mar\u00e7o de 2021, quando o indicador afundou 3,98%.<\/p>\n\n\n\n<p>Para se ter ideia da performance do dia, de um total de 91 ativos do \u00edndice, somente 5 pap\u00e9is encerraram o preg\u00e3o em alta.<\/p>\n\n\n\n<p>O que fazer diante dessa ressaca p\u00f3s-feriado \u00e9 um dos temas do Boletim InvestNews de hoje, que mostra ainda se o <strong>momento \u00e9 bom para comprar a\u00e7\u00f5es ou se o ideal \u00e9 esperar a turbul\u00eancia pol\u00edtica passar.<\/strong><\/p>\n\n\n\n<p>O programa tamb\u00e9m aborda os desdobramentos da<strong>&nbsp;fus\u00e3o entre Localiza&nbsp;e Unidas<\/strong>, ap\u00f3s a Superintend\u00eancia-Geral do&nbsp;<strong>Conselho Administrativo de Defesa Econ\u00f4mica<\/strong>&nbsp;(Cade) emitir parecer recomendando a aprova\u00e7\u00e3o da mediante rem\u00e9dios, al\u00e9m da performance das a\u00e7\u00f5es da&nbsp;<strong>Ambipar<\/strong>&nbsp;que chegaram a subir no preg\u00e3o ap\u00f3s a aquisi\u00e7\u00e3o de mais uma empresa estrangeira, por\u00e9m viraram para queda no in\u00edcio da tarde. &nbsp;<\/p>\n\n\n\n<p>Com apresenta\u00e7\u00e3o da jornalista Erica Martin, o programa conta com coment\u00e1rios de Eduardo Peres, analista de investimentos do Nu invest. <\/p>\n\n\n\n<h4 class=\"wp-block-heading\"> Veja tamb\u00e9m<\/h4>\n\n\n\n<ul class=\"wp-block-list\"><li>Ap\u00f3s frustra\u00e7\u00e3o por 2\u00aa onda,\u00a0<a rel=\"noreferrer noopener\" target=\"_blank\" href=\"https:\/\/investnews.com.br\/economia\/setor-de-turismo-recuperacao\/\">setor de turismo<\/a>\u00a0tenta retomar patamar pr\u00e9-pandemia<\/li><li><a href=\"https:\/\/investnews.com.br\/geral\/calendario-2022-com-feriados\/\">Calend\u00e1rio Feriado 2022<\/a>: veja todas as datas para esse ano<\/li><li>Stellantis dribla falta de chips e domina ranking dos\u00a0<a rel=\"noreferrer noopener\" target=\"_blank\" href=\"https:\/\/investnews.com.br\/colunistas\/primeira-marcha\/stellantis-dribla-falta-de-chips-e-domina-ranking-dos-mais-vendidos-em-2021\/\">mais vendidos em 2021<\/a><\/li><li><a rel=\"noreferrer noopener\" target=\"_blank\" href=\"https:\/\/investnews.com.br\/geral\/piramides-financeiras-se-alastram-e-mobilizam-a-cvm\/\">Pir\u00e2mides financeiras<\/a>\u00a0se alastram e mobilizam a CVM<\/li><li><a rel=\"noreferrer noopener\" target=\"_blank\" href=\"https:\/\/investnews.com.br\/financas\/conta-de-luz-como-economizar\/\">Conta de luz subiu<\/a>? Veja 24 dicas para reduzir o consumo e economizar<\/li><\/ul>\n","protected":false},"excerpt":{"rendered":"<p>Analista comenta quais foram os impactos para o \u00edndice da fala do presidente no feriado da independ\u00eancia. <\/p>\n","protected":false},"author":53,"featured_media":274714,"comment_status":"closed","ping_status":"open","sticky":false,"template":"","format":"standard","meta":{"_acf_changed":false,"inline_featured_image":false,"footnotes":""},"categories":[4],"tags":[26],"autor-wsj":[],"coauthors":[2433,2364],"class_list":["post-274695","post","type-post","status-publish","format-standard","has-post-thumbnail","hentry","category-financas","tag-dolar"],"acf":[],"amp_enabled":true,"_links":{"self":[{"href":"https:\/\/investnews.com.br\/inv-api\/wp\/v2\/posts\/274695","targetHints":{"allow":["GET"]}}],"collection":[{"href":"https:\/\/investnews.com.br\/inv-api\/wp\/v2\/posts"}],"about":[{"href":"https:\/\/investnews.com.br\/inv-api\/wp\/v2\/types\/post"}],"author":[{"embeddable":true,"href":"https:\/\/investnews.com.br\/inv-api\/wp\/v2\/users\/53"}],"replies":[{"embeddable":true,"href":"https:\/\/investnews.com.br\/inv-api\/wp\/v2\/comments?post=274695"}],"version-history":[{"count":13,"href":"https:\/\/investnews.com.br\/inv-api\/wp\/v2\/posts\/274695\/revisions"}],"predecessor-version":[{"id":299958,"href":"https:\/\/investnews.com.br\/inv-api\/wp\/v2\/posts\/274695\/revisions\/299958"}],"wp:featuredmedia":[{"embeddable":true,"href":"https:\/\/investnews.com.br\/inv-api\/wp\/v2\/media\/274714"}],"wp:attachment":[{"href":"https:\/\/investnews.com.br\/inv-api\/wp\/v2\/media?parent=274695"}],"wp:term":[{"taxonomy":"category","embeddable":true,"href":"https:\/\/investnews.com.br\/inv-api\/wp\/v2\/categories?post=274695"},{"taxonomy":"post_tag","embeddable":true,"href":"https:\/\/investnews.com.br\/inv-api\/wp\/v2\/tags?post=274695"},{"taxonomy":"autor-wsj","embeddable":true,"href":"https:\/\/investnews.com.br\/inv-api\/wp\/v2\/autor-wsj?post=274695"},{"taxonomy":"author","embeddable":true,"href":"https:\/\/investnews.com.br\/inv-api\/wp\/v2\/coauthors?post=274695"}],"curies":[{"name":"wp","href":"https:\/\/api.w.org\/{rel}","templated":true}]}}