{"id":27487,"date":"2020-12-11T12:02:43","date_gmt":"2020-12-11T15:02:43","guid":{"rendered":"https:\/\/investnews.com.br\/?p=27487"},"modified":"2024-06-24T22:31:18","modified_gmt":"2024-06-25T01:31:18","slug":"relator-adia-pec-emergencial-setor-de-servicos-sobe-mas-nao-se-recupera","status":"publish","type":"post","link":"https:\/\/investnews.com.br\/financas\/relator-adia-pec-emergencial-setor-de-servicos-sobe-mas-nao-se-recupera\/","title":{"rendered":"Relator adia PEC Emergencial; setor de servi\u00e7os sobe, mas n\u00e3o se recupera"},"content":{"rendered":"\n<figure class=\"wp-block-embed-youtube wp-block-embed is-type-video is-provider-youtube wp-embed-aspect-16-9 wp-has-aspect-ratio\"><div class=\"wp-block-embed__wrapper\">\n<iframe loading=\"lazy\" title=\"Relator adia PEC Emergencial; setor de servi\u00e7os sobe, mas segue abaixo do pr\u00e9-pandemia\" width=\"500\" height=\"281\" src=\"https:\/\/www.youtube.com\/embed\/i9tNXXid2kM?feature=oembed\" frameborder=\"0\" allow=\"accelerometer; autoplay; clipboard-write; encrypted-media; gyroscope; picture-in-picture; web-share\" referrerpolicy=\"strict-origin-when-cross-origin\" allowfullscreen><\/iframe>\n<\/div><\/figure>\n\n\n\n<p><strong>O relator da PEC Emergencial, senador Marcio Bittar (MDB-AC), anunciou em nota nesta sexta-feira o adiamento da apresenta\u00e7\u00e3o do relat\u00f3rio sobre a medida para o ano que vem<\/strong>, alegando a complexidade do tema e a atual conjuntura do pa\u00eds, sem entrar em detalhes. A PEC (Proposta de Emenda \u00e0 Constitui\u00e7\u00e3o) tem o objetivo de <strong>regulamentar o <a class=\"rank-math-link\" href=\"https:\/\/investnews.com.br\/economia\/brasil-tem-que-estar-preparado-para-oferecer-mais-auxilio-fiscal-diz-fmi\/\">teto de gastos<\/a> com gatilhos e tratar de temas do pacto federativo<\/strong>. E mais: volume de servi\u00e7os sobe em outubro, mas segue abaixo do n\u00edvel pr\u00e9-pandemia.<\/p>\n\n\n\n<p><strong>As principais not\u00edcias para quem acompanha o <a href=\"https:\/\/investnews.com.br\/guias\/como-funciona-o-mercado-financeiro\/\">mercado financeiro<\/a>, no Flash InvestNews, com Fabiana Ortega<\/strong>. Os destaques da bolsa nesta manh\u00e3, a cota\u00e7\u00e3o do Ibovespa e d\u00f3lar, al\u00e9m de outras informa\u00e7\u00f5es que podem influenciar seus investimentos e <a href=\"https:\/\/investnews.com.br\/guias\/rentabilidade\/\">rentabilidade<\/a>. <\/p>\n\n\n\n<p><strong>TRECHOS DO PROGRAMA <\/strong><\/p>\n\n\n\n<p>RELATOR ADIA APRESENTA\u00c7\u00c3O DE PEC EMERGENCIAL PARA 2021 <\/p>\n\n\n\n<p>IBGE: VOLUME DE SERVI\u00c7OS PRESTADOS SOBE 1,7% EM OUTUBRO ANTE SETEMBRO <\/p>\n\n\n\n<p>S&amp;P MANT\u00c9M <a href=\"https:\/\/investnews.com.br\/guias\/rating-entenda-a-escala-de-classificacao-de-risco-de-credito\/\">RATING<\/a> &#8220;BB-&#8221; DO BRASIL <\/p>\n\n\n\n<p>SEGUE IMPASSE DO ACORDO COMERCIAL DO BREXIT <\/p>\n\n\n\n<p>BUTANTAN PRODUZIR\u00c1 1 MILH\u00c3O DE DOSES POR DIA, DIZ DORIA <\/p>\n\n\n\n<p>EUA: COMIT\u00ca AUTORIZA VACINA DA PFIZER <\/p>\n\n\n\n<p>ARGENTINA APLICAR\u00c1 A VACINA RUSSA NESTE ANO <\/p>\n\n\n\n<p><strong>DESTAQUES DA BOLSA <\/strong><\/p>\n\n\n\n<p>FLEURY (<a class=\"rank-math-link\" href=\"https:\/\/investnews.com.br\/cotacao\/flry3-fleury\/\">FLRY3<\/a>) COMPRA REDE DE CL\u00cdNICAS <\/p>\n\n\n\n<p>SER EDUCACIONAL (<a class=\"rank-math-link\" href=\"https:\/\/investnews.com.br\/cotacao\/\">SEER3<\/a>) ANUNCIA INVESTIMENTO DE R$150 MI <\/p>\n\n\n\n<p>TIM (<a class=\"rank-math-link\" href=\"https:\/\/investnews.com.br\/cotacao\/\">TIMS3<\/a>) CRIAR\u00c1 EMPRESA DE FIBRA \u00d3TICA FOCADA EM BANDA LARGA <\/p>\n\n\n\n<p>RESIDENCIAL <a class=\"rank-math-link\" href=\"https:\/\/investnews.com.br\/flash\/eletromidia-compra-7465-da-otima-pontape-inicial-certeiro-apos-ipo\/\">ELETROMIDIA<\/a> PEDE O REGISTRO PARA IPO <\/p>\n\n\n\n<p><strong>DESTAQUES DO INVESTNEWS<\/strong><\/p>\n\n\n\n<p>CAFE\u00cdNA: <a href=\"https:\/\/investnews.com.br\/cafeina\/jargoes-do-mercado-quanto-voce-conhece\/\" class=\"rank-math-link\">Jarg\u00f5es do mercado: quanto voc\u00ea conhece?<\/a><\/p>\n\n\n\n<p>SITE: <a class=\"rank-math-link\" href=\"https:\/\/investnews.com.br\/financas\/vale-a-pena-investir-em-ativos-de-curto-prazo-atrelados-a-inflacao\/\">Vale a pena investir em ativos de curto prazo atrelados \u00e0 infla\u00e7\u00e3o?<\/a> <\/p>\n","protected":false},"excerpt":{"rendered":"<p>No Flash, Fabiana Ortega repercute as impress\u00f5es do mercado sobre os argumentos do senador Marcio Bittar para adiar a PEC Emergencial.<\/p>\n","protected":false},"author":17,"featured_media":27488,"comment_status":"closed","ping_status":"open","sticky":false,"template":"","format":"video","meta":{"_acf_changed":false,"inline_featured_image":false,"footnotes":""},"categories":[4],"tags":[1719],"autor-wsj":[],"coauthors":[1498],"class_list":["post-27487","post","type-post","status-publish","format-video","has-post-thumbnail","hentry","category-financas","tag-teto-de-gastos","post_format-post-format-video"],"acf":[],"amp_enabled":true,"_links":{"self":[{"href":"https:\/\/investnews.com.br\/inv-api\/wp\/v2\/posts\/27487","targetHints":{"allow":["GET"]}}],"collection":[{"href":"https:\/\/investnews.com.br\/inv-api\/wp\/v2\/posts"}],"about":[{"href":"https:\/\/investnews.com.br\/inv-api\/wp\/v2\/types\/post"}],"author":[{"embeddable":true,"href":"https:\/\/investnews.com.br\/inv-api\/wp\/v2\/users\/17"}],"replies":[{"embeddable":true,"href":"https:\/\/investnews.com.br\/inv-api\/wp\/v2\/comments?post=27487"}],"version-history":[{"count":4,"href":"https:\/\/investnews.com.br\/inv-api\/wp\/v2\/posts\/27487\/revisions"}],"predecessor-version":[{"id":264230,"href":"https:\/\/investnews.com.br\/inv-api\/wp\/v2\/posts\/27487\/revisions\/264230"}],"wp:featuredmedia":[{"embeddable":true,"href":"https:\/\/investnews.com.br\/inv-api\/wp\/v2\/media\/27488"}],"wp:attachment":[{"href":"https:\/\/investnews.com.br\/inv-api\/wp\/v2\/media?parent=27487"}],"wp:term":[{"taxonomy":"category","embeddable":true,"href":"https:\/\/investnews.com.br\/inv-api\/wp\/v2\/categories?post=27487"},{"taxonomy":"post_tag","embeddable":true,"href":"https:\/\/investnews.com.br\/inv-api\/wp\/v2\/tags?post=27487"},{"taxonomy":"autor-wsj","embeddable":true,"href":"https:\/\/investnews.com.br\/inv-api\/wp\/v2\/autor-wsj?post=27487"},{"taxonomy":"author","embeddable":true,"href":"https:\/\/investnews.com.br\/inv-api\/wp\/v2\/coauthors?post=27487"}],"curies":[{"name":"wp","href":"https:\/\/api.w.org\/{rel}","templated":true}]}}