{"id":275689,"date":"2021-09-14T10:17:19","date_gmt":"2021-09-14T13:17:19","guid":{"rendered":"https:\/\/investnews.com.br\/?p=275689"},"modified":"2021-09-14T10:52:25","modified_gmt":"2021-09-14T13:52:25","slug":"nucleo-dos-precos-ao-consumidor-desacelera","status":"publish","type":"post","link":"https:\/\/investnews.com.br\/economia\/nucleo-dos-precos-ao-consumidor-desacelera\/","title":{"rendered":"N\u00facleo dos pre\u00e7os ao consumidor nos EUA desacelera com for\u00e7a em agosto"},"content":{"rendered":"\n<p>O n\u00facleo dos pre\u00e7os ao consumidor nos Estados Unidos subiu no ritmo mais lento em seis meses em agosto, sugerindo que a infla\u00e7\u00e3o provavelmente atingiu seu pico, embora possa permanecer alta por um tempo em meio \u00e0s persistentes restri\u00e7\u00f5es de oferta.<\/p>\n\n\n\n<p>O Departamento do Trabalho informou nesta ter\u00e7a-feira que o \u00edndice de pre\u00e7os ao consumidor excluindo os componentes vol\u00e1teis de alimentos e energia subiu 0,1% no m\u00eas passado. Foi a taxa mais fraca desde fevereiro, ap\u00f3s aumento de 0,3% em julho. Na base anual, o n\u00facleo dos pre\u00e7os avan\u00e7ou 4,0%, depois de alta de 4,3% em julho.<\/p>\n\n\n\n<p>O \u00edndice geral avan\u00e7ou 0,3% no m\u00eas passado <a href=\"https:\/\/investnews.com.br\/economia\/altas-dos-precos-ao-consumidor-nos-eua-desacelera-em-julho\/\" class=\"rank-math-link\">depois de subir 0,5% em julho<\/a>. Nos 12 meses at\u00e9 agosto, a infla\u00e7\u00e3o teve alta de 5,3%, depois de 5,4% em julho nessa base de compara\u00e7\u00e3o.<\/p>\n\n\n\n<p>Economistas consultados pela Reuters projetavam alta de 0,3% do n\u00facleo dos pre\u00e7os e de 0,4% do \u00edndice geral.<\/p>\n\n\n\n<p>A infla\u00e7\u00e3o aqueceu no in\u00edcio do ano, devido ao aumento dos pre\u00e7os para carros e caminh\u00f5es usados, assim como servi\u00e7os em setores mais afetados pela pandemia de Covid-19.<\/p>\n\n\n\n<p>H\u00e1 sinais de que os pre\u00e7os de carros e caminh\u00f5es usados j\u00e1 chegaram a seu pico. Os custos de hot\u00e9is e mot\u00e9is est\u00e3o agora acima do n\u00edvel pr\u00e9-pandemia, sugerindo ganhos moderados \u00e0 frente.<\/p>\n\n\n\n<p>A desacelera\u00e7\u00e3o nas taxas mensais de infla\u00e7\u00e3o fica em linha com a afirma\u00e7\u00e3o do chair do Federal Reserve, Jerome Powell, de que a infla\u00e7\u00e3o alta \u00e9 transit\u00f3ria.<\/p>\n\n\n\n<p>Mas gargalos na cadeia de oferta permanecem e o mercado de trabalho est\u00e1 apertando, elevando os sal\u00e1rios.<\/p>\n\n\n\n<p>Os <a href=\"https:\/\/investnews.com.br\/economia\/inflacao-dos-eua-em-julho-e-gastos-consumidor\/\" class=\"rank-math-link\">dados da infla\u00e7\u00e3o<\/a> foram divulgados em meio ao crescimento das especula\u00e7\u00f5es nos mercados financeiros sobre quando o Fed ir\u00e1 anunciar o in\u00edcio da redu\u00e7\u00e3o de seu programa de compra de t\u00edtulos. Powell n\u00e3o ofereceu sinais sobre quando o banco central dos EUA planeja reduzir suas compras de t\u00edtulos, dizendo apenas que poderia ser &#8220;este ano&#8221;.<\/p>\n\n\n\n<p><strong>Veja tamb\u00e9m<\/strong><\/p>\n\n\n\n<ul class=\"wp-block-list\"><li><a href=\"https:\/\/investnews.com.br\/espaco-nubank\/nubank-para-investidores-fernando-miranda-explica-o-que-muda-com-o-nu-invest\/\" target=\"_blank\" rel=\"noreferrer noopener\">Nubank para investidores<\/a>: o que muda com o Nu invest<\/li><li>Entrevista: Clint Watts explica como sobreviver em um mundo de&nbsp;<a rel=\"noreferrer noopener\" target=\"_blank\" href=\"https:\/\/investnews.com.br\/colunistas\/experience-club\/como-sobreviver-em-um-mundo-de-hackers\/\">hackers<\/a><\/li><li>O que faz do&nbsp;<a rel=\"noreferrer noopener\" target=\"_blank\" href=\"https:\/\/investnews.com.br\/cafeina\/o-que-faz-do-bcff11-o-3o-maior-fii-em-numero-de-cotistas\/\">BCFF11<\/a>&nbsp;o 3\u00ba maior FII em n\u00famero de cotistas?<\/li><li><a rel=\"noreferrer noopener\" target=\"_blank\" href=\"https:\/\/investnews.com.br\/financas\/smab11-vale-a-pena-investir-no-novo-etf-de-small-caps\/\">SMAB11<\/a>: vale a pena investir no novo <a href=\"https:\/\/investnews.com.br\/guias\/etfs-o-que-sao-como-funcionam\/\">ETF<\/a> de <a href=\"https:\/\/investnews.com.br\/guias\/small-caps-o-que-sao-como-investir\/\">small caps<\/a>?<\/li><\/ul>\n\n\n\n<p><\/p>\n","protected":false},"excerpt":{"rendered":"<p>O \u00edndice subiu no ritmo mais lento em seis meses em agosto, sugerindo que a infla\u00e7\u00e3o provavelmente atingiu seu pico.<\/p>\n","protected":false},"author":7,"featured_media":275696,"comment_status":"closed","ping_status":"open","sticky":false,"template":"","format":"standard","meta":{"_acf_changed":false,"inline_featured_image":false,"footnotes":""},"categories":[5],"tags":[624,236,52],"autor-wsj":[],"coauthors":[1494],"class_list":["post-275689","post","type-post","status-publish","format-standard","has-post-thumbnail","hentry","category-economia","tag-consumidor","tag-eua","tag-inflacao"],"acf":[],"amp_enabled":true,"_links":{"self":[{"href":"https:\/\/investnews.com.br\/inv-api\/wp\/v2\/posts\/275689","targetHints":{"allow":["GET"]}}],"collection":[{"href":"https:\/\/investnews.com.br\/inv-api\/wp\/v2\/posts"}],"about":[{"href":"https:\/\/investnews.com.br\/inv-api\/wp\/v2\/types\/post"}],"author":[{"embeddable":true,"href":"https:\/\/investnews.com.br\/inv-api\/wp\/v2\/users\/7"}],"replies":[{"embeddable":true,"href":"https:\/\/investnews.com.br\/inv-api\/wp\/v2\/comments?post=275689"}],"version-history":[{"count":2,"href":"https:\/\/investnews.com.br\/inv-api\/wp\/v2\/posts\/275689\/revisions"}],"predecessor-version":[{"id":275724,"href":"https:\/\/investnews.com.br\/inv-api\/wp\/v2\/posts\/275689\/revisions\/275724"}],"wp:featuredmedia":[{"embeddable":true,"href":"https:\/\/investnews.com.br\/inv-api\/wp\/v2\/media\/275696"}],"wp:attachment":[{"href":"https:\/\/investnews.com.br\/inv-api\/wp\/v2\/media?parent=275689"}],"wp:term":[{"taxonomy":"category","embeddable":true,"href":"https:\/\/investnews.com.br\/inv-api\/wp\/v2\/categories?post=275689"},{"taxonomy":"post_tag","embeddable":true,"href":"https:\/\/investnews.com.br\/inv-api\/wp\/v2\/tags?post=275689"},{"taxonomy":"autor-wsj","embeddable":true,"href":"https:\/\/investnews.com.br\/inv-api\/wp\/v2\/autor-wsj?post=275689"},{"taxonomy":"author","embeddable":true,"href":"https:\/\/investnews.com.br\/inv-api\/wp\/v2\/coauthors?post=275689"}],"curies":[{"name":"wp","href":"https:\/\/api.w.org\/{rel}","templated":true}]}}