{"id":276163,"date":"2021-09-15T19:04:24","date_gmt":"2021-09-15T22:04:24","guid":{"rendered":"https:\/\/investnews.com.br\/?p=276163"},"modified":"2026-03-30T14:11:21","modified_gmt":"2026-03-30T17:11:21","slug":"b3-disponibiliza-4-cursos-sobre-o-mercado-financeiro","status":"publish","type":"post","link":"https:\/\/investnews.com.br\/financas\/b3-disponibiliza-4-cursos-sobre-o-mercado-financeiro\/","title":{"rendered":"B3 disponibiliza 4 cursos sobre o mercado financeiro"},"content":{"rendered":"\n<p>A <strong>B3<\/strong>, <a href=\"https:\/\/investnews.com.br\/colunistas\/sos-financas\/como-se-cria-uma-nova-bolsa-de-valores\/\" class=\"rank-math-link\">bolsa de valores<\/a> do Brasil, anunciou nesta quarta-feira (15) que oferecer\u00e1 at\u00e9 o fim deste ano, em parceria com organiza\u00e7\u00f5es de ensino privadas, cursos de extens\u00e3o e especializa\u00e7\u00e3o sobre assuntos do <a href=\"https:\/\/investnews.com.br\/guias\/como-funciona-o-mercado-financeiro\/\">mercado financeiro<\/a> e de capitais.<\/p>\n\n\n\n<p>O objetivo da proposta \u00e9 incentivar o aprendizado e auxiliar\nna capacita\u00e7\u00e3o e atualiza\u00e7\u00e3o dos profissionais da \u00e1rea de finan\u00e7as \u2013 apesar dos\ncursos serem para todos os p\u00fablicos, desde profissionais da \u00e1rea, estudantes, formandos\nem cursos relacionados, investidores e profissionais interessados nas tem\u00e1ticas<\/p>\n\n\n\n<p>Veja a lista dos cursos j\u00e1 divulgados pela B3: <\/p>\n\n\n\n<h2 class=\"wp-block-heading\">1 &#8211; <strong>Forma\u00e7\u00e3o de Brokers nos Mercados<\/strong><\/h2>\n\n\n\n<p>Realizado em parceria com a FIA &#8211; Funda\u00e7\u00e3o Instituto de\nAdministra\u00e7\u00e3o e apoio institucional da Ancord \u2013, o curso tem o intuito de\npreparar profissionais para atuar como brokers no mercado financeiro, de forma\nque os participantes sejam capacitados para atividades de an\u00e1lise, liquida\u00e7\u00e3o,\ngest\u00e3o de riscos e precifica\u00e7\u00e3o de produtos financeiros. <\/p>\n\n\n\n<p>As inscri\u00e7\u00f5es est\u00e3o abertas para a pr\u00f3xima turma, que ter\u00e1 in\u00edcio no dia 20 de setembro. O curso tem carga hor\u00e1ria de 107 horas.<\/p>\n\n\n\n<h2 class=\"wp-block-heading\"><strong>2 &#8211; IPO<\/strong><\/h2>\n\n\n\n<p>Abertura de Capital de Empresas &#8211; Realizado em parceria com o Insper &#8211; Instituto de Ensino e Pesquisa \u2013, o curso far\u00e1 com que o participante tenha entendimento de todas as etapas do processo de abertura de capital, bem como das principais caracter\u00edsticas da opera\u00e7\u00e3o de <a href=\"https:\/\/investnews.com.br\/guias\/ipo-o-que-e-e-como-funciona\/\" class=\"rank-math-link\">IPO<\/a>.<\/p>\n\n\n\n<p>O aluno conseguir\u00e1 analisar as vantagens e desvantagens da\nopera\u00e7\u00e3o, a agenda de provid\u00eancias internas e as principais decis\u00f5es\nenvolvidas. <\/p>\n\n\n\n<p>As inscri\u00e7\u00f5es est\u00e3o abertas e o curso, com carga hor\u00e1ria de 32 horas, ter\u00e1 in\u00edcio no dia 19 de outubro. As aulas acontecem \u00e0s ter\u00e7as e quintas.<\/p>\n\n\n\n<h2 class=\"wp-block-heading\">3 &#8211; <strong>Gest\u00e3o de Risco<\/strong><\/h2>\n\n\n\n<p>Realizado em parceria com a Saint Paul Escola de Neg\u00f3cios, o\ncurso \u00e9 ideal para quem quer se aprofundar nos principais conceitos e modelos\nreferentes aos riscos de mercado, de cr\u00e9dito, de liquidez e operacional. <\/p>\n\n\n\n<p>O aluno desenvolver\u00e1 o conhecimento necess\u00e1rio para atuar em\nmesa de gest\u00e3o de riscos de empresas financeiras e n\u00e3o-financeiras. <\/p>\n\n\n\n<p>As inscri\u00e7\u00f5es est\u00e3o abertas para a pr\u00f3xima turma, que ter\u00e1 in\u00edcio no dia 19 de outubro. A carga hor\u00e1ria \u00e9 de 129 horas. As aulas acontecer\u00e3o \u00e0s ter\u00e7as e quintas.<\/p>\n\n\n\n<h2 class=\"wp-block-heading\">4 &#8211; <strong>MBA Executivo em Finan\u00e7as<\/strong><\/h2>\n\n\n\n<p>Realizado em parceria com a Saint Paul Escola de Neg\u00f3cios, o\ncurso \u00e9 de n\u00edvel avan\u00e7ado e foi desenvolvido para capacitar profissionais em\nfinan\u00e7as, de maneira precisa e inovadora, em temas fundamentais, relevantes e\nmodernizados da \u00e1rea financeira, preparando-os para assumir posi\u00e7\u00f5es estrat\u00e9gicas\ne de destaque em empresas e institui\u00e7\u00f5es financeiras. <\/p>\n\n\n\n<p>As inscri\u00e7\u00f5es est\u00e3o abertas para a pr\u00f3xima turma, que ter\u00e1\nin\u00edcio no dia 22 de outubro. A carga hor\u00e1ria \u00e9 de 643 horas. As aulas acontecem\nquinzenalmente \u00e0s sextas e s\u00e1bados.<\/p>\n\n\n\n<p>Todos os cursos ser\u00e3o realizados de forma remota. <\/p>\n\n\n\n<p> Veja tamb\u00e9m<\/p>\n\n\n\n<ul class=\"wp-block-list\">\n<li><a href=\"https:\/\/investnews.com.br\/financas\/crise-hidrica-acoes-de-energia-eolica-e-solar\/\" target=\"_blank\" rel=\"noreferrer noopener\">Crise h\u00eddrica<\/a>: a\u00e7\u00f5es de energia solar e e\u00f3lica s\u00e3o a \u2018bola da vez\u2019?<\/li>\n\n\n\n<li>FII, FIC, FIA: qual a diferen\u00e7a entre as siglas dos&nbsp;<a href=\"https:\/\/investnews.com.br\/cafeina\/fii-fic-fia-qual-a-diferenca-entre-as-siglas-dos-fundos-de-investimento\/\" target=\"_blank\" rel=\"noreferrer noopener\">fundos de investimento<\/a>?<\/li>\n\n\n\n<li><a href=\"https:\/\/investnews.com.br\/guias\/mercado-de-opcoes\/\" target=\"_blank\" rel=\"noreferrer noopener\">Mercado de op\u00e7\u00f5es<\/a>: o que \u00e9, como funciona e como investir?<\/li>\n\n\n\n<li><a class=\"rank-math-link\" href=\"https:\/\/investnews.com.br\/boletim-investnews\/bradespar-vai-distribuir-papeis-gratuitamente-por-que\/\">Bradespar<\/a> vai distribuir pap\u00e9is gratuitamente; por qu\u00ea?<\/li>\n<\/ul>\n","protected":false},"excerpt":{"rendered":"<p>Objetivo da proposta \u00e9 incentivar o aprendizado e auxiliar na capacita\u00e7\u00e3o e atualiza\u00e7\u00e3o dos profissionais da \u00e1rea de finan\u00e7as.<\/p>\n","protected":false},"author":51,"featured_media":727,"comment_status":"closed","ping_status":"open","sticky":false,"template":"","format":"standard","meta":{"_acf_changed":false,"inline_featured_image":false,"footnotes":""},"categories":[4],"tags":[1711],"autor-wsj":[],"coauthors":[2425],"class_list":["post-276163","post","type-post","status-publish","format-standard","has-post-thumbnail","hentry","category-financas","tag-mercado-de-capitais"],"acf":[],"amp_enabled":true,"_links":{"self":[{"href":"https:\/\/investnews.com.br\/inv-api\/wp\/v2\/posts\/276163","targetHints":{"allow":["GET"]}}],"collection":[{"href":"https:\/\/investnews.com.br\/inv-api\/wp\/v2\/posts"}],"about":[{"href":"https:\/\/investnews.com.br\/inv-api\/wp\/v2\/types\/post"}],"author":[{"embeddable":true,"href":"https:\/\/investnews.com.br\/inv-api\/wp\/v2\/users\/51"}],"replies":[{"embeddable":true,"href":"https:\/\/investnews.com.br\/inv-api\/wp\/v2\/comments?post=276163"}],"version-history":[{"count":4,"href":"https:\/\/investnews.com.br\/inv-api\/wp\/v2\/posts\/276163\/revisions"}],"predecessor-version":[{"id":775133,"href":"https:\/\/investnews.com.br\/inv-api\/wp\/v2\/posts\/276163\/revisions\/775133"}],"wp:featuredmedia":[{"embeddable":true,"href":"https:\/\/investnews.com.br\/inv-api\/wp\/v2\/media\/727"}],"wp:attachment":[{"href":"https:\/\/investnews.com.br\/inv-api\/wp\/v2\/media?parent=276163"}],"wp:term":[{"taxonomy":"category","embeddable":true,"href":"https:\/\/investnews.com.br\/inv-api\/wp\/v2\/categories?post=276163"},{"taxonomy":"post_tag","embeddable":true,"href":"https:\/\/investnews.com.br\/inv-api\/wp\/v2\/tags?post=276163"},{"taxonomy":"autor-wsj","embeddable":true,"href":"https:\/\/investnews.com.br\/inv-api\/wp\/v2\/autor-wsj?post=276163"},{"taxonomy":"author","embeddable":true,"href":"https:\/\/investnews.com.br\/inv-api\/wp\/v2\/coauthors?post=276163"}],"curies":[{"name":"wp","href":"https:\/\/api.w.org\/{rel}","templated":true}]}}