{"id":27619,"date":"2020-12-14T09:32:34","date_gmt":"2020-12-14T12:32:34","guid":{"rendered":"https:\/\/investnews.com.br\/?p=27619"},"modified":"2024-06-24T11:24:30","modified_gmt":"2024-06-24T14:24:30","slug":"resumo-dos-analistas-bolsas-sobem-com-vacina-b3-dobra-o-numero-de-investidores","status":"publish","type":"post","link":"https:\/\/investnews.com.br\/financas\/resumo-dos-analistas-bolsas-sobem-com-vacina-b3-dobra-o-numero-de-investidores\/","title":{"rendered":"Resumo dos Analistas: bolsas sobem com vacina; B3 dobra o n\u00famero de investidores"},"content":{"rendered":"\n<p><strong> Destaques (Jos\u00e9 Falc\u00e3o Castro):<\/strong><\/p>\n\n\n\n<ul class=\"wp-block-list\"><li>A semana abre com a boa not\u00edcia de que os americanos come\u00e7am a receber hoje a vacina da Pfizer, apesar da Alemanha anunciar a retomada do lockdown na 4\u00aaF. E\u00a0no dia que se inicia a vacina\u00e7\u00e3o em massa nos EUA, os mercados globais abrem a semana em alta; Dow Jones futuro avan\u00e7a 0,71%, S&amp;P 500 (+0,61%), Nasdaq (+0,41%);<\/li><li>Reuni\u00f5es dos Bancos Centrais nos EUA, Jap\u00e3o e Zona d Euro, nesta semana, podem decidir novos est\u00edmulos em meio \u00e0 segunda onda da pandemia e incertezas sobre a aprova\u00e7\u00e3o do pacote fiscal nos EUA;<\/li><li>Por\u00e9m, um grupo de parlamentares democratas e republicanos apresentar\u00e1 ao Congresso projeto de socorro no valor de US$ 908 bilh\u00f5es, mas sem garantia de aprova\u00e7\u00e3o;<\/li><li>A libra sobe forte com com a extens\u00e3o das negocia\u00e7\u00f5es por acordo comercial no Brexit, que seriam encerradas ontem (13 de dezembro), por\u00e9m sem avan\u00e7os e ambos os lados se preparam para um ruptura sem acordo; a Eurostat divulgou produ\u00e7\u00e3o industrial da zona do euro em outubro (+2,1%), melhor que a proje\u00e7\u00e3o (+1,9%); Frankfurt sobe 1,11%, Londres (+0,30%), Paris (+1,05%), Madri (+1,70%), Mil\u00e3o (+1,12%), Lisboa (+0,87%);<\/li><li>Aqui, com os casos de Covid-19 aumentando rapidamente, o governo sofre press\u00e3o, ap\u00f3s apresentar ao STF um plano de vacina\u00e7\u00e3o sem datas, pois depende da Anvisa e dos prazos estabelecidos pela Ag\u00eancia;<\/li><li>E o jogo pol\u00edtico em torno da vacina continua, o plano n\u00e3o incluiu a Coronavac do Butantan e estas incertezas, somadas a situa\u00e7\u00e3o fiscal, em algum momento ser\u00e3o precificadas na bolsa brasileira.<\/li><\/ul>\n\n\n\n<figure class=\"wp-block-embed-youtube wp-block-embed is-type-video is-provider-youtube wp-embed-aspect-16-9 wp-has-aspect-ratio\"><div class=\"wp-block-embed__wrapper\">\nhttps:\/\/www.youtube.com\/watch?v=RtaQrmWsdBc\n<\/div><\/figure>\n\n\n\n<p><strong>An\u00e1lise Gr\u00e1fica &#8211; IBOV (Hugo Carone):<\/strong><\/p>\n\n\n\n<figure class=\"wp-block-image size-large is-resized\"><img loading=\"lazy\" decoding=\"async\" src=\"https:\/\/media.investnews.com.br\/uploads\/2020\/12\/hugo-6-1024x576-1.jpg\" alt=\"\" class=\"wp-image-27621\" width=\"198\" height=\"111\"\/><\/figure>\n\n\n\n<ul class=\"wp-block-list\"><li>Subimos novamente o ajusta de suporte imediato para o \u00edndice, 113.200 e enquanto trabalhar acima desta faixa, a for\u00e7a de curto prazo continua sendo compradora;<\/li><li>Estamos de olho na faixa de topo hist\u00f3rico, por\u00e9m 116.500 pode ser uma barreira no caminho.<\/li><\/ul>\n\n\n\n<figure class=\"wp-block-image size-large\"><img loading=\"lazy\" decoding=\"async\" width=\"1024\" height=\"465\" src=\"https:\/\/media.investnews.com.br\/uploads\/2020\/12\/image-9-1024x465.png\" alt=\"\" class=\"wp-image-27620\" srcset=\"https:\/\/media.investnews.com.br\/uploads\/2020\/12\/image-9-1024x465.png 1024w, https:\/\/media.investnews.com.br\/uploads\/2020\/12\/image-9-300x136.png 300w, https:\/\/media.investnews.com.br\/uploads\/2020\/12\/image-9-768x349.png 768w, https:\/\/media.investnews.com.br\/uploads\/2020\/12\/image-9-1256x570.png 1256w, https:\/\/media.investnews.com.br\/uploads\/2020\/12\/image-9-172x78.png 172w, https:\/\/media.investnews.com.br\/uploads\/2020\/12\/image-9-150x68.png 150w, https:\/\/media.investnews.com.br\/uploads\/2020\/12\/image-9.png 1280w\" sizes=\"auto, (max-width: 1024px) 100vw, 1024px\" \/><\/figure>\n\n\n\n<p><strong>Cen\u00e1rio macroecon\u00f4mico (Murilo Breder):<\/strong><\/p>\n\n\n\n<figure class=\"wp-block-image size-large is-resized\"><img loading=\"lazy\" decoding=\"async\" src=\"https:\/\/media.investnews.com.br\/uploads\/2020\/12\/murilo-1-5-1024x576.jpg\" alt=\"\" class=\"wp-image-27622\" width=\"196\" height=\"110\" srcset=\"https:\/\/media.investnews.com.br\/uploads\/2020\/12\/murilo-1-5-1024x576.jpg 1024w, https:\/\/media.investnews.com.br\/uploads\/2020\/12\/murilo-1-5-300x169.jpg 300w, https:\/\/media.investnews.com.br\/uploads\/2020\/12\/murilo-1-5-768x432.jpg 768w, https:\/\/media.investnews.com.br\/uploads\/2020\/12\/murilo-1-5-1536x864.jpg 1536w, https:\/\/media.investnews.com.br\/uploads\/2020\/12\/murilo-1-5-1256x707.jpg 1256w, https:\/\/media.investnews.com.br\/uploads\/2020\/12\/murilo-1-5-172x97.jpg 172w, https:\/\/media.investnews.com.br\/uploads\/2020\/12\/murilo-1-5-150x84.jpg 150w, https:\/\/media.investnews.com.br\/uploads\/2020\/12\/murilo-1-5.jpg 1920w\" sizes=\"auto, (max-width: 196px) 100vw, 196px\" \/><\/figure>\n\n\n\n<ul class=\"wp-block-list\"><li>Ap\u00f3s passar o dia inteiro no terreno negativo, o Ibovespa zerou as perdas no final da tarde da sexta-feira (11\/12). O preg\u00e3o marcou a sexta semana consecutiva de alta na Bolsa brasileira. O avan\u00e7o semanal foi de 1,2%. O principal \u00edndice de a\u00e7\u00f5es brasileiro est\u00e1 muito pr\u00f3ximo do fechamento do \u00faltimo preg\u00e3o de 2019, quase zerando as perdas no ano mesmo ap\u00f3s a queda de 30% durante o p\u00e2nico de mar\u00e7o;<\/li><li>O motivo da queda durante todo o preg\u00e3o foi o adiamento da PEC emergencial. O senador M\u00e1rcio Bittar (MDB-AC), relator da PEC, informou que a apresenta\u00e7\u00e3o e conclus\u00e3o do relat\u00f3rio sobre o projeto\u00a0ficar\u00e1 para 2021. Bittar citou que a complexidade das discuss\u00f5es exige mais negocia\u00e7\u00f5es. A not\u00edcia frustrou o mercado pois a expectativa era a oposta: a de que o texto fosse apresentado ainda nesta sexta-feira (11);<\/li><li>O pessimismo tamb\u00e9m foi fortalecido ap\u00f3s o aviso da ag\u00eancia de <a href=\"https:\/\/investnews.com.br\/guias\/rating-entenda-a-escala-de-classificacao-de-risco-de-credito\/\">rating<\/a> S&amp;P. Ela reiterou o rating do Brasil, mas alertou que ele pode cair caso o compromisso da classe pol\u00edtica com o fiscal tamb\u00e9m recue;<\/li><li>A recupera\u00e7\u00e3o veio ap\u00f3s o Senado dos EUA conseguir aprovar uma extens\u00e3o de uma semana das atuais medidas emergenciais de aux\u00edlio \u00e0 economia, dando algum f\u00f4lego para as negocia\u00e7\u00f5es do novo pacote bilion\u00e1rio.<\/li><\/ul>\n\n\n\n<p><strong>Cen\u00e1rio corporativo (Murilo Breder):<\/strong><\/p>\n\n\n\n<ul class=\"wp-block-list\"><li>Entre as maiores altas do dia est\u00e3o as a\u00e7\u00f5es da Eletrobras (ELET3\/ELET6). Circula na m\u00eddia a not\u00edcia de que Eduardo Gomes (MDB-TO), l\u00edder do governo no Congresso,\u00a0afirmou que a desestatiza\u00e7\u00e3o da companhia\u00a0entrar\u00e1 na pauta com certeza no primeiro semestre de 2021. Apesar de n\u00e3o ser um dos favoritos, ele \u00e9 um dos cotados para a presid\u00eancia do Senado em substitui\u00e7\u00e3o a Davi Alcolumbre (DEM-AP). As a\u00e7\u00f5es ELET3 foram a maior alta do Ibovespa ao dispararem 5,7%;<\/li><li>Apesar de n\u00e3o ser uma das maiores altas de hoje, a B3 (B3SA3, +1,1%) tamb\u00e9m merece destaque. A companhia divulgou na v\u00e9spera os seus dados operacionais de novembro. O n\u00famero de investidores ativos na Bolsa agora atingiu 3,2 milh\u00f5es (+98% ante novembro do ano passado). Outro destaque \u00e9 para o crescimento forte do volume negociado no segmento a\u00e7\u00f5es, que atingiu 34,2 bilh\u00f5es de reais, aumento de 75% em rela\u00e7\u00e3o ao mesmo per\u00edodo de 2019 e de 20% em rela\u00e7\u00e3o a outubro.<\/li><\/ul>\n\n\n\n<figure class=\"wp-block-table\"><table class=\"\"><tbody><tr><td><strong>Indicadores<\/strong><\/td><\/tr><tr><td><strong>Brasil:<\/strong><\/td><\/tr><tr><td><a href=\"https:\/\/investnews.com.br\/guias\/boletim-focus-entenda-o-que-e\/\">Boletim Focus<\/a> (Banco Central)<\/td><\/tr><tr><td>IBC-Br (Banco Central):\n  projeta-se subir em torno de 1,10% em outubro, na margem (9h)<\/td><\/tr><tr><td>Balan\u00e7a comercial\n  semanal&nbsp;<\/td><\/tr><tr><td><strong>EUA:<\/strong><\/td><\/tr><tr><td>Europa:<\/td><\/tr><tr><td>Zona do Euro: Produ\u00e7\u00e3o\n  Industrial&nbsp;&nbsp;<\/td><\/tr><tr><td>\u00c1ustria: relat\u00f3rio mensal da\n  Opep<\/td><\/tr><tr><td><strong>\u00c1sia:<\/strong><\/td><\/tr><tr><td>China: Produ\u00e7\u00e3o Industrial \/\n  Vendas no Varejo<\/td><\/tr><tr><td>Jap\u00e3o: Produ\u00e7\u00e3o\n  Industrial&nbsp;<\/td><\/tr><\/tbody><\/table><\/figure>\n\n\n\n<p><strong><em>*   Esse \u00e9 um conte\u00fado de an\u00e1lise de um especialista de investimentos da   Easynvest, sem cunho jornal\u00edstico.\u00a0<\/em><\/strong><\/p>\n","protected":false},"excerpt":{"rendered":"<p>Os principais fatos que podem impactar os mercados hoje, os destaques de ontem e uma breve an\u00e1lise do \u00edndice Bovespa.  <\/p>\n","protected":false},"author":25,"featured_media":27624,"comment_status":"closed","ping_status":"open","sticky":false,"template":"","format":"standard","meta":{"_acf_changed":false,"inline_featured_image":false,"footnotes":""},"categories":[4],"tags":[226,1669,722,1357,721],"autor-wsj":[],"coauthors":[1565],"class_list":["post-27619","post","type-post","status-publish","format-standard","has-post-thumbnail","hentry","category-financas","tag-bolsa-de-valores","tag-bolsas-americanas","tag-bolsas-asiaticas","tag-bolsas-de-nova-york","tag-bolsas-europeias"],"acf":[],"amp_enabled":true,"_links":{"self":[{"href":"https:\/\/investnews.com.br\/inv-api\/wp\/v2\/posts\/27619","targetHints":{"allow":["GET"]}}],"collection":[{"href":"https:\/\/investnews.com.br\/inv-api\/wp\/v2\/posts"}],"about":[{"href":"https:\/\/investnews.com.br\/inv-api\/wp\/v2\/types\/post"}],"author":[{"embeddable":true,"href":"https:\/\/investnews.com.br\/inv-api\/wp\/v2\/users\/25"}],"replies":[{"embeddable":true,"href":"https:\/\/investnews.com.br\/inv-api\/wp\/v2\/comments?post=27619"}],"version-history":[{"count":3,"href":"https:\/\/investnews.com.br\/inv-api\/wp\/v2\/posts\/27619\/revisions"}],"predecessor-version":[{"id":27626,"href":"https:\/\/investnews.com.br\/inv-api\/wp\/v2\/posts\/27619\/revisions\/27626"}],"wp:featuredmedia":[{"embeddable":true,"href":"https:\/\/investnews.com.br\/inv-api\/wp\/v2\/media\/27624"}],"wp:attachment":[{"href":"https:\/\/investnews.com.br\/inv-api\/wp\/v2\/media?parent=27619"}],"wp:term":[{"taxonomy":"category","embeddable":true,"href":"https:\/\/investnews.com.br\/inv-api\/wp\/v2\/categories?post=27619"},{"taxonomy":"post_tag","embeddable":true,"href":"https:\/\/investnews.com.br\/inv-api\/wp\/v2\/tags?post=27619"},{"taxonomy":"autor-wsj","embeddable":true,"href":"https:\/\/investnews.com.br\/inv-api\/wp\/v2\/autor-wsj?post=27619"},{"taxonomy":"author","embeddable":true,"href":"https:\/\/investnews.com.br\/inv-api\/wp\/v2\/coauthors?post=27619"}],"curies":[{"name":"wp","href":"https:\/\/api.w.org\/{rel}","templated":true}]}}