{"id":276395,"date":"2021-09-17T07:57:32","date_gmt":"2021-09-17T10:57:32","guid":{"rendered":"https:\/\/investnews.com.br\/?p=276395"},"modified":"2024-06-26T11:56:44","modified_gmt":"2024-06-26T14:56:44","slug":"novas-aliquotas-do-iof-pec-dos-precatorios","status":"publish","type":"post","link":"https:\/\/investnews.com.br\/economia\/novas-aliquotas-do-iof-pec-dos-precatorios\/","title":{"rendered":"5 fatos para hoje: novas al\u00edquotas do IOF; PEC dos precat\u00f3rios"},"content":{"rendered":"\n<h2 class=\"wp-block-heading\">1 &#8211; <strong>Economia confirma eleva\u00e7\u00e3o de IOF PJ para 0,00559% e de IOF PF para 0,01118%<\/strong> <\/h2>\n\n\n\n<p>O Minist\u00e9rio da Economia confirmou na noite de quinta-feira (16) que as novas al\u00edquotas do <strong>Imposto sobre Opera\u00e7\u00f5es Financeiras (<a href=\"https:\/\/investnews.com.br\/guias\/iof\/\" data-type=\"URL\" data-id=\"https:\/\/investnews.com.br\/guias\/iof\/\">IOF<\/a>)<\/strong>, que passam a valer a partir da pr\u00f3xima segunda-feira, ser\u00e3o as seguintes: para pessoas jur\u00eddicas (PJ), passar\u00e1 de 0,0041% (referente \u00e0 al\u00edquota anual de 1,50%) a 0,00559% (referente \u00e0 al\u00edquota anual de 2,04%); para as pessoas f\u00edsicas, subir\u00e1 de 0,0082% (referente \u00e0 al\u00edquota anual de 3,0%) a 0,01118% (referente a al\u00edquota anual de 4,08%).<\/p>\n\n\n\n<p>A altera\u00e7\u00e3o valer\u00e1 de 20 de setembro a 31 de dezembro de 2021. A receita de R$ 2,14 bilh\u00f5es a ser obtida vai ser usada como fonte de compensa\u00e7\u00e3o pelo aumento de<a class=\"rank-math-link\" href=\"https:\/\/investnews.com.br\/economia\/decreto-aumenta-iof-para-bancar-gastos-com-bolsa-familia\/\"> gastos com o Aux\u00edlio Brasil<\/a>, novo programa social que deve ter valor maior que o atual Bolsa Fam\u00edlia. A nova pol\u00edtica precisa entrar em vigor ainda em 2021 para n\u00e3o esbarrar nas limita\u00e7\u00f5es da lei eleitoral.<\/p>\n\n\n\n<p>&#8220;A institui\u00e7\u00e3o do <strong><a class=\"rank-math-link\" href=\"https:\/\/investnews.com.br\/economia\/auxilio-brasil-abarca-bolsa-familia-e-tera-transferencia-do-fundo-de-precatorios\/\">programa social Aux\u00edlio Brasil<\/a><\/strong>, acarretar\u00e1 um acr\u00e9scimo na despesa obrigat\u00f3ria de car\u00e1ter continuado em R$ 1,62 bilh\u00e3o neste ano&#8221;, informou o Minist\u00e9rio da Economia.<\/p>\n\n\n\n<p>Em 2022, o financiamento do programa ter\u00e1 como fonte a recria\u00e7\u00e3o do <a class=\"rank-math-link\" href=\"https:\/\/investnews.com.br\/economia\/reforma-ir-tributacao-de-lucros-e-dividendos\/\"><strong>Imposto de Renda sobre lucros e dividendos<\/strong><\/a>, que est\u00e1 em discuss\u00e3o no Senado Federal, informou a pasta.<\/p>\n\n\n\n<h2 class=\"wp-block-heading\">2 &#8211; <strong>CCJ da C\u00e2mara aprova admissibilidade da PEC dos precat\u00f3rios por 32 a 26<\/strong> <\/h2>\n\n\n\n<p>A Comiss\u00e3o de Constitui\u00e7\u00e3o e Justi\u00e7a da C\u00e2mara aprovou a admissibilidade da Proposta de Emenda \u00e0 Constitui\u00e7\u00e3o que parcela o<strong> <a href=\"https:\/\/investnews.com.br\/economia\/governo-encaminha-pec-dos-precatorios-ao-congresso\/\" class=\"rank-math-link\">pagamento de precat\u00f3rios<\/a><\/strong>, como s\u00e3o chamadas as d\u00edvidas judiciais. Cabe \u00e0 CCJ analisar apenas a admissibilidade da proposta, ou seja, se ela est\u00e1 de acordo com os princ\u00edpios da Constitui\u00e7\u00e3o. A mat\u00e9ria foi aprovada por 32 votos a favor e 26 contr\u00e1rios. Para que a tramita\u00e7\u00e3o da PEC pudesse seguir adiante era necess\u00e1ria apenas maioria simples na vota\u00e7\u00e3o no colegiado. O texto agora ir\u00e1 para uma comiss\u00e3o especial que analisar\u00e1 a proposta e fazer altera\u00e7\u00f5es.<\/p>\n\n\n\n<p>O relator da mat\u00e9ria na CCJ, deputado Darci de Matos (PSD-SC), defendeu a admissibilidade dizendo que \u00e9 preciso encontrar uma &#8220;solu\u00e7\u00e3o que alcance a necess\u00e1ria responsabilidade fiscal exequ\u00edvel de pagamentos de precat\u00f3rios&#8221;.<\/p>\n\n\n\n<p>A conta dos precat\u00f3rios prevista para 2022 \u00e9 de R$ 89,1 bilh\u00f5es e, se paga integralmente, deixar\u00e1 o or\u00e7amento do ano que vem sem espa\u00e7o para novas pol\u00edticas, como a amplia\u00e7\u00e3o do Bolsa Fam\u00edlia.<\/p>\n\n\n\n<p>O vice-presidente da C\u00e2mara, Marcelo Ramos (PL-AM), tamb\u00e9m j\u00e1 come\u00e7ou a coletar assinaturas para outra PEC, que tira toda a <a href=\"https:\/\/investnews.com.br\/economia\/tirar-precatorios-do-teto-de-gastos\/\" class=\"rank-math-link\"><strong>despesa com precat\u00f3rios do teto de gastos<\/strong><\/a>. A medida liberaria R$ 20 bilh\u00f5es dentro do limite de despesas &#8211; espa\u00e7o que ajudar\u00e1 a acomodar o novo programa social, Aux\u00edlio Brasil, que ser\u00e1 o sucessor turbinado do Bolsa Fam\u00edlia.<\/p>\n\n\n\n<h2 class=\"wp-block-heading\">3 &#8211; Comiss\u00e3o deixa vota\u00e7\u00e3o da reforma administrativa para ter\u00e7a-feira<\/h2>\n\n\n\n<p>A comiss\u00e3o especial da C\u00e2mara dos Deputados que analisa a<strong><a href=\"https:\/\/investnews.com.br\/economia\/ccj-da-camara-aprova-admissibilidade-da-reforma-administrativa\/\" class=\"rank-math-link\"> reforma administrativa<\/a><\/strong> deixou para a pr\u00f3xima ter\u00e7a-feira a vota\u00e7\u00e3o do parecer da mat\u00e9ria.<\/p>\n\n\n\n<p>Havia uma expectativa de que o parecer do relator, deputado Arthur Oliveira Maia (DEM-BA), pudesse ser votado nesta quinta-feira, mas os deputados resolveram jogar a vota\u00e7\u00e3o para frente em meio a cont\u00ednuas diverg\u00eancias sobre a proposta.<\/p>\n\n\n\n<p>O texto, que \u00e9 uma das principais aposta da<strong> agenda reformista do governo<\/strong> e que conta com o respaldo do <strong><a href=\"https:\/\/investnews.com.br\/geral\/quem-e-arthur-lira-novo-presidente-da-camara-dos-deputados\/\" class=\"rank-math-link\">presidente da C\u00e2mara, Arthur Lira<\/a><\/strong> (PP-AL), prev\u00ea a manuten\u00e7\u00e3o da estabilidade para todos os servidores.<\/p>\n\n\n\n<p>No plen\u00e1rio da C\u00e2mara, a proposta precisa do apoio de 308 dos 513 deputados em dois turnos de vota\u00e7\u00e3o para ser aprovada e poder seguir para o Senado.<\/p>\n\n\n\n<h2 class=\"wp-block-heading\">4 &#8211; Pesquisa Focus passa a incluir proje\u00e7\u00f5es para componentes de infla\u00e7\u00e3o<\/h2>\n\n\n\n<p>O <strong>Banco Central<\/strong> divulgou na quinta-feira (16) que sua tradicional pesquisa <strong><a href=\"https:\/\/investnews.com.br\/guias\/boletim-focus-entenda-o-que-e\/\" class=\"rank-math-link\">Focus<\/a><\/strong>, para coleta de expectativas junto a agentes de mercado, passou a incluir componentes da infla\u00e7\u00e3o, incluindo <strong><a href=\"https:\/\/investnews.com.br\/guias\/o-que-e-ipca\/\" class=\"rank-math-link\">IPCA<\/a><\/strong> administrados, <a href=\"https:\/\/investnews.com.br\/guias\/o-que-e-ipca\/\">IPCA<\/a> livres, IPCA servi\u00e7os, IPCA bens industrializados e IPCA alimenta\u00e7\u00e3o no domic\u00edlio.<\/p>\n\n\n\n<p>A mudan\u00e7a ocorreu a partir de 14 de setembro e ter\u00e1 reflexo na divulga\u00e7\u00e3o semanal do boletim, feita \u00e0s segundas-feiras.<\/p>\n\n\n\n<p>Com a atualiza\u00e7\u00e3o, o Focus tamb\u00e9m passar\u00e1 a divulgar a taxa de desocupa\u00e7\u00e3o e os componentes do<strong> <a href=\"https:\/\/investnews.com.br\/investnews-explica\/pib-o-que-e-para-que-serve-como-funciona-e-como-e-calculado\/\" class=\"rank-math-link\">Produto Interno Bruto (PIB)<\/a><\/strong> pela \u00f3tica da demanda: PIB Despesa de consumo das fam\u00edlias, PIB Despesa de consumo da administra\u00e7\u00e3o p\u00fablica, PIB Forma\u00e7\u00e3o bruta de capital fixo, PIB Exporta\u00e7\u00e3o de bens e servi\u00e7os e PIB Importa\u00e7\u00e3o de bens.<\/p>\n\n\n\n<p>Desde janeiro o BC bem promovendo mudan\u00e7as no Focus e, nesta quinta-feira, justificou que as \u00faltimas altera\u00e7\u00f5es integram nova etapa desse processo de aprimoramento.<\/p>\n\n\n\n<ul class=\"wp-block-list\">\n<li><strong><em><strong><em>Veja o que \u00e9 <a href=\"https:\/\/investnews.com.br\/guias\/coaf-lavagem-de-dinheiro\/\" target=\"_blank\" rel=\"noreferrer noopener\">Coaf<\/a> e como funciona?<\/em><\/strong><\/em><\/strong><\/li>\n<\/ul>\n\n\n\n<h2 class=\"wp-block-heading\">5 &#8211; <strong>Fitch reduz proje\u00e7\u00e3o para crescimento global em 2021, de 6,3% a 6%<\/strong><\/h2>\n\n\n\n<p>A<strong> Fitch<\/strong> afirma que a <strong>recupera\u00e7\u00e3o da economia global<\/strong> segue em ritmo r\u00e1pido, mas &#8220;est\u00e1 atingindo seus limites de velocidade&#8221;. A constata\u00e7\u00e3o est\u00e1 em seu relat\u00f3rio Perspectiva Econ\u00f4mica Global, no qual ela nota que gargalos na oferta cont\u00eam o ritmo da expans\u00e3o na produ\u00e7\u00e3o, al\u00e9m de criar press\u00f5es inflacion\u00e1rias no curto prazo. Nesse quadro, a ag\u00eancia informa que revisou sua proje\u00e7\u00e3o para o crescimento do mundo, de 6,3% em junho a 6,0%.<\/p>\n\n\n\n<p>A Fitch acredita que essas press\u00f5es &#8220;devem desacelerar de modo significativo em 2022&#8221;, segundo Brian Coulton, economista-chefe da ag\u00eancia. As press\u00f5es sobre os pre\u00e7os, por\u00e9m, mudam o tom do debate pol\u00edtico e o apoio fiscal e monet\u00e1rio para o crescimento deve come\u00e7ar a diminuir no pr\u00f3ximo ano, adverte.<\/p>\n\n\n\n<p>Problemas do lado da oferta limitam o ritmo da recupera\u00e7\u00e3o. A Fitch cortou tamb\u00e9m a proje\u00e7\u00e3o para o avan\u00e7o do <a class=\"rank-math-link\" href=\"https:\/\/investnews.com.br\/investnews-explica\/pib-o-que-e-para-que-serve-como-funciona-e-como-e-calculado\/\"><strong>Produto Interno Bruto (PIB)<\/strong> <\/a>dos Estados Unidos em 2021, de 6,8% em junho a 6,2%. Uma parcela maior do crescimento na demanda se reflete em altas nos pre\u00e7os e as proje\u00e7\u00f5es para a infla\u00e7\u00e3o nos EUA foram revisadas novamente para cima, aponta.<\/p>\n\n\n\n<p>A Fitch revisou pra baixo a expectativa de <strong>crescimento da<a href=\"https:\/\/investnews.com.br\/tag\/china\/\" class=\"rank-math-link\"> China<\/a><\/strong>, de 8,4% a 8,1%, com a desacelera\u00e7\u00e3o do setor imobili\u00e1rio pesando na demanda.<\/p>\n\n\n\n<p>J\u00e1 a previs\u00e3o para o avan\u00e7o do <strong>PIB da zona do euro<\/strong> foi revisado em alta, de 5,0% a 5,2% em 2021. Pol\u00f4nia, Turquia, M\u00e9xico, R\u00fassia e \u00c1frica do Sul tamb\u00e9m tiveram revis\u00f5es para cima.<\/p>\n\n\n\n<p><em>(*Com informa\u00e7\u00f5es da Reuters e Estad\u00e3o Conte\u00fado)<\/em><\/p>\n\n\n\n<h3 class=\"wp-block-heading\"> Veja tamb\u00e9m<\/h3>\n\n\n\n<ul class=\"wp-block-list\">\n<li><a href=\"https:\/\/investnews.com.br\/negocios\/espacolaser-nova-smart-fit-da-depilacao\/\" class=\"rank-math-link\">Espa\u00e7oLaser<\/a>: por que a companhia ganhou fama de \u2018Smart Fit da depila\u00e7\u00e3o\u2019<\/li>\n\n\n\n<li>7 dicas de <a href=\"https:\/\/investnews.com.br\/cafeina\/7-dicas-de-como-ganhar-dinheiro-na-internet-em-dolar\/\" class=\"rank-math-link\">como ganhar dinheiro na internet<\/a> (em d\u00f3lar)<\/li>\n\n\n\n<li><a href=\"https:\/\/investnews.com.br\/boletim-investnews\/vale-abaixo-dos-r-90-o-que-fazer-agora\/\" class=\"rank-math-link\">Vale<\/a> abaixo dos R$ 90; o que fazer agora?<\/li>\n\n\n\n<li>Decreto aumenta <a href=\"https:\/\/investnews.com.br\/economia\/decreto-aumenta-iof-para-bancar-gastos-com-bolsa-familia\/\" class=\"rank-math-link\">IOF<\/a> para bancar gastos com Bolsa Fam\u00edlia<\/li>\n<\/ul>\n","protected":false},"excerpt":{"rendered":"<p>Para pessoas jur\u00eddicas (PJ), a al\u00edquota passar\u00e1 de 0,0041% para 0,00559%  e para pessoas f\u00edsicas subir\u00e1 de 0,0082% para 0,01118%.<\/p>\n","protected":false},"author":7,"featured_media":1809,"comment_status":"closed","ping_status":"open","sticky":false,"template":"","format":"standard","meta":{"_acf_changed":false,"inline_featured_image":false,"footnotes":""},"categories":[5],"tags":[],"autor-wsj":[],"coauthors":[1494],"class_list":["post-276395","post","type-post","status-publish","format-standard","has-post-thumbnail","hentry","category-economia"],"acf":[],"amp_enabled":true,"_links":{"self":[{"href":"https:\/\/investnews.com.br\/inv-api\/wp\/v2\/posts\/276395","targetHints":{"allow":["GET"]}}],"collection":[{"href":"https:\/\/investnews.com.br\/inv-api\/wp\/v2\/posts"}],"about":[{"href":"https:\/\/investnews.com.br\/inv-api\/wp\/v2\/types\/post"}],"author":[{"embeddable":true,"href":"https:\/\/investnews.com.br\/inv-api\/wp\/v2\/users\/7"}],"replies":[{"embeddable":true,"href":"https:\/\/investnews.com.br\/inv-api\/wp\/v2\/comments?post=276395"}],"version-history":[{"count":27,"href":"https:\/\/investnews.com.br\/inv-api\/wp\/v2\/posts\/276395\/revisions"}],"predecessor-version":[{"id":554032,"href":"https:\/\/investnews.com.br\/inv-api\/wp\/v2\/posts\/276395\/revisions\/554032"}],"wp:featuredmedia":[{"embeddable":true,"href":"https:\/\/investnews.com.br\/inv-api\/wp\/v2\/media\/1809"}],"wp:attachment":[{"href":"https:\/\/investnews.com.br\/inv-api\/wp\/v2\/media?parent=276395"}],"wp:term":[{"taxonomy":"category","embeddable":true,"href":"https:\/\/investnews.com.br\/inv-api\/wp\/v2\/categories?post=276395"},{"taxonomy":"post_tag","embeddable":true,"href":"https:\/\/investnews.com.br\/inv-api\/wp\/v2\/tags?post=276395"},{"taxonomy":"autor-wsj","embeddable":true,"href":"https:\/\/investnews.com.br\/inv-api\/wp\/v2\/autor-wsj?post=276395"},{"taxonomy":"author","embeddable":true,"href":"https:\/\/investnews.com.br\/inv-api\/wp\/v2\/coauthors?post=276395"}],"curies":[{"name":"wp","href":"https:\/\/api.w.org\/{rel}","templated":true}]}}