{"id":277931,"date":"2021-09-24T16:20:13","date_gmt":"2021-09-24T19:20:13","guid":{"rendered":"https:\/\/investnews.com.br\/?p=277931"},"modified":"2026-03-10T15:33:08","modified_gmt":"2026-03-10T18:33:08","slug":"credit-suisse-ve-ipca-de-87-em-2021-com-dinamica-inflacionaria-desfavoravel","status":"publish","type":"post","link":"https:\/\/investnews.com.br\/economia\/credit-suisse-ve-ipca-de-87-em-2021-com-dinamica-inflacionaria-desfavoravel\/","title":{"rendered":"Credit Suisse v\u00ea IPCA de 8,7% em 2021 com din\u00e2mica inflacion\u00e1ria desfavor\u00e1vel"},"content":{"rendered":"\n<p>O <strong>Credit Suisse <\/strong>ajustou para cima sua proje\u00e7\u00e3o para a alta do \u00cdndice de Pre\u00e7os ao Consumidor Amplo (<a href=\"https:\/\/investnews.com.br\/guias\/o-que-e-ipca\/\">IPCA<\/a>) neste ano, a 8,7%, avaliando que o Brasil vive uma din\u00e2mica &#8220;muito desfavor\u00e1vel&#8221; de infla\u00e7\u00e3o.<\/p>\n\n\n\n<p>A estimativa anterior do banco de investimento, de apenas uma semana atr\u00e1s, era de avan\u00e7o de 8,5% do IPCA em 2021.<\/p>\n\n\n\n<p>Segundo relat\u00f3rio divulgado nesta sexta-feira (24), assinado por Solange Srour, economista-chefe do banco no Brasil, e Lucas Vilela, economista, o ajuste para cima veio na esteira da divulga\u00e7\u00e3o do \u00cdndice Nacional de Pre\u00e7os ao Consumidor Amplo-15 (IPCA-15), que subiu 1,14% neste m\u00eas.<\/p>\n\n\n\n<p>Essa foi a alta mais acentuada para um m\u00eas de setembro desde 1994, in\u00edcio do Plano Real, e o acumulado em 12 meses chegou a 10,05%, alcan\u00e7ando os dois d\u00edgitos pela primeira vez desde 2016.<\/p>\n\n\n\n<p>&#8220;No geral, os resultados de hoje mostram que uma din\u00e2mica de infla\u00e7\u00e3o muito desfavor\u00e1vel est\u00e1 continuando&#8221;, escreveram Srour e Vilela. Eles apontaram press\u00f5es disseminadas entre os setores, n\u00e3o apenas nos pre\u00e7os de bens, mas tamb\u00e9m de servi\u00e7os, com estes apresentando maior demanda e custos mais elevados.<\/p>\n\n\n\n<p>Para 2022, o credor su\u00ed\u00e7o manteve, por ora, proje\u00e7\u00e3o de avan\u00e7o de 5,2% do IPCA, mas disse que os riscos est\u00e3o inclinados para taxa mais alta.<\/p>\n\n\n\n<p>Em rela\u00e7\u00e3o \u00e0 pol\u00edtica monet\u00e1ria, o Credit Suisse continua esperando que a <a href=\"about:blank\" class=\"rank-math-link\">taxa Selic<\/a> encerre 2021 em 8,25% e 2022 em 9,75%, como havia projetado na semana passada. &#8220;Desnecess\u00e1rio dizer, mas os riscos est\u00e3o inclinados para cima&#8221;, afirmaram os especialistas da casa.<\/p>\n\n\n\n<p><strong>Veja tamb\u00e9m<\/strong><\/p>\n\n\n\n<ul class=\"wp-block-list\">\n<li>O que vale mais: 200\u00a0<a href=\"https:\/\/investnews.com.br\/cafeina\/o-que-vale-mais-200-bdrs-apple-ou-1-iphone-de-r-15-mil\/\" target=\"_blank\" rel=\"noreferrer noopener\">BDRs Apple<\/a>\u00a0ou 1\u00a0iPhone\u00a0de R$ 15,5 mil?<\/li>\n\n\n\n<li><a href=\"https:\/\/investnews.com.br\/financas\/quanto-custa-morar-sozinho\/\" target=\"_blank\" rel=\"noreferrer noopener\">Quanto custa morar sozinho<\/a>? Veja o c\u00e1lculo completo e dicas para economizar<\/li>\n\n\n\n<li><a href=\"https:\/\/investnews.com.br\/boletim-investnews\/ultrapar-vai-ganhar-gas-com-mudanca-de-cadeiras\/\" target=\"_blank\" rel=\"noreferrer noopener\">Ultrapar<\/a>\u00a0vai ganhar g\u00e1s com mudan\u00e7a de cadeiras?<\/li>\n\n\n\n<li>Por que a\u00a0<a href=\"https:\/\/investnews.com.br\/web-stories\/por-que-a-selic-sobe\/\" target=\"_blank\" rel=\"noreferrer noopener\">taxa Selic<\/a>\u00a0sobe?<\/li>\n\n\n\n<li>Quem \u00e9 a \u00b4nova\u00a0<a href=\"https:\/\/investnews.com.br\/web-stories\/5-acoes-apontadas-como-nova-magalu\/\" target=\"_blank\" rel=\"noreferrer noopener\">Magalu<\/a>\u00b4: 5 a\u00e7\u00f5es que podem desbancar a varejista<\/li>\n<\/ul>\n","protected":false},"excerpt":{"rendered":"<p>Para 2022, o credor su\u00ed\u00e7o manteve, por ora, proje\u00e7\u00e3o de avan\u00e7o de 5,2% do IPCA, mas disse que os riscos est\u00e3o inclinados para taxa mais alta.<\/p>\n","protected":false},"author":51,"featured_media":277933,"comment_status":"closed","ping_status":"open","sticky":false,"template":"","format":"standard","meta":{"_acf_changed":false,"inline_featured_image":false,"footnotes":""},"categories":[5],"tags":[2163,52,246],"autor-wsj":[],"coauthors":[2425],"class_list":["post-277931","post","type-post","status-publish","format-standard","has-post-thumbnail","hentry","category-economia","tag-credit-suisse","tag-inflacao","tag-ipca"],"acf":[],"amp_enabled":true,"_links":{"self":[{"href":"https:\/\/investnews.com.br\/inv-api\/wp\/v2\/posts\/277931","targetHints":{"allow":["GET"]}}],"collection":[{"href":"https:\/\/investnews.com.br\/inv-api\/wp\/v2\/posts"}],"about":[{"href":"https:\/\/investnews.com.br\/inv-api\/wp\/v2\/types\/post"}],"author":[{"embeddable":true,"href":"https:\/\/investnews.com.br\/inv-api\/wp\/v2\/users\/51"}],"replies":[{"embeddable":true,"href":"https:\/\/investnews.com.br\/inv-api\/wp\/v2\/comments?post=277931"}],"version-history":[{"count":2,"href":"https:\/\/investnews.com.br\/inv-api\/wp\/v2\/posts\/277931\/revisions"}],"predecessor-version":[{"id":768344,"href":"https:\/\/investnews.com.br\/inv-api\/wp\/v2\/posts\/277931\/revisions\/768344"}],"wp:featuredmedia":[{"embeddable":true,"href":"https:\/\/investnews.com.br\/inv-api\/wp\/v2\/media\/277933"}],"wp:attachment":[{"href":"https:\/\/investnews.com.br\/inv-api\/wp\/v2\/media?parent=277931"}],"wp:term":[{"taxonomy":"category","embeddable":true,"href":"https:\/\/investnews.com.br\/inv-api\/wp\/v2\/categories?post=277931"},{"taxonomy":"post_tag","embeddable":true,"href":"https:\/\/investnews.com.br\/inv-api\/wp\/v2\/tags?post=277931"},{"taxonomy":"autor-wsj","embeddable":true,"href":"https:\/\/investnews.com.br\/inv-api\/wp\/v2\/autor-wsj?post=277931"},{"taxonomy":"author","embeddable":true,"href":"https:\/\/investnews.com.br\/inv-api\/wp\/v2\/coauthors?post=277931"}],"curies":[{"name":"wp","href":"https:\/\/api.w.org\/{rel}","templated":true}]}}