{"id":278843,"date":"2021-09-30T08:35:09","date_gmt":"2021-09-30T11:35:09","guid":{"rendered":"https:\/\/investnews.com.br\/?p=278843"},"modified":"2024-06-24T11:08:34","modified_gmt":"2024-06-24T14:08:34","slug":"morning-call-apos-sete-meses-de-altas-setembro-derruba-as-bolsas-globais","status":"publish","type":"post","link":"https:\/\/investnews.com.br\/financas\/morning-call-apos-sete-meses-de-altas-setembro-derruba-as-bolsas-globais\/","title":{"rendered":"Morning Call: ap\u00f3s sete meses de altas, setembro derruba as bolsas globais"},"content":{"rendered":"\n<h2 class=\"wp-block-heading\"><strong>Cen\u00e1rio global e bolsa de valores<\/strong><\/h2>\n\n\n\n<p>Hoje no cen\u00e1rio externo, o banco central americano (Fed) permanece no foco, depois de o presidente da institui\u00e7\u00e3o, Jerome Powell, afirmar que resolver a &#8220;tens\u00e3o&#8221; entre infla\u00e7\u00e3o alta e desemprego ainda elevado \u00e9 a quest\u00e3o mais urgente no momento, um reconhecimento direto de que os dois principais objetivos do banco central norte-americano est\u00e3o em poss\u00edvel conflito. Por\u00e9m, vale destacar que por diversas vezes o Fed deixou claro que a prioridade \u00e9 preservar empregos e recuperar o mercado de trabalho e que para isso toleraria um infla\u00e7\u00e3o acima de 2% ao ano por um tempo.&nbsp;Powell e Yellen v\u00e3o falar aos parlamentares americanos, desta vez, na C\u00e2mara (11h), quando devem refor\u00e7ar a sinaliza\u00e7\u00e3o do tapering para novembro e os apelos para a eleva\u00e7\u00e3o do teto da d\u00edvida dos EUA. Na madrugada, a l\u00edder democrata do Senado, Chuck Schumer, disse que h\u00e1 acordo para evitar o desligamento das atividades do governo por falta de recursos.<\/p>\n\n\n\n<p>As bolsas europeias continuam a se recuperar nesta quinta-feira, ap\u00f3s uma forte corre\u00e7\u00e3o na semana passada, por\u00e9m n\u00e3o ser\u00e1 suficiente para evitar a perda mensal do m\u00eas de setembro, em meio a preocupa\u00e7\u00f5es sobre a desacelera\u00e7\u00e3o da economia global e a infla\u00e7\u00e3o mais alta, com destaque para os \u00faltimos acontecimento na China que v\u00e3o desde a crise energ\u00e9tica at\u00e9 o risco de colapso no mercado imobili\u00e1rio com o caso da Evergrande. O \u00edndice pan-europeu STOXX 600 ganhava 0,16%, a 456 pontos. As a\u00e7\u00f5es de tecnologia que mais sofreram com as vendas do in\u00edcio da semana, lideravam os ganhos no dia, enquanto as mineradoras recuperavam-se de quedas acentuadas alimentadas por preocupa\u00e7\u00f5es com a economia da China. Setores como o imobili\u00e1rio, de sa\u00fade e alimentos e bebidas tamb\u00e9m subiam. O principal \u00edndice europeu de a\u00e7\u00f5es est\u00e1 a caminho de terminar setembro com perdas de 2,8%, ap\u00f3s uma sequ\u00eancia de sete ganhos mensais consecutivos, com uma alta nos rendimentos dos t\u00edtulos do governo afastando os investidores de setores de alto crescimento, como tecnologia, e elevando a busca por a\u00e7\u00f5es banc\u00e1rias e energ\u00e9ticas, pois possuem maior previsibilidade de fluxo de caixa no curto prazo, ou seja, mais seguran\u00e7a.&nbsp;<\/p>\n\n\n\n<p>Futuros: Dow Jones (+ 0,53%), S&amp;P 500 (+ 0,52%), Nasdaq (+ 0,45%);&nbsp;Petr\u00f3leo: Brent a US $ 78,64 (-0,00%); WTI a US $ 75,01 (+ 0,24%);&nbsp;Ouro: + 0,42%, a US $ 1.730,10 a on\u00e7a-troy na Comex;&nbsp;Treasuries: T-note de 10 anos a 1.51590 (de 1.51930) Bolsas na Europa AGORA:&nbsp;Londres (+ 0,35%) a 7.133,00;&nbsp;Frankfurt (+ 0,05%) a 15.372,88;&nbsp;Paris (+ 0,21%) a 6.574,29;&nbsp;Madrid ( + 0,19%) a 8.896,40.<\/p>\n\n\n\n<h2 class=\"wp-block-heading\"><strong>Cen\u00e1rio no Brasil&nbsp;<\/strong><\/h2>\n\n\n\n<p>Aqui, o R\u200brelat\u00f3rio Trimestral de Infla\u00e7\u00e3o&nbsp;abre o dia (8h), tendo como destaque principal como indicador sobre o hiato do produto, que explicariam as discrep\u00e2ncias entre as proje\u00e7\u00f5es de informa\u00e7\u00e3o do&nbsp;\u200bBanco Central\u200b\u200b&nbsp;e do mercado. Campos Neto e Fabio Kanczuk comentam o RTI em coletiva (11h).\u200b \u200bNo \u00faltimo relat\u00f3rio, de junho, a autoridade monet\u00e1ria s\u00f3 havia indicado a estimativa para a atividade neste ano, prevendo um crescimento econ\u00f4mico de 4,6%, o que poder\u00e1 ser agora revisado.\u200b \u200bO mercado tem piorado seguidamente suas estimativas. A mais recente pesquisa Focus realizada pelo BC mostra que para 2022 a perspectiva \u00e9 de uma alta de 1,57% do PIB, ante avan\u00e7o 2% visto h\u00e1 quatro semanas. Para 2021, a proje\u00e7\u00e3o \u00e9 de crescimento de 5,04% do PIB, frente a 5,22% h\u00e1 quatro semanas. J\u00e1 o ministro da Economia, Paulo Guedes, participa \u00e0s 15h da cerim\u00f4nia de apresenta\u00e7\u00e3o do Pavilh\u00e3o do Brasil na Expo 2020 Dubai.<\/p>\n\n\n\n<h2 class=\"wp-block-heading\">\u200b<strong>Ibovespa<\/strong>&nbsp;<\/h2>\n\n\n\n<p>\u200bO&nbsp;Ibovespa devolve\u200bu\u200b&nbsp;parte dos ganhos para o fechamento\u200b de ontem\u200b. Mais cedo, ajudado por not\u00edcias como o super\u00e1vit de R$ 16,7 bilh\u00f5es do setor p\u00fablico consolidado e a gera\u00e7\u00e3o de 372.265 empregos, chegou a tocar os 112 mil pontos\u200b. Portanto, \u200buma bateria de indicadores econ\u00f4micos positivos no Brasil e no exterior fez o investidor tirar momentaneamente de foco temores com a escalada global dos pre\u00e7os de energia, al\u00e9m de receios com China e Estados Unidos, permitindo um respiro do Ibovespa uma dia ap\u00f3s ter atingido a segunda pior marca em 2021.&nbsp;\u200bO IBOV avan\u00e7ou \u200b0,89%, a 111.106,83 pontos\u200b, com volume financeiro\u200b de \u200bR$ 30,6 bi\u200blh\u00f5es\u200b.<\/p>\n\n\n\n<p>Apesar do repique de alta nos \u00faltimos dias, o IBOV entrou em uma tend\u00eancia de baixa no longo prazo ao cruzar abaixo da m\u00e9dia m\u00f3vel de 200 per\u00edodos e formar topos e fundos descendentes, al\u00e9m disso, um movimento de queda no curto prazo j\u00e1 foi consolidado, ap\u00f3s encontrar grandes dificuldades de seguir acima dos 130 mil pontos, em seguida romper abaixo dos 124 mil, 120 mil pontos, por \u00faltimo os 115 mil pontos e segue se afastando abaixo da m\u00e9dia m\u00f3vel curta (21 per\u00edodos).<\/p>\n\n\n\n<figure class=\"wp-block-image size-large\"><img loading=\"lazy\" decoding=\"async\" width=\"1024\" height=\"495\" src=\"https:\/\/media.investnews.com.br\/uploads\/2021\/09\/image-16-1024x495.png\" alt=\"\" class=\"wp-image-278845\" srcset=\"https:\/\/media.investnews.com.br\/uploads\/2021\/09\/image-16-1024x495.png 1024w, https:\/\/media.investnews.com.br\/uploads\/2021\/09\/image-16-300x145.png 300w, https:\/\/media.investnews.com.br\/uploads\/2021\/09\/image-16-768x371.png 768w, https:\/\/media.investnews.com.br\/uploads\/2021\/09\/image-16-1536x743.png 1536w, https:\/\/media.investnews.com.br\/uploads\/2021\/09\/image-16-1256x607.png 1256w, https:\/\/media.investnews.com.br\/uploads\/2021\/09\/image-16-172x83.png 172w, https:\/\/media.investnews.com.br\/uploads\/2021\/09\/image-16-150x73.png 150w, https:\/\/media.investnews.com.br\/uploads\/2021\/09\/image-16.png 1834w\" sizes=\"auto, (max-width: 1024px) 100vw, 1024px\" \/><\/figure>\n\n\n\n<figure class=\"wp-block-table\"><table class=\"\"><tbody><tr><td><strong>\u200bIndicadores econ\u00f4micos e eventos<\/strong><\/td><\/tr><tr><td>\u200bBC publica Relat\u00f3rio Trimestral de Infla\u00e7\u00e3o (8h)<\/td><\/tr><tr><td>IBGE \/ Pnad Cont\u00ednua: Taxa de desemprego do trimestre at\u00e9 julho (9h)<\/td><\/tr><tr><td>EUA \/ Dept\u00ba do Com\u00e9rcio: 3\u00aa estimativa do PIB do 2TRI (9h30)<\/td><\/tr><tr><td>EUA \/ Dpto Trabalho: Pedidos de aux\u00edlio-desemprego da semana at\u00e9 25\/09 (9h30)<\/td><\/tr><tr><td>EUA \/ ISM \/ Chicago: PMI de setembro (10h45)<\/td><\/tr><tr><td>Presidente do BC, Roberto Campos Neto, e diretor de Pol\u00edtica Econ\u00f4mica, Fabio Kanczuk, participam de coletiva do RTI (11h)<\/td><\/tr><tr><td>EUA: Secret\u00e1ria do Tesouro, Janet Yellen, e presidente do Fed, Jerome Powell, testemunham antes do Comit\u00ea de Servi\u00e7os Financeiros da C\u00e2mara (11h)<\/td><\/tr><tr><td>Reuni\u00e3o do Conselho Monet\u00e1rio Nacional (CMN) (15h)<\/td><\/tr><tr><td>M\u00e9xico: BC divulga decis\u00e3o de pol\u00edtica monet\u00e1ria (15h)<\/td><\/tr><tr><td>Col\u00f4mbia: BC divulga decis\u00e3o de pol\u00edtica monet\u00e1ria (15h)<\/td><\/tr><\/tbody><\/table><\/figure>\n","protected":false},"excerpt":{"rendered":"<p>Os principais fatos que podem impactar os mercados hoje e uma breve an\u00e1lise do \u00edndice Bovespa.<\/p>\n","protected":false},"author":25,"featured_media":278850,"comment_status":"closed","ping_status":"open","sticky":false,"template":"","format":"standard","meta":{"_acf_changed":false,"inline_featured_image":false,"footnotes":""},"categories":[4],"tags":[226,1669,722,1357,721],"autor-wsj":[],"coauthors":[1565],"class_list":["post-278843","post","type-post","status-publish","format-standard","has-post-thumbnail","hentry","category-financas","tag-bolsa-de-valores","tag-bolsas-americanas","tag-bolsas-asiaticas","tag-bolsas-de-nova-york","tag-bolsas-europeias"],"acf":[],"amp_enabled":true,"_links":{"self":[{"href":"https:\/\/investnews.com.br\/inv-api\/wp\/v2\/posts\/278843","targetHints":{"allow":["GET"]}}],"collection":[{"href":"https:\/\/investnews.com.br\/inv-api\/wp\/v2\/posts"}],"about":[{"href":"https:\/\/investnews.com.br\/inv-api\/wp\/v2\/types\/post"}],"author":[{"embeddable":true,"href":"https:\/\/investnews.com.br\/inv-api\/wp\/v2\/users\/25"}],"replies":[{"embeddable":true,"href":"https:\/\/investnews.com.br\/inv-api\/wp\/v2\/comments?post=278843"}],"version-history":[{"count":2,"href":"https:\/\/investnews.com.br\/inv-api\/wp\/v2\/posts\/278843\/revisions"}],"predecessor-version":[{"id":278855,"href":"https:\/\/investnews.com.br\/inv-api\/wp\/v2\/posts\/278843\/revisions\/278855"}],"wp:featuredmedia":[{"embeddable":true,"href":"https:\/\/investnews.com.br\/inv-api\/wp\/v2\/media\/278850"}],"wp:attachment":[{"href":"https:\/\/investnews.com.br\/inv-api\/wp\/v2\/media?parent=278843"}],"wp:term":[{"taxonomy":"category","embeddable":true,"href":"https:\/\/investnews.com.br\/inv-api\/wp\/v2\/categories?post=278843"},{"taxonomy":"post_tag","embeddable":true,"href":"https:\/\/investnews.com.br\/inv-api\/wp\/v2\/tags?post=278843"},{"taxonomy":"autor-wsj","embeddable":true,"href":"https:\/\/investnews.com.br\/inv-api\/wp\/v2\/autor-wsj?post=278843"},{"taxonomy":"author","embeddable":true,"href":"https:\/\/investnews.com.br\/inv-api\/wp\/v2\/coauthors?post=278843"}],"curies":[{"name":"wp","href":"https:\/\/api.w.org\/{rel}","templated":true}]}}