{"id":279934,"date":"2021-10-07T05:00:00","date_gmt":"2021-10-07T08:00:00","guid":{"rendered":"https:\/\/investnews.com.br\/?p=279934"},"modified":"2026-03-26T10:03:12","modified_gmt":"2026-03-26T13:03:12","slug":"preco-de-carros-zero-populares","status":"publish","type":"post","link":"https:\/\/investnews.com.br\/financas\/preco-de-carros-zero-populares\/","title":{"rendered":"N\u00e3o \u00e9 s\u00f3 infla\u00e7\u00e3o: por que o pre\u00e7o do carro zero est\u00e1 bem maior que h\u00e1 10 anos"},"content":{"rendered":"\n<p>H\u00e1 20 anos, o consumidor que quisesse comprar o \u201c<strong>carro zero<\/strong>\u201d teria que desembolsar, no m\u00ednimo, R$ 12 mil pelo modelo mais barato na \u00e9poca. J\u00e1 h\u00e1 10 anos, um ve\u00edculo novo n\u00e3o sa\u00eda por menos de R$ 23 mil. Corrigindo pela infla\u00e7\u00e3o, os pre\u00e7os seriam o equivalente a R$ 38 mil e R$ 39 mil em valores de hoje, respectivamente &#8211; insuficiente para comprar o modelo zero mais barato agora, que custa aproximadamente R$ 48 mil.&nbsp;<\/p>\n\n\n\n<p>Em outras palavras: quem quer comprar carro zero hoje precisa de <strong>poder aquisitivo<\/strong> maior que h\u00e1 10 ou 20 anos. Veja o comparativo abaixo:<\/p>\n\n\n\n<figure class=\"wp-block-image size-large\"><img loading=\"lazy\" decoding=\"async\" width=\"750\" height=\"641\" src=\"https:\/\/media.investnews.com.br\/uploads\/2021\/10\/pre\u00e7o-de-carros-populares.png\" alt=\"Pre\u00e7o de carros populares ilustrado com gr\u00e1ficos\" class=\"wp-image-279940\" srcset=\"https:\/\/media.investnews.com.br\/uploads\/2021\/10\/pre\u00e7o-de-carros-populares.png 750w, https:\/\/media.investnews.com.br\/uploads\/2021\/10\/pre\u00e7o-de-carros-populares-300x256.png 300w, https:\/\/media.investnews.com.br\/uploads\/2021\/10\/pre\u00e7o-de-carros-populares-172x147.png 172w, https:\/\/media.investnews.com.br\/uploads\/2021\/10\/pre\u00e7o-de-carros-populares-150x128.png 150w\" sizes=\"auto, (max-width: 750px) 100vw, 750px\" \/><figcaption class=\"wp-element-caption\">Pre\u00e7o de carros populares<\/figcaption><\/figure>\n\n\n\n<p>A acelera\u00e7\u00e3o de pre\u00e7os ganhou for\u00e7a recentemente. E, olhando para o avan\u00e7o do pre\u00e7o de carros nos \u00faltimos meses, \u00e9 poss\u00edvel perceber que o fen\u00f4meno tem forte rela\u00e7\u00e3o com a <strong>pandemia<\/strong> de covid-19.&nbsp;<\/p>\n\n\n\n<p>Segundo dados da Funda\u00e7\u00e3o Get\u00falio Vargas (FGV), os pre\u00e7os dos carros zero vinham desacelerando gradativamente nos anos anteriores \u00e0 pandemia, em um avan\u00e7o abaixo da infla\u00e7\u00e3o medida pelo \u00cdndice de Pre\u00e7os ao Consumidor (IPC). At\u00e9 que, em abril de 2020, os valores de ve\u00edculos novos passaram a subir acima da infla\u00e7\u00e3o e deram in\u00edcio \u00e0 disparada que n\u00e3o perdeu for\u00e7a at\u00e9 agora.&nbsp;<\/p>\n\n\n\n<p>Em 12 meses at\u00e9 setembro de 2021, o pre\u00e7o de carros novos acumula alta de 10,74% &#8211; acima dos 9,19% da infla\u00e7\u00e3o pelo IPC. <\/p>\n\n\n\n<figure class=\"wp-block-image size-large\"><img loading=\"lazy\" decoding=\"async\" width=\"750\" height=\"641\" src=\"https:\/\/media.investnews.com.br\/uploads\/2021\/10\/pre\u00e7o-de-carros-1.png\" alt=\"Pre\u00e7o de carros novos, carros usados e infla\u00e7\u00e3o ilustrado por gr\u00e1ficos\" class=\"wp-image-279944\" srcset=\"https:\/\/media.investnews.com.br\/uploads\/2021\/10\/pre\u00e7o-de-carros-1.png 750w, https:\/\/media.investnews.com.br\/uploads\/2021\/10\/pre\u00e7o-de-carros-1-300x256.png 300w, https:\/\/media.investnews.com.br\/uploads\/2021\/10\/pre\u00e7o-de-carros-1-172x147.png 172w, https:\/\/media.investnews.com.br\/uploads\/2021\/10\/pre\u00e7o-de-carros-1-150x128.png 150w\" sizes=\"auto, (max-width: 750px) 100vw, 750px\" \/><figcaption class=\"wp-element-caption\">Pre\u00e7o de carros novos, carros usados e infla\u00e7\u00e3o<\/figcaption><\/figure>\n\n\n\n<h2 class=\"wp-block-heading\"><strong>Quanto custa um carro popular hoje?<\/strong><\/h2>\n\n\n\n<p>Um modelo de entrada hoje custa mais caro que h\u00e1 10 ou 20 anos &#8211; e h\u00e1 quem diga at\u00e9 que <a href=\"https:\/\/investnews.com.br\/colunistas\/primeira-marcha\/os-carros-populares-no-brasil-vao-acabar\/\" class=\"rank-math-link\">o conceito de \u201ccarro popular\u201d est\u00e1 perto do fim<\/a>, j\u00e1 que n\u00e3o h\u00e1 ve\u00edculos t\u00e3o baratos dispon\u00edveis no mercado como havia h\u00e1 alguns anos.<\/p>\n\n\n\n<p>Segundo um levantamento feito pelo site especializado <strong>Primeira Marcha<\/strong>, o modelo zero mais barato em 2001 era o Fiat Uno, que custava na \u00e9poca cerca de R$ 12 mil. Corrigindo esse valor pela infla\u00e7\u00e3o medida pelo \u00cdndice de Pre\u00e7os ao Consumidor Amplo (<a href=\"https:\/\/investnews.com.br\/guias\/o-que-e-ipca\/\">IPCA<\/a>), o carro valia cerca de R$ 38 mil em valores de hoje. Em 2011, o ve\u00edculo novo mais em conta era outro modelo do Fiat Uno, que sa\u00eda por cerca de R$ 23 mil &#8211; o que equivale a R$ 39 mil em valores atuais, aproximadamente.<\/p>\n\n\n\n<p>Essas quantias n\u00e3o chegam aos pre\u00e7os mais baixos de carro zero no mercado atualmente (ou, em outras palavras, dos <strong>carros populares mais baratos<\/strong>). Os pre\u00e7os iniciais dos modelos Fiat Mobi e do Renault Kwid ficam perto de R$ 48 mil.<\/p>\n\n\n\n<figure class=\"wp-block-image size-large\"><img loading=\"lazy\" decoding=\"async\" width=\"1024\" height=\"683\" src=\"https:\/\/media.investnews.com.br\/uploads\/2021\/10\/FiatMobiTrekking-medium-1024x683.jpeg\" alt=\"Fiat Mobi vermelho (Foto: Divulga\u00e7\u00e3o)\" class=\"wp-image-279948\" srcset=\"https:\/\/media.investnews.com.br\/uploads\/2021\/10\/FiatMobiTrekking-medium-1024x683.jpeg 1024w, https:\/\/media.investnews.com.br\/uploads\/2021\/10\/FiatMobiTrekking-medium-300x200.jpeg 300w, https:\/\/media.investnews.com.br\/uploads\/2021\/10\/FiatMobiTrekking-medium-768x512.jpeg 768w, https:\/\/media.investnews.com.br\/uploads\/2021\/10\/FiatMobiTrekking-medium-172x115.jpeg 172w, https:\/\/media.investnews.com.br\/uploads\/2021\/10\/FiatMobiTrekking-medium-150x100.jpeg 150w, https:\/\/media.investnews.com.br\/uploads\/2021\/10\/FiatMobiTrekking-medium.jpeg 1200w\" sizes=\"auto, (max-width: 1024px) 100vw, 1024px\" \/><figcaption class=\"wp-element-caption\">Fiat Mobi (Foto: Divulga\u00e7\u00e3o)<\/figcaption><\/figure>\n\n\n\n<h2 class=\"wp-block-heading\"><strong>Por que o pre\u00e7o de carros subiu tanto?<\/strong><\/h2>\n\n\n\n<p>A forte alta dos pre\u00e7os do carro zero nos \u00faltimos meses tem dois grandes culpados. Primeiro, a <strong>alta do d\u00f3lar <\/strong>no come\u00e7o da pandemia encareceu os custos de produ\u00e7\u00e3o. Depois, a <strong>redu\u00e7\u00e3o da oferta <\/strong>mexeu fortemente com o setor de ve\u00edculos.<\/p>\n\n\n\n<p>N\u00e3o \u00e9 novidade que o mercado automotivo no mundo todo enfrenta <a class=\"rank-math-link\" href=\"https:\/\/investnews.com.br\/colunistas\/primeira-marcha\/producao-de-carros-julho\/\">dificuldades para fabricar novos carros<\/a>. A<strong>falta de semicondutores<\/strong> para atender \u00e0 demanda da ind\u00fastria, que tenta se reajustar ap\u00f3s a pandemia, ainda n\u00e3o foi solucionada. Esses itens s\u00e3o respons\u00e1veis pela produ\u00e7\u00e3o de chips para produtos como celulares, computadores e, claro, carros.\u00a0<\/p>\n\n\n\n<h3 class=\"wp-block-heading\"><strong>Olho nos carros usados<\/strong><\/h3>\n\n\n\n<p>Enquanto<strong> faltam carros novos<\/strong> no mercado por causa da <strong>escassez de chips<\/strong>, os consumidores voltaram as aten\u00e7\u00f5es para os produtos dispon\u00edveis: os usados. E essa alta da procura fez os pre\u00e7os dos ve\u00edculos usados dispararem.<\/p>\n\n\n\n<p>Entre 2019 e 2020, os pre\u00e7os dos carros usados passaram quase 1 ano em queda nominal. Agora, acumulam um avan\u00e7o de 8,1% em 12 meses, segundo a FGV. H\u00e1 inclusive <strong>carros usados sendo vendidos acima do que seria o valor de mercado<\/strong>.&nbsp;O modelo Hyundai Tucson de 2018, por exemplo, terminou setembro sendo comercializado a um valor 33% acima da tabela Fipe, refer\u00eancia do mercado, segundo a plataforma da InstaCarro.&nbsp;<\/p>\n\n\n\n<p>&#8220;Exatamente por causa da escassez de carros novos, o consumidor tem procurado um seminovo ou usado para suprir as suas necessidades. Aqui na InstaCarro percebemos modelos com valoriza\u00e7\u00e3o consider\u00e1vel no \u00faltimo m\u00eas\u201d, disse em nota o CEO e fundador da startup, Luca Cafici.&nbsp;<\/p>\n\n\n\n<h4 class=\"wp-block-heading\"><strong>Veja abaixo os modelos usados mais valorizados, segundo a InstaCarro:<\/strong><\/h4>\n\n\n\n<figure class=\"wp-block-table is-style-stripes\"><table><tbody><tr><td>  <strong> Marca   <\/strong><\/td><td><strong>Modelo  <\/strong> <\/td><td><strong>Ano<\/strong>   <\/td><td class=\"has-text-align-center\" data-align=\"center\"><strong>Varia\u00e7\u00e3o frente \u00e0 tabela Fipe (em %)  <\/strong> <\/td><\/tr><tr><td>\n  HYUNDAI\n  <\/td><td>\n  TUCSON\n  <\/td><td>\n  2018\n  <\/td><td class=\"has-text-align-center\" data-align=\"center\">\n  33,5\n  <\/td><\/tr><tr><td>\n  CHEVROLET\n  <\/td><td>\n  TRACKER\n  <\/td><td>\n  2021\n  <\/td><td class=\"has-text-align-center\" data-align=\"center\">\n  12,88\n  <\/td><\/tr><tr><td>\n  MITSUBISHI\n  <\/td><td>\n  L200\n  TRITON\n  <\/td><td>\n  2018\n  <\/td><td class=\"has-text-align-center\" data-align=\"center\">\n  10,32\n  <\/td><\/tr><tr><td>\n  MERCEDES-BENZ\n  <\/td><td>\n  GLA\n  250\n  <\/td><td>\n  2015\n  <\/td><td class=\"has-text-align-center\" data-align=\"center\">\n  9,58\n  <\/td><\/tr><tr><td>\n  VOLKSWAGEN\n  <\/td><td>\n  FOX\n  <\/td><td>\n  2022\n  <\/td><td class=\"has-text-align-center\" data-align=\"center\">\n  8,74\n  <\/td><\/tr><tr><td>\n  FIAT\n  <\/td><td>\n  MAREA\n  <\/td><td>\n  2002\n  <\/td><td class=\"has-text-align-center\" data-align=\"center\">\n  8,58\n  <\/td><\/tr><tr><td>\n  VOLKSWAGEN\n  <\/td><td>\n  SAVEIRO\n  <\/td><td>\n  2015\n  <\/td><td class=\"has-text-align-center\" data-align=\"center\">\n  8,03\n  <\/td><\/tr><tr><td>\n  VOLKSWAGEN\n  <\/td><td>\n  POLO\n  <\/td><td>\n  2020\n  <\/td><td class=\"has-text-align-center\" data-align=\"center\">\n  7,9\n  <\/td><\/tr><tr><td>\n  VOLKSWAGEN\n  <\/td><td>\n  CROSS\n  UP\n  <\/td><td>\n  2019\n  <\/td><td class=\"has-text-align-center\" data-align=\"center\">\n  7,52\n  <\/td><\/tr><tr><td>\n  FIAT\n  <\/td><td>\n  STRADA\n  <\/td><td>\n  2021\n  <\/td><td class=\"has-text-align-center\" data-align=\"center\">\n  7,4\n  <\/td><\/tr><\/tbody><\/table><\/figure>\n\n\n\n<h2 class=\"wp-block-heading\"><strong>Populares mais caros: al\u00e9m da pandemia<\/strong><\/h2>\n\n\n\n<p>Mas, a despeito do aumento do pre\u00e7o de carros na pandemia, chama a aten\u00e7\u00e3o o encarecimento dos carros de entrada novos, os chamados \u201ccarros populares zero\u201d, ao longo dos anos.&nbsp;<\/p>\n\n\n\n<p>O coordenador dos cursos da \u00c1rea Automotiva da FGV Educa\u00e7\u00e3o Executiva, Ant\u00f4nio Jorge Martins, aponta que esse fen\u00f4meno ficou ainda mais intenso nos \u00faltimos 2 anos especialmente por uma estrat\u00e9gia das montadoras baseada em 2 pilares: <a href=\"https:\/\/investnews.com.br\/colunistas\/primeira-marcha\/carros-ficam-mais-conectados-com-servicos-de-rastreamento-e-internet-a-bordo\/\" class=\"rank-math-link\">conectividade<\/a> e <a href=\"https:\/\/investnews.com.br\/colunistas\/primeira-marcha\/vendas-disparam-e-brasil-deve-ter-enxurrada-de-hibridos-e-eletricos-em-2021\/\" class=\"rank-math-link\">motoriza\u00e7\u00e3o el\u00e9trica<\/a>.&nbsp;<\/p>\n\n\n\n<p>\u201c\u00c9 onde o setor est\u00e1 investindo de forma mais significativa\u201d, aponta Martins, acrescentando que \u201co que as montadoras mundiais est\u00e3o buscando \u00e9 gera\u00e7\u00e3o de lucro e de caixa\u201d. E, num mercado que est\u00e1 tentando alcan\u00e7ar a realidade de carros el\u00e9tricos e aut\u00f4nomos, modelos mais simples como os carros populares se tornam investimentos menos estrat\u00e9gicos para as empresas, ainda que sejam (a princ\u00edpio) mais baratos. O \u201cxis\u201d da quest\u00e3o ent\u00e3o, explica Martins, \u00e9 &#8220;onde o mercado est\u00e1 querendo chegar\u201d.&nbsp;<\/p>\n\n\n\n<p>H\u00e1 ainda outro ponto importante, segundo <a href=\"https:\/\/investnews.com.br\/colunistas\/primeira-marcha\/os-carros-populares-no-brasil-vao-acabar\/\" class=\"rank-math-link\">coluna do Primeira Marcha<\/a> publicada no <em>InvestNews<\/em>: a constante evolu\u00e7\u00e3o das <strong>legisla\u00e7\u00f5es de seguran\u00e7a<\/strong> e <strong>emiss\u00f5es de poluentes<\/strong>. Para atender \u00e0s exig\u00eancias de incluir airbag e freio ABS em todos os carros fabricados, por exemplo, o processo de produ\u00e7\u00e3o fica mais caro &#8211; assim como o pre\u00e7o final para o consumidor.<\/p>\n\n\n\n<h4 class=\"wp-block-heading\">Veja tamb\u00e9m<\/h4>\n\n\n\n<ul class=\"wp-block-list\">\n<li><a class=\"rank-math-link\" href=\"https:\/\/investnews.com.br\/colunistas\/primeira-marcha\/stellantis-dribla-falta-de-chips-e-domina-ranking-dos-mais-vendidos-em-2021\/\">Stellantis<\/a> dribla falta de chips e domina ranking dos mais vendidos em 2021<\/li>\n\n\n\n<li><a class=\"rank-math-link\" href=\"https:\/\/investnews.com.br\/colunistas\/primeira-marcha\/producao-de-carros-julho\/\">Produ\u00e7\u00e3o de carros<\/a> volta a sofrer com falta de pe\u00e7as e cai em julho<\/li>\n\n\n\n<li>Veja as melhores dicas de\u00a0<a href=\"https:\/\/investnews.com.br\/financas\/como-economizar-dinheiro-passo-a-passo\/\" target=\"_blank\" rel=\"noreferrer noopener\">como economizar dinheiro<\/a><\/li>\n\n\n\n<li>Passo a passo de como criar um\u00a0<a class=\"rank-math-link\" href=\"https:\/\/investnews.com.br\/financas\/planejamento-financeiro-como-criar\/\" target=\"_blank\" rel=\"noreferrer noopener\">planejamento financeiro<\/a>\u00a0do zero<\/li>\n\n\n\n<li>O que \u00e9 a\u00a0<a href=\"https:\/\/investnews.com.br\/guias\/reserva-de-emergencia-como-fazer\/\" target=\"_blank\" rel=\"noreferrer noopener\">reserva de emerg\u00eancia<\/a>\u00a0para que serve e como fazer?<\/li>\n\n\n\n<li><a href=\"https:\/\/investnews.com.br\/financas\/comprar-ou-alugar-imovel\/\" target=\"_blank\" rel=\"noreferrer noopener\">Comprar ou alugar im\u00f3vel<\/a>? Veja como avaliar qual op\u00e7\u00e3o vale mais a pena<\/li>\n<\/ul>\n","protected":false},"excerpt":{"rendered":"<p>Valor do carro popular subiu forte na pandemia, mas estrat\u00e9gia de montadoras tamb\u00e9m influenciou, diz especialista.<\/p>\n","protected":false},"author":31,"featured_media":234026,"comment_status":"closed","ping_status":"open","sticky":false,"template":"","format":"standard","meta":{"_acf_changed":false,"inline_featured_image":false,"footnotes":""},"categories":[4],"tags":[802,297,223,52],"autor-wsj":[],"coauthors":[1908],"class_list":["post-279934","post","type-post","status-publish","format-standard","has-post-thumbnail","hentry","category-financas","tag-automoveis","tag-carros","tag-financas-pessoais","tag-inflacao"],"acf":[],"amp_enabled":true,"_links":{"self":[{"href":"https:\/\/investnews.com.br\/inv-api\/wp\/v2\/posts\/279934","targetHints":{"allow":["GET"]}}],"collection":[{"href":"https:\/\/investnews.com.br\/inv-api\/wp\/v2\/posts"}],"about":[{"href":"https:\/\/investnews.com.br\/inv-api\/wp\/v2\/types\/post"}],"author":[{"embeddable":true,"href":"https:\/\/investnews.com.br\/inv-api\/wp\/v2\/users\/31"}],"replies":[{"embeddable":true,"href":"https:\/\/investnews.com.br\/inv-api\/wp\/v2\/comments?post=279934"}],"version-history":[{"count":16,"href":"https:\/\/investnews.com.br\/inv-api\/wp\/v2\/posts\/279934\/revisions"}],"predecessor-version":[{"id":773783,"href":"https:\/\/investnews.com.br\/inv-api\/wp\/v2\/posts\/279934\/revisions\/773783"}],"wp:featuredmedia":[{"embeddable":true,"href":"https:\/\/investnews.com.br\/inv-api\/wp\/v2\/media\/234026"}],"wp:attachment":[{"href":"https:\/\/investnews.com.br\/inv-api\/wp\/v2\/media?parent=279934"}],"wp:term":[{"taxonomy":"category","embeddable":true,"href":"https:\/\/investnews.com.br\/inv-api\/wp\/v2\/categories?post=279934"},{"taxonomy":"post_tag","embeddable":true,"href":"https:\/\/investnews.com.br\/inv-api\/wp\/v2\/tags?post=279934"},{"taxonomy":"autor-wsj","embeddable":true,"href":"https:\/\/investnews.com.br\/inv-api\/wp\/v2\/autor-wsj?post=279934"},{"taxonomy":"author","embeddable":true,"href":"https:\/\/investnews.com.br\/inv-api\/wp\/v2\/coauthors?post=279934"}],"curies":[{"name":"wp","href":"https:\/\/api.w.org\/{rel}","templated":true}]}}