{"id":280576,"date":"2021-10-07T20:57:57","date_gmt":"2021-10-07T23:57:57","guid":{"rendered":"https:\/\/investnews.com.br\/?p=280576"},"modified":"2024-06-26T11:55:43","modified_gmt":"2024-06-26T14:55:43","slug":"ficou-sabendo-ambev-compra-150-caminhoes-eletricos-o-pulo-da-azul-e-vale","status":"publish","type":"post","link":"https:\/\/investnews.com.br\/economia\/ficou-sabendo-ambev-compra-150-caminhoes-eletricos-o-pulo-da-azul-e-vale\/","title":{"rendered":"Ficou Sabendo? Ambev compra 150 caminh\u00f5es el\u00e9tricos; o pulo da Azul e Vale"},"content":{"rendered":"\n<h2 class=\"wp-block-heading\">Ambev compra 150 caminh\u00f5es el\u00e9tricos <\/h2>\n\n\n\n<p>A fabricante de bebidas Ambev <a aria-label=\"(ABEV3) (opens in a new tab)\" href=\"https:\/\/investnews.com.br\/cotacao\/abev3-ambev\/\" target=\"_blank\" rel=\"noreferrer noopener\" class=\"rank-math-link\">(ABEV3)<\/a> anunciou nesta quinta-feira (7) a compra de 150 caminh\u00f5es el\u00e9tricos da fabricante chinesa JAC Motors.<\/p>\n\n\n\n<p>Segundo comunicado, os ve\u00edculos ser\u00e3o entregues at\u00e9 o fim do ano e se somam a 100 caminh\u00f5es el\u00e9tricos encomendados pela empresa junto \u00e0 Volkswagen. No total, a <strong>frota de caminh\u00f5es el\u00e9tricos da Ambev soma 250 ve\u00edculos<\/strong> em cerca de 20 cidades do pa\u00eds. <\/p>\n\n\n\n<p>As compras fazem parte da meta da Ambev de ter metade da frota dedicada composta por caminh\u00f5es el\u00e9tricos at\u00e9 2025. Para abastecer esses ve\u00edculos, a companhia implantar\u00e1 postos de recarga em alguns de seus centros log\u00edsticos.<\/p>\n\n\n\n<p>Para abastecer os pontos de recarga, a Ambev afirmou que usar\u00e1 100% da eletricidade comprada de fontes renov\u00e1veis. Al\u00e9m disso, planeja reduzir em 25% as emiss\u00f5es de carbono em toda a cadeia at\u00e9 2025.<\/p>\n\n\n\n<h2 class=\"wp-block-heading\">Tr\u00e1fego de passageiros da Azul mais do que dobra em setembro<\/h2>\n\n\n\n<p>A companhia a\u00e9rea Azul <a href=\"https:\/\/investnews.com.br\/cotacao\/azul4-azul\/\" target=\"_blank\" aria-label=\"(AZUL4) (opens in a new tab)\" rel=\"noreferrer noopener\" class=\"rank-math-link\">(AZUL4)<\/a> anunciou nesta quinta-feira que o tr\u00e1fego de passageiros em seus voos em setembro foi 120,1% maior do que um ano antes. Na compara\u00e7\u00e3o com setembro de 2019, quando o pa\u00eds ainda n\u00e3o tinha sido atingido pela pandemia da Covid-19, houve queda de 10,6%.<\/p>\n\n\n\n<p>Considerando apenas os voos dom\u00e9sticos, a demanda por assentos em voos da Azul no m\u00eas passado cresceu 125,6% sobre um ano antes. Sobre setembro de 2019, houve alta de 8,7%.<\/p>\n\n\n\n<p>Nos voos internacionais, a demanda em setembro foi 53,6% maior, mas caiu 78,5% contra o mesmo m\u00eas de 2019.<\/p>\n\n\n\n<p>A <strong>taxa total de ocupa\u00e7\u00e3o de aeronaves em voos da Azul em setembro foi de 79,4%<\/strong>, queda de 0,8 ponto percentual contra um ano antes e de 3,9 pontos ante setembro de 2019.<\/p>\n\n\n\n<h2 class=\"wp-block-heading\">Vale n\u00e3o v\u00ea cis\u00e3o de unidade de metais b\u00e1sicos no curto prazo<\/h2>\n\n\n\n<p>O presidente-executivo da mineradora Vale <a href=\"https:\/\/investnews.com.br\/cotacao\/vale3-vale\/\" target=\"_blank\" aria-label=\"(VALE3) (opens in a new tab)\" rel=\"noreferrer noopener\" class=\"rank-math-link\">(VALE3)<\/a> disse nesta quinta-feira que a empresa n\u00e3o est\u00e1 olhando para um &#8220;spin-off&#8221; (cis\u00e3o) no curto prazo da unidade de metais b\u00e1sicos, e a empresa disse mais tarde que a unidade precisa ser &#8220;transformada&#8221; antes que o plano de longa data possa ser executado.<\/p>\n\n\n\n<p>&#8220;Ainda n\u00e3o estamos falando de uma cis\u00e3o. O problema aqui \u00e9 o tamanho do neg\u00f3cio&#8221;, disse Eduardo Bartolomeo, CEO da Vale durante o Financial Times &#8216;Mining Summit.<\/p>\n\n\n\n<p>Bartolomeo disse que parte do problema \u00e9 o valor do neg\u00f3cio, afirmando que ele gera US$ 3,5 bilh\u00f5es em receita por ano, o que colocaria o valor de venda em &#8220;mais ou menos US$ 25 bilh\u00f5es&#8221;.<\/p>\n\n\n\n<p>Para chegar a uma cis\u00e3o, &#8220;o neg\u00f3cio ainda precisa ser ajustado e transformado, passando por um remodelamento interno, incluindo o crescimento do cobre no Brasil e melhorias em Sudbury (Canad\u00e1)&#8221;, disse a Vale em comunicado ap\u00f3s o evento.<\/p>\n\n\n\n<p>A Vale, uma das maiores produtoras de min\u00e9rio de ferro do mundo, ainda enfrenta as consequ\u00eancias do rompimento de uma barragem em 2019, que matou 270 pessoas na cidade de Brumadinho.<\/p>\n\n\n\n<p><em>*Com informa\u00e7\u00f5es da Reuters <\/em><\/p>\n\n\n\n<p><strong>Veja tamb\u00e9m<\/strong><\/p>\n\n\n\n<ul class=\"wp-block-list\"><li>Como criar uma&nbsp;<a rel=\"noreferrer noopener\" target=\"_blank\" href=\"https:\/\/investnews.com.br\/colunistas\/melhores-livros\/como-criar-uma-cultura-empresarial-de-sucesso\/\">cultura empresarial de sucesso<\/a>?<\/li><li>Tesla, <a href=\"https:\/\/investnews.com.br\/negocios\/historia-da-apple\/\">Apple<\/a>, Moderna: qual&nbsp;<a rel=\"noreferrer noopener\" target=\"_blank\" href=\"https:\/\/investnews.com.br\/cafeina\/tesla-apple-moderna-qual-bdr-e-o-mais-negociado-e-rentavel-da-bolsa\/\">BDR<\/a>&nbsp;\u00e9 o mais negociado (e rent\u00e1vel) da bolsa?<\/li><li>N\u00e3o \u00e9 s\u00f3 infla\u00e7\u00e3o: por que o&nbsp;<a rel=\"noreferrer noopener\" target=\"_blank\" href=\"https:\/\/investnews.com.br\/financas\/preco-de-carros-zero-populares\/\">pre\u00e7o do carro zero<\/a>&nbsp;est\u00e1 bem maior que h\u00e1 10 anos<\/li><li><a rel=\"noreferrer noopener\" target=\"_blank\" href=\"https:\/\/investnews.com.br\/negocios\/bancos-devem-perder-mercado-se-nao-investirem-em-digitalizacao-diz-estudo\/\">Bancos<\/a>&nbsp;devem perder mercado se n\u00e3o investirem em digitaliza\u00e7\u00e3o, diz estudo<\/li><li><a rel=\"noreferrer noopener\" target=\"_blank\" href=\"https:\/\/investnews.com.br\/financas\/mulheres-na-lideranca-do-capital-aberto-ainda-sao-raridade-aponta-b3\/\">Mulheres na lideran\u00e7a<\/a>&nbsp;do capital aberto ainda s\u00e3o raridade, aponta B3<\/li><\/ul>\n","protected":false},"excerpt":{"rendered":"<p>Objetivo da companhia \u00e9 ter metade da sua frota composta por caminh\u00f5es el\u00e9tricos at\u00e9 2025.<\/p>\n","protected":false},"author":7,"featured_media":23234,"comment_status":"closed","ping_status":"open","sticky":false,"template":"","format":"standard","meta":{"_acf_changed":false,"inline_featured_image":false,"footnotes":""},"categories":[5],"tags":[1673,88,208],"autor-wsj":[],"coauthors":[1494],"class_list":["post-280576","post","type-post","status-publish","format-standard","has-post-thumbnail","hentry","category-economia","tag-esg","tag-abev3","tag-vale"],"acf":[],"amp_enabled":true,"_links":{"self":[{"href":"https:\/\/investnews.com.br\/inv-api\/wp\/v2\/posts\/280576","targetHints":{"allow":["GET"]}}],"collection":[{"href":"https:\/\/investnews.com.br\/inv-api\/wp\/v2\/posts"}],"about":[{"href":"https:\/\/investnews.com.br\/inv-api\/wp\/v2\/types\/post"}],"author":[{"embeddable":true,"href":"https:\/\/investnews.com.br\/inv-api\/wp\/v2\/users\/7"}],"replies":[{"embeddable":true,"href":"https:\/\/investnews.com.br\/inv-api\/wp\/v2\/comments?post=280576"}],"version-history":[{"count":2,"href":"https:\/\/investnews.com.br\/inv-api\/wp\/v2\/posts\/280576\/revisions"}],"predecessor-version":[{"id":280586,"href":"https:\/\/investnews.com.br\/inv-api\/wp\/v2\/posts\/280576\/revisions\/280586"}],"wp:featuredmedia":[{"embeddable":true,"href":"https:\/\/investnews.com.br\/inv-api\/wp\/v2\/media\/23234"}],"wp:attachment":[{"href":"https:\/\/investnews.com.br\/inv-api\/wp\/v2\/media?parent=280576"}],"wp:term":[{"taxonomy":"category","embeddable":true,"href":"https:\/\/investnews.com.br\/inv-api\/wp\/v2\/categories?post=280576"},{"taxonomy":"post_tag","embeddable":true,"href":"https:\/\/investnews.com.br\/inv-api\/wp\/v2\/tags?post=280576"},{"taxonomy":"autor-wsj","embeddable":true,"href":"https:\/\/investnews.com.br\/inv-api\/wp\/v2\/autor-wsj?post=280576"},{"taxonomy":"author","embeddable":true,"href":"https:\/\/investnews.com.br\/inv-api\/wp\/v2\/coauthors?post=280576"}],"curies":[{"name":"wp","href":"https:\/\/api.w.org\/{rel}","templated":true}]}}