{"id":28092,"date":"2020-12-17T10:22:25","date_gmt":"2020-12-17T13:22:25","guid":{"rendered":"https:\/\/investnews.com.br\/?p=28092"},"modified":"2020-12-17T10:23:30","modified_gmt":"2020-12-17T13:23:30","slug":"magazine-luiza-muda-sua-estrutura-organizacional","status":"publish","type":"post","link":"https:\/\/investnews.com.br\/negocios\/magazine-luiza-muda-sua-estrutura-organizacional\/","title":{"rendered":"Magazine Luiza muda sua estrutura organizacional"},"content":{"rendered":"\n<p>A varejista Magazine Luiza (<a href=\"https:\/\/investnews.com.br\/cotacao\/mglu3-magazine-luiza\/\" class=\"rank-math-link\">MGLU3<\/a>) fez mudan\u00e7as em sua estrutura organizacional, com a cria\u00e7\u00e3o de tr\u00eas novas vice-presid\u00eancias.<\/p>\n\n\n\n<p><strong>Fabr\u00edcio Garcia<\/strong> vai comandar a vice-presid\u00eancia de Opera\u00e7\u00f5es, respons\u00e1vel pelas lojas f\u00edsicas e pela \u00e1rea de log\u00edstica e distribui\u00e7\u00e3o. Os servi\u00e7os log\u00edsticos passam a ser totalmente integrados com o marketplace da varejista, e as lojas passam a ser pontos de coleta, entrega e expedi\u00e7\u00e3o tamb\u00e9m de produtos dos vendedores cadastrados.<\/p>\n\n\n\n<p><strong>MAIS: <\/strong><a href=\"https:\/\/investnews.com.br\/analise\/magazine-luiza-e-a-principal-novidade-de-outubro-na-carteira-de-acoes-top-10\/\" class=\"rank-math-link\"><strong>Magazine Luiza \u00e9 a principal novidade na carteira de a\u00e7\u00f5es Top 10<\/strong><\/a><\/p>\n\n\n\n<p>A vice-presid\u00eancia de Neg\u00f3cios ter\u00e1 <strong>Eduardo Galanternik<\/strong> \u00e0 frente, e responder\u00e1 pelas \u00e1reas comercial e de marketing de todas as categorias e marcas do Magalu, inclusive todos os canais de vendas. A gest\u00e3o passa a ser feita por categoria, dividida em Bans Dur\u00e1veis e Bens Consumo, com Luiz Rego; Esportes, que inclui a Netshoes, com Julio Trajano; e Moda e Beleza, que inclui Zattini e \u00c9poca Cosm\u00e9ticos, a cargo de Silvia Machado.<\/p>\n\n\n\n<p>Por fim, o Magazine Luiza passa a ter a vice-presid\u00eancia de Plataforma, comandada por <strong>Andr\u00e9 Fatala<\/strong>, que ter\u00e1 como miss\u00e3o construir o sistema operacional do varejo brasileiro, com solu\u00e7\u00f5es tecnol\u00f3gicas para varejistas.<\/p>\n\n\n\n<p>O Magalu ter\u00e1 ainda cinco diretorias executivas e duas diretorias que respondem diretamente ao CEO Frederico Trajano: Marketplace, com <strong>Leandro Soares<\/strong>; Financeiro e Rela\u00e7\u00f5es com Investidores, com <strong>Roberto Bellissimo<\/strong>; Gest\u00e3o de Pessoas, com <strong>Patr\u00edcia Pugas<\/strong>; Administra\u00e7\u00e3o e Controle, com <strong>Maria Isabel Bonfim;<\/strong> Clientes e Integra\u00e7\u00e3o, com <strong>Graciela Kumruian<\/strong>; An\u00e1lise de Dados, com <strong>Fernando Nagano<\/strong>; e Experi\u00eancia do Consumidor, com <strong>Vinicius Porto<\/strong>.<\/p>\n","protected":false},"excerpt":{"rendered":"<p>Varejista anunciou a cria\u00e7\u00e3o de tr\u00eas novas vice-presid\u00eancias.<\/p>\n","protected":false},"author":7,"featured_media":3689,"comment_status":"closed","ping_status":"open","sticky":false,"template":"","format":"standard","meta":{"_acf_changed":false,"inline_featured_image":false,"footnotes":""},"categories":[6],"tags":[190,376],"autor-wsj":[],"coauthors":[1494],"class_list":["post-28092","post","type-post","status-publish","format-standard","has-post-thumbnail","hentry","category-negocios","tag-magazine-luiza","tag-varejo"],"acf":[],"amp_enabled":true,"_links":{"self":[{"href":"https:\/\/investnews.com.br\/inv-api\/wp\/v2\/posts\/28092","targetHints":{"allow":["GET"]}}],"collection":[{"href":"https:\/\/investnews.com.br\/inv-api\/wp\/v2\/posts"}],"about":[{"href":"https:\/\/investnews.com.br\/inv-api\/wp\/v2\/types\/post"}],"author":[{"embeddable":true,"href":"https:\/\/investnews.com.br\/inv-api\/wp\/v2\/users\/7"}],"replies":[{"embeddable":true,"href":"https:\/\/investnews.com.br\/inv-api\/wp\/v2\/comments?post=28092"}],"version-history":[{"count":2,"href":"https:\/\/investnews.com.br\/inv-api\/wp\/v2\/posts\/28092\/revisions"}],"predecessor-version":[{"id":28099,"href":"https:\/\/investnews.com.br\/inv-api\/wp\/v2\/posts\/28092\/revisions\/28099"}],"wp:featuredmedia":[{"embeddable":true,"href":"https:\/\/investnews.com.br\/inv-api\/wp\/v2\/media\/3689"}],"wp:attachment":[{"href":"https:\/\/investnews.com.br\/inv-api\/wp\/v2\/media?parent=28092"}],"wp:term":[{"taxonomy":"category","embeddable":true,"href":"https:\/\/investnews.com.br\/inv-api\/wp\/v2\/categories?post=28092"},{"taxonomy":"post_tag","embeddable":true,"href":"https:\/\/investnews.com.br\/inv-api\/wp\/v2\/tags?post=28092"},{"taxonomy":"autor-wsj","embeddable":true,"href":"https:\/\/investnews.com.br\/inv-api\/wp\/v2\/autor-wsj?post=28092"},{"taxonomy":"author","embeddable":true,"href":"https:\/\/investnews.com.br\/inv-api\/wp\/v2\/coauthors?post=28092"}],"curies":[{"name":"wp","href":"https:\/\/api.w.org\/{rel}","templated":true}]}}